{"id":17898,"date":"2018-03-09T09:06:11","date_gmt":"2018-03-09T09:06:11","guid":{"rendered":"https:\/\/www.deberes.net\/tesis\/sin-categoria\/crecimiento-caracterizacion-optica-y-emision-laser-del-cristal-estequiometrico-k5ndmo044\/"},"modified":"2018-03-09T09:06:11","modified_gmt":"2018-03-09T09:06:11","slug":"crecimiento-caracterizacion-optica-y-emision-laser-del-cristal-estequiometrico-k5ndmo044","status":"publish","type":"post","link":"https:\/\/www.deberes.net\/tesis\/fisica\/crecimiento-caracterizacion-optica-y-emision-laser-del-cristal-estequiometrico-k5ndmo044\/","title":{"rendered":"Crecimiento, caracterizaci\u00f3n \u00f3ptica y emisi\u00f3n l\u00e1ser del cristal estequiom\u00e9trico k5nd(mo04)4"},"content":{"rendered":"<h2>Tesis doctoral de <strong> Guillermo Lobera Temes <\/strong><\/h2>\n<p>Analizadas las posibilidades de nuestro equipo de crecimiento de cristales, por la t\u00e9cnica de czochralski, seleccionamos el k5nd(moo4)4 -knm-, material l\u00e1ser estequiom\u00e9trico por sus caracter\u00edsticas potenciales prometedoras en la construcci\u00f3n de l\u00e1seres miniatura y de la \u00f3ptica integrada.  el an\u00e1lisis conosc\u00f3pico revel\u00f3 que los cristales crecidos son muy homog\u00e9neos y de gran calidad \u00f3ptica. Los resultados espectrosc\u00f3picos del knm muestran la relaci\u00f3n entre las propiedades \u00f3pticas y su estructura.  en los experimentos l\u00e1ser utilizamos una l\u00e1mina de knm, con una de sus caras en \u00e1ngulo de brewster, que fue bombeada transversalmente por un l\u00e1ser de titanio-zafiro pulsado en un resonador casi confocal y conc\u00e9ntrico. obtuvimos emisi\u00f3n estimulada, realizamos medidas espectrosc\u00f3picas y observamos la conversi\u00f3n de energ\u00eda infrarroja en ultravioleta y visible excitando en el infrarrojo a temperaturas baja y ambiente.<\/p>\n<p>&nbsp;<\/p>\n<h3>Datos acad\u00e9micos de la tesis doctoral \u00ab<strong>Crecimiento, caracterizaci\u00f3n \u00f3ptica y emisi\u00f3n l\u00e1ser del cristal estequiom\u00e9trico k5nd(mo04)4<\/strong>\u00ab<\/h3>\n<ul>\n<li><strong>T\u00edtulo de la tesis:<\/strong>\u00a0 Crecimiento, caracterizaci\u00f3n \u00f3ptica y emisi\u00f3n l\u00e1ser del cristal estequiom\u00e9trico k5nd(mo04)4 <\/li>\n<li><strong>Autor:<\/strong>\u00a0 Guillermo Lobera Temes <\/li>\n<li><strong>Universidad:<\/strong>\u00a0 Pa\u00eds vasco\/euskal herriko unibertsitatea<\/li>\n<li><strong>Fecha de lectura de la tesis:<\/strong>\u00a0 28\/06\/2002<\/li>\n<\/ul>\n<p>&nbsp;<\/p>\n<h3>Direcci\u00f3n y tribunal<\/h3>\n<ul>\n<li><strong>Director de la tesis<\/strong>\n<ul>\n<li>Mihail Voda<\/li>\n<\/ul>\n<\/li>\n<li><strong>Tribunal<\/strong>\n<ul>\n<li>Presidente del tribunal: Carlos Santamaria salazar <\/li>\n<li>Jos\u00e9 Rodriguez garcia (vocal)<\/li>\n<li>georges Boulon (vocal)<\/li>\n<li> Villar fern\u00e1ndez Luis m. (vocal)<\/li>\n<\/ul>\n<\/li>\n<\/ul>\n<p>&nbsp;<\/p>\n","protected":false},"excerpt":{"rendered":"<p>Tesis doctoral de Guillermo Lobera Temes Analizadas las posibilidades de nuestro equipo de crecimiento de cristales, por la t\u00e9cnica de [&hellip;]<\/p>\n","protected":false},"author":1,"featured_media":0,"comment_status":"open","ping_status":"open","sticky":false,"template":"","format":"standard","meta":{"site-sidebar-layout":"default","site-content-layout":"","ast-site-content-layout":"","site-content-style":"default","site-sidebar-style":"default","ast-global-header-display":"","ast-banner-title-visibility":"","ast-main-header-display":"","ast-hfb-above-header-display":"","ast-hfb-below-header-display":"","ast-hfb-mobile-header-display":"","site-post-title":"","ast-breadcrumbs-content":"","ast-featured-img":"","footer-sml-layout":"","theme-transparent-header-meta":"","adv-header-id-meta":"","stick-header-meta":"","header-above-stick-meta":"","header-main-stick-meta":"","header-below-stick-meta":"","astra-migrate-meta-layouts":"default","ast-page-background-enabled":"default","ast-page-background-meta":{"desktop":{"background-color":"var(--ast-global-color-4)","background-image":"","background-repeat":"repeat","background-position":"center center","background-size":"auto","background-attachment":"scroll","background-type":"","background-media":"","overlay-type":"","overlay-color":"","overlay-gradient":""},"tablet":{"background-color":"","background-image":"","background-repeat":"repeat","background-position":"center center","background-size":"auto","background-attachment":"scroll","background-type":"","background-media":"","overlay-type":"","overlay-color":"","overlay-gradient":""},"mobile":{"background-color":"","background-image":"","background-repeat":"repeat","background-position":"center center","background-size":"auto","background-attachment":"scroll","background-type":"","background-media":"","overlay-type":"","overlay-color":"","overlay-gradient":""}},"ast-content-background-meta":{"desktop":{"background-color":"var(--ast-global-color-5)","background-image":"","background-repeat":"repeat","background-position":"center center","background-size":"auto","background-attachment":"scroll","background-type":"","background-media":"","overlay-type":"","overlay-color":"","overlay-gradient":""},"tablet":{"background-color":"var(--ast-global-color-5)","background-image":"","background-repeat":"repeat","background-position":"center center","background-size":"auto","background-attachment":"scroll","background-type":"","background-media":"","overlay-type":"","overlay-color":"","overlay-gradient":""},"mobile":{"background-color":"var(--ast-global-color-5)","background-image":"","background-repeat":"repeat","background-position":"center center","background-size":"auto","background-attachment":"scroll","background-type":"","background-media":"","overlay-type":"","overlay-color":"","overlay-gradient":""}},"footnotes":""},"categories":[199,7179,1525,12909],"tags":[9687,55795,55793,33084,55794,28274],"class_list":["post-17898","post","type-post","status-publish","format-standard","hentry","category-fisica","category-laseres","category-optica","category-pais-vasco-euskal-herriko-unibertsitatea","tag-carlos-santamaria-salazar","tag-georges-boulon","tag-guillermo-lobera-temes","tag-jose-rodriguez-garcia","tag-mihail-voda","tag-villar-fernandez-luis-m"],"_links":{"self":[{"href":"https:\/\/www.deberes.net\/tesis\/wp-json\/wp\/v2\/posts\/17898","targetHints":{"allow":["GET"]}}],"collection":[{"href":"https:\/\/www.deberes.net\/tesis\/wp-json\/wp\/v2\/posts"}],"about":[{"href":"https:\/\/www.deberes.net\/tesis\/wp-json\/wp\/v2\/types\/post"}],"author":[{"embeddable":true,"href":"https:\/\/www.deberes.net\/tesis\/wp-json\/wp\/v2\/users\/1"}],"replies":[{"embeddable":true,"href":"https:\/\/www.deberes.net\/tesis\/wp-json\/wp\/v2\/comments?post=17898"}],"version-history":[{"count":0,"href":"https:\/\/www.deberes.net\/tesis\/wp-json\/wp\/v2\/posts\/17898\/revisions"}],"wp:attachment":[{"href":"https:\/\/www.deberes.net\/tesis\/wp-json\/wp\/v2\/media?parent=17898"}],"wp:term":[{"taxonomy":"category","embeddable":true,"href":"https:\/\/www.deberes.net\/tesis\/wp-json\/wp\/v2\/categories?post=17898"},{"taxonomy":"post_tag","embeddable":true,"href":"https:\/\/www.deberes.net\/tesis\/wp-json\/wp\/v2\/tags?post=17898"}],"curies":[{"name":"wp","href":"https:\/\/api.w.org\/{rel}","templated":true}]}}