{"id":17918,"date":"2018-03-09T09:06:14","date_gmt":"2018-03-09T09:06:14","guid":{"rendered":"https:\/\/www.deberes.net\/tesis\/sin-categoria\/fernando-redon-huici-arquitecto\/"},"modified":"2018-03-09T09:06:14","modified_gmt":"2018-03-09T09:06:14","slug":"fernando-redon-huici-arquitecto","status":"publish","type":"post","link":"https:\/\/www.deberes.net\/tesis\/historia\/fernando-redon-huici-arquitecto\/","title":{"rendered":"Fernando redon huici. arquitecto"},"content":{"rendered":"<h2>Tesis doctoral de <strong>  Fern\u00e1ndez Salido Luis Manuel <\/strong><\/h2>\n<p>Fernando red\u00f3n huici (pamplona 1929), es uno de los arquitectos espa\u00f1oles m\u00e1s destacados de su tiempo. Tras titularse en Madrid en 1957, retorna a pamplona donde vive y desempe\u00f1a su labor profesional. A su regreso se encuentra una ciudad ajena a cualquier debate renovador, a la que ofrece todo el potencial de una agenda moderna claramente establecida. Poco despu\u00e9s, durante la primera mitad de los 60, forma con javier guibert uno de los equipos m\u00e1s interesantes del norte de espa\u00f1a. Durante su andadura, red\u00f3n ser\u00e1 sensible a la complejidad y diversidad de las aspiraciones de esos a\u00f1os. Por ello, su confianza en el proyecto moderno se atempera, al descubrir sus contradicciones internas, mediante la revisi\u00f3n org\u00e1nica y la permeabilidad con lo vern\u00e1culo.  por tanto, su obra compone un valioso testimonio del ciclo trazado por la arquitectura espa\u00f1ola, desde que en los 50 recupera con fuerza el pulso de lo moderno, hasta que a medidados de los 70, se apaga con la crisis de la propia modernidad, tras una sugerente serie de revisiones encaminadas a devolver los ideales de las vanguardias a la riqueza y diversidad de la vida. Con ese f\u00edn, red\u00f3n matiza los modelos iniciales en busca de una interpretaci\u00f3n confortable y enraizada de la nueva arquitectura.<\/p>\n<p>&nbsp;<\/p>\n<h3>Datos acad\u00e9micos de la tesis doctoral \u00ab<strong>Fernando redon huici. arquitecto<\/strong>\u00ab<\/h3>\n<ul>\n<li><strong>T\u00edtulo de la tesis:<\/strong>\u00a0 Fernando redon huici. arquitecto <\/li>\n<li><strong>Autor:<\/strong>\u00a0  Fern\u00e1ndez Salido Luis Manuel <\/li>\n<li><strong>Universidad:<\/strong>\u00a0 Navarra<\/li>\n<li><strong>Fecha de lectura de la tesis:<\/strong>\u00a0 28\/06\/2002<\/li>\n<\/ul>\n<p>&nbsp;<\/p>\n<h3>Direcci\u00f3n y tribunal<\/h3>\n<ul>\n<li><strong>Director de la tesis<\/strong>\n<ul>\n<li> Alonso Del Val Miguel Angel<\/li>\n<\/ul>\n<\/li>\n<li><strong>Tribunal<\/strong>\n<ul>\n<li>Presidente del tribunal: Juan  Miguel Ochotorena elizegui <\/li>\n<li>Javier Cenicacelaya mariJuan (vocal)<\/li>\n<li>anton Gonz\u00e1lez capitel (vocal)<\/li>\n<li>rufino Javier Hernandez minguillon (vocal)<\/li>\n<\/ul>\n<\/li>\n<\/ul>\n<p>&nbsp;<\/p>\n","protected":false},"excerpt":{"rendered":"<p>Tesis doctoral de Fern\u00e1ndez Salido Luis Manuel Fernando red\u00f3n huici (pamplona 1929), es uno de los arquitectos espa\u00f1oles m\u00e1s destacados [&hellip;]<\/p>\n","protected":false},"author":1,"featured_media":0,"comment_status":"open","ping_status":"open","sticky":false,"template":"","format":"standard","meta":{"site-sidebar-layout":"default","site-content-layout":"","ast-site-content-layout":"","site-content-style":"default","site-sidebar-style":"default","ast-global-header-display":"","ast-banner-title-visibility":"","ast-main-header-display":"","ast-hfb-above-header-display":"","ast-hfb-below-header-display":"","ast-hfb-mobile-header-display":"","site-post-title":"","ast-breadcrumbs-content":"","ast-featured-img":"","footer-sml-layout":"","theme-transparent-header-meta":"","adv-header-id-meta":"","stick-header-meta":"","header-above-stick-meta":"","header-main-stick-meta":"","header-below-stick-meta":"","astra-migrate-meta-layouts":"default","ast-page-background-enabled":"default","ast-page-background-meta":{"desktop":{"background-color":"var(--ast-global-color-4)","background-image":"","background-repeat":"repeat","background-position":"center center","background-size":"auto","background-attachment":"scroll","background-type":"","background-media":"","overlay-type":"","overlay-color":"","overlay-gradient":""},"tablet":{"background-color":"","background-image":"","background-repeat":"repeat","background-position":"center center","background-size":"auto","background-attachment":"scroll","background-type":"","background-media":"","overlay-type":"","overlay-color":"","overlay-gradient":""},"mobile":{"background-color":"","background-image":"","background-repeat":"repeat","background-position":"center center","background-size":"auto","background-attachment":"scroll","background-type":"","background-media":"","overlay-type":"","overlay-color":"","overlay-gradient":""}},"ast-content-background-meta":{"desktop":{"background-color":"var(--ast-global-color-5)","background-image":"","background-repeat":"repeat","background-position":"center center","background-size":"auto","background-attachment":"scroll","background-type":"","background-media":"","overlay-type":"","overlay-color":"","overlay-gradient":""},"tablet":{"background-color":"var(--ast-global-color-5)","background-image":"","background-repeat":"repeat","background-position":"center center","background-size":"auto","background-attachment":"scroll","background-type":"","background-media":"","overlay-type":"","overlay-color":"","overlay-gradient":""},"mobile":{"background-color":"var(--ast-global-color-5)","background-image":"","background-repeat":"repeat","background-position":"center center","background-size":"auto","background-attachment":"scroll","background-type":"","background-media":"","overlay-type":"","overlay-color":"","overlay-gradient":""}},"footnotes":""},"categories":[4509,954,147,104,1745,222,17749],"tags":[32109,15724,55851,28077,16362,36714],"class_list":["post-17918","post","type-post","status-publish","format-standard","hentry","category-arquitectura","category-biografias","category-ciencias-de-las-artes-y-las-letras","category-historia","category-historia-de-la-arquitectura","category-historias-especializadas","category-navarra","tag-alonso-del-val-miguel-angel","tag-anton-gonzalez-capitel","tag-fernandez-salido-luis-manuel","tag-javier-cenicacelaya-marijuan","tag-juan-miguel-ochotorena-elizegui","tag-rufino-javier-hernandez-minguillon"],"_links":{"self":[{"href":"https:\/\/www.deberes.net\/tesis\/wp-json\/wp\/v2\/posts\/17918","targetHints":{"allow":["GET"]}}],"collection":[{"href":"https:\/\/www.deberes.net\/tesis\/wp-json\/wp\/v2\/posts"}],"about":[{"href":"https:\/\/www.deberes.net\/tesis\/wp-json\/wp\/v2\/types\/post"}],"author":[{"embeddable":true,"href":"https:\/\/www.deberes.net\/tesis\/wp-json\/wp\/v2\/users\/1"}],"replies":[{"embeddable":true,"href":"https:\/\/www.deberes.net\/tesis\/wp-json\/wp\/v2\/comments?post=17918"}],"version-history":[{"count":0,"href":"https:\/\/www.deberes.net\/tesis\/wp-json\/wp\/v2\/posts\/17918\/revisions"}],"wp:attachment":[{"href":"https:\/\/www.deberes.net\/tesis\/wp-json\/wp\/v2\/media?parent=17918"}],"wp:term":[{"taxonomy":"category","embeddable":true,"href":"https:\/\/www.deberes.net\/tesis\/wp-json\/wp\/v2\/categories?post=17918"},{"taxonomy":"post_tag","embeddable":true,"href":"https:\/\/www.deberes.net\/tesis\/wp-json\/wp\/v2\/tags?post=17918"}],"curies":[{"name":"wp","href":"https:\/\/api.w.org\/{rel}","templated":true}]}}