{"id":17930,"date":"2018-03-09T09:06:15","date_gmt":"2018-03-09T09:06:15","guid":{"rendered":"https:\/\/www.deberes.net\/tesis\/sin-categoria\/seguridad-y-salud-en-el-trabajo-y-mandos-intermedios\/"},"modified":"2018-03-09T09:06:15","modified_gmt":"2018-03-09T09:06:15","slug":"seguridad-y-salud-en-el-trabajo-y-mandos-intermedios","status":"publish","type":"post","link":"https:\/\/www.deberes.net\/tesis\/ciencias-juridicas-y-derecho\/seguridad-y-salud-en-el-trabajo-y-mandos-intermedios\/","title":{"rendered":"Seguridad y salud en el trabajo y mandos intermedios"},"content":{"rendered":"<h2>Tesis doctoral de <strong> Ana Isabel Garc\u00eda Salas <\/strong><\/h2>\n<p>Este estudio pretende hacer un recorrido transversal sobre el papel de estos sujetos, una vez que la ley de prevenci\u00f3n de riesgos laborales de 1995, modific\u00f3 su r\u00e9gimen jur\u00eddico en esta materia. Para ello, se analiza previamente la estructura organizativa y funcional en la empresa. Delimitado finalmente a todos aquellos sujetos que, por su condici\u00f3n de delegados del poder de direcci\u00f3n, ejercen funciones t\u00edpicamente empresariales, con una problem\u00e1tica jur\u00eddica similar en esta materia.  abordando la configuraci\u00f3n de las obligaciones previstas, se repasan los referentes legales, reglamentarios y convencionales, hasta llegar al contenido y principios del contrato individual, como fuente principal del acto de delegaci\u00f3n y concreci\u00f3n de deberes, en cuanto a las responsabilidades, se presenta a los mandos como responsables en sede disciplinaria y civil, es incluso penal -en \u00faltima instancia-, destacando su exclusi\u00f3n del \u00e1mbito subjetivo de responsabilidad administrativa regulada por la propia ley de prevenci\u00f3n.<\/p>\n<p>&nbsp;<\/p>\n<h3>Datos acad\u00e9micos de la tesis doctoral \u00ab<strong>Seguridad y salud en el trabajo y mandos intermedios<\/strong>\u00ab<\/h3>\n<ul>\n<li><strong>T\u00edtulo de la tesis:<\/strong>\u00a0 Seguridad y salud en el trabajo y mandos intermedios <\/li>\n<li><strong>Autor:<\/strong>\u00a0 Ana Isabel Garc\u00eda Salas <\/li>\n<li><strong>Universidad:<\/strong>\u00a0 Huelva<\/li>\n<li><strong>Fecha de lectura de la tesis:<\/strong>\u00a0 28\/06\/2002<\/li>\n<\/ul>\n<p>&nbsp;<\/p>\n<h3>Direcci\u00f3n y tribunal<\/h3>\n<ul>\n<li><strong>Director de la tesis<\/strong>\n<ul>\n<li> Fern\u00e1ndez L\u00f3pez M. Fernanda<\/li>\n<\/ul>\n<\/li>\n<li><strong>Tribunal<\/strong>\n<ul>\n<li>Presidente del tribunal: Miguel Rodriguez pi\u00f1ero bravo ferrer <\/li>\n<li>Juan Rivero (vocal)<\/li>\n<li>alfredo Montoya melgar (vocal)<\/li>\n<li>Santiago Gonzalez ortega (vocal)<\/li>\n<\/ul>\n<\/li>\n<\/ul>\n<p>&nbsp;<\/p>\n","protected":false},"excerpt":{"rendered":"<p>Tesis doctoral de Ana Isabel Garc\u00eda Salas Este estudio pretende hacer un recorrido transversal sobre el papel de estos sujetos, [&hellip;]<\/p>\n","protected":false},"author":1,"featured_media":0,"comment_status":"open","ping_status":"open","sticky":false,"template":"","format":"standard","meta":{"site-sidebar-layout":"default","site-content-layout":"","ast-site-content-layout":"","site-content-style":"default","site-sidebar-style":"default","ast-global-header-display":"","ast-banner-title-visibility":"","ast-main-header-display":"","ast-hfb-above-header-display":"","ast-hfb-below-header-display":"","ast-hfb-mobile-header-display":"","site-post-title":"","ast-breadcrumbs-content":"","ast-featured-img":"","footer-sml-layout":"","theme-transparent-header-meta":"","adv-header-id-meta":"","stick-header-meta":"","header-above-stick-meta":"","header-main-stick-meta":"","header-below-stick-meta":"","astra-migrate-meta-layouts":"default","ast-page-background-enabled":"default","ast-page-background-meta":{"desktop":{"background-color":"var(--ast-global-color-4)","background-image":"","background-repeat":"repeat","background-position":"center center","background-size":"auto","background-attachment":"scroll","background-type":"","background-media":"","overlay-type":"","overlay-color":"","overlay-gradient":""},"tablet":{"background-color":"","background-image":"","background-repeat":"repeat","background-position":"center center","background-size":"auto","background-attachment":"scroll","background-type":"","background-media":"","overlay-type":"","overlay-color":"","overlay-gradient":""},"mobile":{"background-color":"","background-image":"","background-repeat":"repeat","background-position":"center center","background-size":"auto","background-attachment":"scroll","background-type":"","background-media":"","overlay-type":"","overlay-color":"","overlay-gradient":""}},"ast-content-background-meta":{"desktop":{"background-color":"var(--ast-global-color-5)","background-image":"","background-repeat":"repeat","background-position":"center center","background-size":"auto","background-attachment":"scroll","background-type":"","background-media":"","overlay-type":"","overlay-color":"","overlay-gradient":""},"tablet":{"background-color":"var(--ast-global-color-5)","background-image":"","background-repeat":"repeat","background-position":"center center","background-size":"auto","background-attachment":"scroll","background-type":"","background-media":"","overlay-type":"","overlay-color":"","overlay-gradient":""},"mobile":{"background-color":"var(--ast-global-color-5)","background-image":"","background-repeat":"repeat","background-position":"center center","background-size":"auto","background-attachment":"scroll","background-type":"","background-media":"","overlay-type":"","overlay-color":"","overlay-gradient":""}},"footnotes":""},"categories":[612,2170,979,18975],"tags":[5169,55886,18487,55887,3701,22763],"class_list":["post-17930","post","type-post","status-publish","format-standard","hentry","category-ciencias-juridicas-y-derecho","category-derecho-del-trabajo-y-de-la-seguridad-social","category-derecho-y-legislacion-nacionales","category-huelva","tag-alfredo-montoya-melgar","tag-ana-isabel-garcia-salas","tag-fernandez-lopez-m-fernanda","tag-juan-rivero","tag-miguel-rodriguez-pinero-bravo-ferrer","tag-santiago-gonzalez-ortega"],"_links":{"self":[{"href":"https:\/\/www.deberes.net\/tesis\/wp-json\/wp\/v2\/posts\/17930","targetHints":{"allow":["GET"]}}],"collection":[{"href":"https:\/\/www.deberes.net\/tesis\/wp-json\/wp\/v2\/posts"}],"about":[{"href":"https:\/\/www.deberes.net\/tesis\/wp-json\/wp\/v2\/types\/post"}],"author":[{"embeddable":true,"href":"https:\/\/www.deberes.net\/tesis\/wp-json\/wp\/v2\/users\/1"}],"replies":[{"embeddable":true,"href":"https:\/\/www.deberes.net\/tesis\/wp-json\/wp\/v2\/comments?post=17930"}],"version-history":[{"count":0,"href":"https:\/\/www.deberes.net\/tesis\/wp-json\/wp\/v2\/posts\/17930\/revisions"}],"wp:attachment":[{"href":"https:\/\/www.deberes.net\/tesis\/wp-json\/wp\/v2\/media?parent=17930"}],"wp:term":[{"taxonomy":"category","embeddable":true,"href":"https:\/\/www.deberes.net\/tesis\/wp-json\/wp\/v2\/categories?post=17930"},{"taxonomy":"post_tag","embeddable":true,"href":"https:\/\/www.deberes.net\/tesis\/wp-json\/wp\/v2\/tags?post=17930"}],"curies":[{"name":"wp","href":"https:\/\/api.w.org\/{rel}","templated":true}]}}