{"id":17934,"date":"2018-03-09T09:06:15","date_gmt":"2018-03-09T09:06:15","guid":{"rendered":"https:\/\/www.deberes.net\/tesis\/sin-categoria\/iconografia-inmaculista-en-la-cultura-arta%c2%adstica-quitena-de-la-epoca-virreinal\/"},"modified":"2018-03-09T09:06:15","modified_gmt":"2018-03-09T09:06:15","slug":"iconografia-inmaculista-en-la-cultura-arta%c2%adstica-quitena-de-la-epoca-virreinal","status":"publish","type":"post","link":"https:\/\/www.deberes.net\/tesis\/historia\/iconografia-inmaculista-en-la-cultura-arta%c2%adstica-quitena-de-la-epoca-virreinal\/","title":{"rendered":"Iconografia inmaculista en la cultura art\u00edstica quite\u00f1a de la epoca virreinal"},"content":{"rendered":"<h2>Tesis doctoral de <strong> Adriana Pacheco Bustillos <\/strong><\/h2>\n<p>La tesis supone una relevante aportaci\u00f3n al conocimiento del arte quite\u00f1o en la \u00e9poca virreinal, desde la que se abre a la doctoranda un perfil campo de investigaci\u00f3n iconogr\u00e1fica en torno al arte religioso del quito colonial.  el trabajo se plantea desde un profundo conocimiento de aquella sugestiva \u00e9poca, bajo la \u00f3ptica de un riguroso organigrama metodol\u00f3gico y con el necesario soporte de un importante elenco bibliogr\u00e1fico y documental.<\/p>\n<p>&nbsp;<\/p>\n<h3>Datos acad\u00e9micos de la tesis doctoral \u00ab<strong>Iconografia inmaculista en la cultura art\u00edstica quite\u00f1a de la epoca virreinal<\/strong>\u00ab<\/h3>\n<ul>\n<li><strong>T\u00edtulo de la tesis:<\/strong>\u00a0 Iconografia inmaculista en la cultura art\u00edstica quite\u00f1a de la epoca virreinal <\/li>\n<li><strong>Autor:<\/strong>\u00a0 Adriana Pacheco Bustillos <\/li>\n<li><strong>Universidad:<\/strong>\u00a0 Granada<\/li>\n<li><strong>Fecha de lectura de la tesis:<\/strong>\u00a0 29\/06\/2002<\/li>\n<\/ul>\n<p>&nbsp;<\/p>\n<h3>Direcci\u00f3n y tribunal<\/h3>\n<ul>\n<li><strong>Director de la tesis<\/strong>\n<ul>\n<li>Rafael L\u00f3pez Guzm\u00e1n<\/li>\n<\/ul>\n<\/li>\n<li><strong>Tribunal<\/strong>\n<ul>\n<li>Presidente del tribunal: ignacio Henares cu\u00e9llar <\/li>\n<li>Miguel angel Castillo oreja (vocal)<\/li>\n<li>alfredo Morales Martinez (vocal)<\/li>\n<li> Mart\u00ednez medina Francisco Javier (vocal)<\/li>\n<\/ul>\n<\/li>\n<\/ul>\n<p>&nbsp;<\/p>\n","protected":false},"excerpt":{"rendered":"<p>Tesis doctoral de Adriana Pacheco Bustillos La tesis supone una relevante aportaci\u00f3n al conocimiento del arte quite\u00f1o en la \u00e9poca [&hellip;]<\/p>\n","protected":false},"author":1,"featured_media":0,"comment_status":"open","ping_status":"open","sticky":false,"template":"","format":"standard","meta":{"site-sidebar-layout":"default","site-content-layout":"","ast-site-content-layout":"","site-content-style":"default","site-sidebar-style":"default","ast-global-header-display":"","ast-banner-title-visibility":"","ast-main-header-display":"","ast-hfb-above-header-display":"","ast-hfb-below-header-display":"","ast-hfb-mobile-header-display":"","site-post-title":"","ast-breadcrumbs-content":"","ast-featured-img":"","footer-sml-layout":"","theme-transparent-header-meta":"","adv-header-id-meta":"","stick-header-meta":"","header-above-stick-meta":"","header-main-stick-meta":"","header-below-stick-meta":"","astra-migrate-meta-layouts":"default","ast-page-background-enabled":"default","ast-page-background-meta":{"desktop":{"background-color":"var(--ast-global-color-4)","background-image":"","background-repeat":"repeat","background-position":"center center","background-size":"auto","background-attachment":"scroll","background-type":"","background-media":"","overlay-type":"","overlay-color":"","overlay-gradient":""},"tablet":{"background-color":"","background-image":"","background-repeat":"repeat","background-position":"center center","background-size":"auto","background-attachment":"scroll","background-type":"","background-media":"","overlay-type":"","overlay-color":"","overlay-gradient":""},"mobile":{"background-color":"","background-image":"","background-repeat":"repeat","background-position":"center center","background-size":"auto","background-attachment":"scroll","background-type":"","background-media":"","overlay-type":"","overlay-color":"","overlay-gradient":""}},"ast-content-background-meta":{"desktop":{"background-color":"var(--ast-global-color-5)","background-image":"","background-repeat":"repeat","background-position":"center center","background-size":"auto","background-attachment":"scroll","background-type":"","background-media":"","overlay-type":"","overlay-color":"","overlay-gradient":""},"tablet":{"background-color":"var(--ast-global-color-5)","background-image":"","background-repeat":"repeat","background-position":"center center","background-size":"auto","background-attachment":"scroll","background-type":"","background-media":"","overlay-type":"","overlay-color":"","overlay-gradient":""},"mobile":{"background-color":"var(--ast-global-color-5)","background-image":"","background-repeat":"repeat","background-position":"center center","background-size":"auto","background-attachment":"scroll","background-type":"","background-media":"","overlay-type":"","overlay-color":"","overlay-gradient":""}},"footnotes":""},"categories":[1624,104,1014,222,2073],"tags":[55896,3684,2566,55897,17197,21892],"class_list":["post-17934","post","type-post","status-publish","format-standard","hentry","category-ciencias-auxiliares-de-la-historia","category-historia","category-historia-del-arte","category-historias-especializadas","category-iconografia","tag-adriana-pacheco-bustillos","tag-alfredo-morales-Martinez","tag-ignacio-henares-cuellar","tag-Martinez-medina-francisco-javier","tag-miguel-angel-castillo-oreja","tag-rafael-lopez-guzman"],"_links":{"self":[{"href":"https:\/\/www.deberes.net\/tesis\/wp-json\/wp\/v2\/posts\/17934","targetHints":{"allow":["GET"]}}],"collection":[{"href":"https:\/\/www.deberes.net\/tesis\/wp-json\/wp\/v2\/posts"}],"about":[{"href":"https:\/\/www.deberes.net\/tesis\/wp-json\/wp\/v2\/types\/post"}],"author":[{"embeddable":true,"href":"https:\/\/www.deberes.net\/tesis\/wp-json\/wp\/v2\/users\/1"}],"replies":[{"embeddable":true,"href":"https:\/\/www.deberes.net\/tesis\/wp-json\/wp\/v2\/comments?post=17934"}],"version-history":[{"count":0,"href":"https:\/\/www.deberes.net\/tesis\/wp-json\/wp\/v2\/posts\/17934\/revisions"}],"wp:attachment":[{"href":"https:\/\/www.deberes.net\/tesis\/wp-json\/wp\/v2\/media?parent=17934"}],"wp:term":[{"taxonomy":"category","embeddable":true,"href":"https:\/\/www.deberes.net\/tesis\/wp-json\/wp\/v2\/categories?post=17934"},{"taxonomy":"post_tag","embeddable":true,"href":"https:\/\/www.deberes.net\/tesis\/wp-json\/wp\/v2\/tags?post=17934"}],"curies":[{"name":"wp","href":"https:\/\/api.w.org\/{rel}","templated":true}]}}