{"id":17954,"date":"2002-01-07T00:00:00","date_gmt":"2002-01-07T00:00:00","guid":{"rendered":"https:\/\/www.deberes.net\/tesis\/sin-categoria\/obra-periodistica-de-jose-trapero-pardo-estudio\/"},"modified":"2002-01-07T00:00:00","modified_gmt":"2002-01-07T00:00:00","slug":"obra-periodistica-de-jose-trapero-pardo-estudio","status":"publish","type":"post","link":"https:\/\/www.deberes.net\/tesis\/ciencia-politica\/obra-periodistica-de-jose-trapero-pardo-estudio\/","title":{"rendered":"Obra periodistica de jose trapero pardo (estudio)"},"content":{"rendered":"<h2>Tesis doctoral de <strong>  Rodr\u00edguez Rivas Ana M. <\/strong><\/h2>\n<p>La obra period\u00edstica del lucense jos\u00e9 trapero pardo (1900-1995) abarca todo el siglo xx atravesando todos los reg\u00edmenes pol\u00edticos que vivi\u00f3 en espa\u00f1a desde la restauraci\u00f3n hasta la democracia. Desde su inicio profesional en 1924 hasta su muerte, trapero pardo dirigi\u00f3 varias publicaciones y colabor\u00f3 en varias emisoras de radio, que se presentan en esta tesis seg\u00fan la incorporaci\u00f3n cronol\u00f3gica del periodista a estos medios.  con el fin de contextualizar su obra, se presenta tambi\u00e9n un recorrido hist\u00f3rico y period\u00edstico de las publicaciones espa\u00f1olas, gallegas y lucenses de todo el per\u00edodo, que se inicia en 1800 con la aparici\u00f3n del primer peri\u00f3dico gallego. De este modo se ve la evoluci\u00f3n de la prensa y de las condiciones sociales, pol\u00edticas y jur\u00eddicas que vive el peri\u00f3dismo de la \u00e9poca.  sin embargo, el aut\u00e9ntico objeto de este estudio son las publicaciones en las que trapero pardo trabaj\u00f3, y dentro de \u00e9stas, son sus mensajes period\u00edsticos el tema principal de esta tesis. De este modo, los art\u00edculos del period\u00edstica sirven como ejemplo de los diferentes g\u00e9neros que caracterizan al periodismo del siglo xx predemocr\u00e1tico. Un an\u00e1lisis del contenido de estos mensajes sirven de t\u00e9rmino a cada cap\u00edtulo dedicado a una publicaci\u00f3n diferente.<\/p>\n<p>&nbsp;<\/p>\n<h3>Datos acad\u00e9micos de la tesis doctoral \u00ab<strong>Obra periodistica de jose trapero pardo (estudio)<\/strong>\u00ab<\/h3>\n<ul>\n<li><strong>T\u00edtulo de la tesis:<\/strong>\u00a0 Obra periodistica de jose trapero pardo (estudio) <\/li>\n<li><strong>Autor:<\/strong>\u00a0  Rodr\u00edguez Rivas Ana M. <\/li>\n<li><strong>Universidad:<\/strong>\u00a0 Complutense de Madrid<\/li>\n<li><strong>Fecha de lectura de la tesis:<\/strong>\u00a0 01\/07\/2002<\/li>\n<\/ul>\n<p>&nbsp;<\/p>\n<h3>Direcci\u00f3n y tribunal<\/h3>\n<ul>\n<li><strong>Director de la tesis<\/strong>\n<ul>\n<li>Luisa Santamaria Suarez<\/li>\n<\/ul>\n<\/li>\n<li><strong>Tribunal<\/strong>\n<ul>\n<li>Presidente del tribunal: Jos\u00e9 Luis Martinez albertos <\/li>\n<li>Jos\u00e9 Mar\u00eda Sanmart\u00ed roset (vocal)<\/li>\n<li>Juan Cantavella blasco (vocal)<\/li>\n<li>gabriel Gald\u00f3n p\u00e9rez (vocal)<\/li>\n<\/ul>\n<\/li>\n<\/ul>\n<p>&nbsp;<\/p>\n","protected":false},"excerpt":{"rendered":"<p>Tesis doctoral de Rodr\u00edguez Rivas Ana M. La obra period\u00edstica del lucense jos\u00e9 trapero pardo (1900-1995) abarca todo el siglo [&hellip;]<\/p>\n","protected":false},"author":1,"featured_media":0,"comment_status":"open","ping_status":"open","sticky":false,"template":"","format":"standard","meta":{"site-sidebar-layout":"default","site-content-layout":"","ast-site-content-layout":"","site-content-style":"default","site-sidebar-style":"default","ast-global-header-display":"","ast-banner-title-visibility":"","ast-main-header-display":"","ast-hfb-above-header-display":"","ast-hfb-below-header-display":"","ast-hfb-mobile-header-display":"","site-post-title":"","ast-breadcrumbs-content":"","ast-featured-img":"","footer-sml-layout":"","theme-transparent-header-meta":"","adv-header-id-meta":"","stick-header-meta":"","header-above-stick-meta":"","header-main-stick-meta":"","header-below-stick-meta":"","astra-migrate-meta-layouts":"default","ast-page-background-enabled":"default","ast-page-background-meta":{"desktop":{"background-color":"var(--ast-global-color-4)","background-image":"","background-repeat":"repeat","background-position":"center center","background-size":"auto","background-attachment":"scroll","background-type":"","background-media":"","overlay-type":"","overlay-color":"","overlay-gradient":""},"tablet":{"background-color":"","background-image":"","background-repeat":"repeat","background-position":"center center","background-size":"auto","background-attachment":"scroll","background-type":"","background-media":"","overlay-type":"","overlay-color":"","overlay-gradient":""},"mobile":{"background-color":"","background-image":"","background-repeat":"repeat","background-position":"center center","background-size":"auto","background-attachment":"scroll","background-type":"","background-media":"","overlay-type":"","overlay-color":"","overlay-gradient":""}},"ast-content-background-meta":{"desktop":{"background-color":"var(--ast-global-color-5)","background-image":"","background-repeat":"repeat","background-position":"center center","background-size":"auto","background-attachment":"scroll","background-type":"","background-media":"","overlay-type":"","overlay-color":"","overlay-gradient":""},"tablet":{"background-color":"var(--ast-global-color-5)","background-image":"","background-repeat":"repeat","background-position":"center center","background-size":"auto","background-attachment":"scroll","background-type":"","background-media":"","overlay-type":"","overlay-color":"","overlay-gradient":""},"mobile":{"background-color":"var(--ast-global-color-5)","background-image":"","background-repeat":"repeat","background-position":"center center","background-size":"auto","background-attachment":"scroll","background-type":"","background-media":"","overlay-type":"","overlay-color":"","overlay-gradient":""}},"footnotes":""},"categories":[838,4840,4841],"tags":[55948,5208,55947,5207,5209,55946],"class_list":["post-17954","post","type-post","status-publish","format-standard","hentry","category-ciencia-politica","category-opinion-publica","category-prensa","tag-gabriel-galdon-perez","tag-jose-luis-Martinez-albertos","tag-jose-maria-sanmarti-roset","tag-juan-cantavella-blasco","tag-luisa-santamaria-suarez","tag-rodriguez-rivas-ana-m"],"_links":{"self":[{"href":"https:\/\/www.deberes.net\/tesis\/wp-json\/wp\/v2\/posts\/17954","targetHints":{"allow":["GET"]}}],"collection":[{"href":"https:\/\/www.deberes.net\/tesis\/wp-json\/wp\/v2\/posts"}],"about":[{"href":"https:\/\/www.deberes.net\/tesis\/wp-json\/wp\/v2\/types\/post"}],"author":[{"embeddable":true,"href":"https:\/\/www.deberes.net\/tesis\/wp-json\/wp\/v2\/users\/1"}],"replies":[{"embeddable":true,"href":"https:\/\/www.deberes.net\/tesis\/wp-json\/wp\/v2\/comments?post=17954"}],"version-history":[{"count":0,"href":"https:\/\/www.deberes.net\/tesis\/wp-json\/wp\/v2\/posts\/17954\/revisions"}],"wp:attachment":[{"href":"https:\/\/www.deberes.net\/tesis\/wp-json\/wp\/v2\/media?parent=17954"}],"wp:term":[{"taxonomy":"category","embeddable":true,"href":"https:\/\/www.deberes.net\/tesis\/wp-json\/wp\/v2\/categories?post=17954"},{"taxonomy":"post_tag","embeddable":true,"href":"https:\/\/www.deberes.net\/tesis\/wp-json\/wp\/v2\/tags?post=17954"}],"curies":[{"name":"wp","href":"https:\/\/api.w.org\/{rel}","templated":true}]}}