{"id":17982,"date":"2002-01-07T00:00:00","date_gmt":"2002-01-07T00:00:00","guid":{"rendered":"https:\/\/www.deberes.net\/tesis\/sin-categoria\/las-funciones-del-convenio-colectivo-una-perspectiva-dinamica\/"},"modified":"2002-01-07T00:00:00","modified_gmt":"2002-01-07T00:00:00","slug":"las-funciones-del-convenio-colectivo-una-perspectiva-dinamica","status":"publish","type":"post","link":"https:\/\/www.deberes.net\/tesis\/ciencias-economicas\/las-funciones-del-convenio-colectivo-una-perspectiva-dinamica\/","title":{"rendered":"Las funciones del convenio colectivo. una perspectiva din\u00e1mica"},"content":{"rendered":"<h2>Tesis doctoral de <strong> Gregorio Granados De La Hoz <\/strong><\/h2>\n<p>La tesis doctoral de d. Gregorio granados de la hoz puede sintetizarse en el estudio de la evoluci\u00f3n de los contenidos de los convenios colectivos, centrado en tres per\u00edodos sucesivos y concatenados:  1,- \u00abincubaci\u00f3n\u00bb: per\u00edodo comprendido entre 1.965 y 1.980  2,- \u00abaparici\u00f3n\u00bb: desde 1.980 a 1.990  3,- \u00abconsolidaci\u00f3n\u00bb, desde 1.990  cada uno de los tres per\u00edodos est\u00e1 estructurado en tres partes:  a,- la que denomina \u00abescenario\u00bb, que es el espacio normativo, social y pol\u00edtico en el que se desarrolla cada per\u00edodo.  b,- los \u00abactores\u00bb, o agentes sociales que dinamizan el proceso de elaboraci\u00f3n de los convenios colectivos, y su forma organizativa.  c,- \u00abla obra\u00bb, o contenido, que son los instrumentos dedicados a regular los acuerdos entre los agentes sociales.  la conclusi\u00f3n, en s\u00edntesis, es que los cambios globales de las econom\u00edas industriales, alterando los esquemas keynesianos, han influido notablemente en los esquemas cl\u00e1sicos de la negociaci\u00f3n colectiva, respecto de las tres cuestiones inicialmente planteadas: respecto a los cambios sociales, a los agentes sociales y a los instrumentos destinados a regular los acuerdos.  las conclusiones, por tanto, son agrupadas en tres bloques:  a,- relativo a los cambios detectados.  b,- referido a los agentes sociales: administraci\u00f3n, empresarios y orgnizaciones sindicales  c,- en especial, a los convenios colectivos<\/p>\n<p>&nbsp;<\/p>\n<h3>Datos acad\u00e9micos de la tesis doctoral \u00ab<strong>Las funciones del convenio colectivo. una perspectiva din\u00e1mica<\/strong>\u00ab<\/h3>\n<ul>\n<li><strong>T\u00edtulo de la tesis:<\/strong>\u00a0 Las funciones del convenio colectivo. una perspectiva din\u00e1mica <\/li>\n<li><strong>Autor:<\/strong>\u00a0 Gregorio Granados De La Hoz <\/li>\n<li><strong>Universidad:<\/strong>\u00a0 Polit\u00e9cnica de catalunya<\/li>\n<li><strong>Fecha de lectura de la tesis:<\/strong>\u00a0 01\/07\/2002<\/li>\n<\/ul>\n<p>&nbsp;<\/p>\n<h3>Direcci\u00f3n y tribunal<\/h3>\n<ul>\n<li><strong>Director de la tesis<\/strong>\n<ul>\n<li>Daniel P\u00e9rez Guerra<\/li>\n<\/ul>\n<\/li>\n<li><strong>Tribunal<\/strong>\n<ul>\n<li>Presidente del tribunal: Francisco javier Llovera s\u00e1ez <\/li>\n<li>Jes\u00fas Tric?s preckler (vocal)<\/li>\n<li>salvador Del rey guanter (vocal)<\/li>\n<li>Manuel Gerpe landin (vocal)<\/li>\n<\/ul>\n<\/li>\n<\/ul>\n<p>&nbsp;<\/p>\n","protected":false},"excerpt":{"rendered":"<p>Tesis doctoral de Gregorio Granados De La Hoz La tesis doctoral de d. Gregorio granados de la hoz puede sintetizarse [&hellip;]<\/p>\n","protected":false},"author":1,"featured_media":0,"comment_status":"open","ping_status":"open","sticky":false,"template":"","format":"standard","meta":{"site-sidebar-layout":"default","site-content-layout":"","ast-site-content-layout":"","site-content-style":"default","site-sidebar-style":"default","ast-global-header-display":"","ast-banner-title-visibility":"","ast-main-header-display":"","ast-hfb-above-header-display":"","ast-hfb-below-header-display":"","ast-hfb-mobile-header-display":"","site-post-title":"","ast-breadcrumbs-content":"","ast-featured-img":"","footer-sml-layout":"","theme-transparent-header-meta":"","adv-header-id-meta":"","stick-header-meta":"","header-above-stick-meta":"","header-main-stick-meta":"","header-below-stick-meta":"","astra-migrate-meta-layouts":"default","ast-page-background-enabled":"default","ast-page-background-meta":{"desktop":{"background-color":"var(--ast-global-color-4)","background-image":"","background-repeat":"repeat","background-position":"center center","background-size":"auto","background-attachment":"scroll","background-type":"","background-media":"","overlay-type":"","overlay-color":"","overlay-gradient":""},"tablet":{"background-color":"","background-image":"","background-repeat":"repeat","background-position":"center center","background-size":"auto","background-attachment":"scroll","background-type":"","background-media":"","overlay-type":"","overlay-color":"","overlay-gradient":""},"mobile":{"background-color":"","background-image":"","background-repeat":"repeat","background-position":"center center","background-size":"auto","background-attachment":"scroll","background-type":"","background-media":"","overlay-type":"","overlay-color":"","overlay-gradient":""}},"ast-content-background-meta":{"desktop":{"background-color":"var(--ast-global-color-5)","background-image":"","background-repeat":"repeat","background-position":"center center","background-size":"auto","background-attachment":"scroll","background-type":"","background-media":"","overlay-type":"","overlay-color":"","overlay-gradient":""},"tablet":{"background-color":"var(--ast-global-color-5)","background-image":"","background-repeat":"repeat","background-position":"center center","background-size":"auto","background-attachment":"scroll","background-type":"","background-media":"","overlay-type":"","overlay-color":"","overlay-gradient":""},"mobile":{"background-color":"var(--ast-global-color-5)","background-image":"","background-repeat":"repeat","background-position":"center center","background-size":"auto","background-attachment":"scroll","background-type":"","background-media":"","overlay-type":"","overlay-color":"","overlay-gradient":""}},"footnotes":""},"categories":[82,2825,15596,9215],"tags":[15718,30415,56013,56014,1453,2175],"class_list":["post-17982","post","type-post","status-publish","format-standard","hentry","category-ciencias-economicas","category-organizacion-industrial-y-sector-publico","category-politecnica-de-catalunya","category-regulacion-gubernamental-del-sector-privado","tag-daniel-perez-guerra","tag-francisco-javier-llovera-saez","tag-gregorio-granados-de-la-hoz","tag-jesus-trics-preckler","tag-manuel-gerpe-landin","tag-salvador-del-rey-guanter"],"_links":{"self":[{"href":"https:\/\/www.deberes.net\/tesis\/wp-json\/wp\/v2\/posts\/17982","targetHints":{"allow":["GET"]}}],"collection":[{"href":"https:\/\/www.deberes.net\/tesis\/wp-json\/wp\/v2\/posts"}],"about":[{"href":"https:\/\/www.deberes.net\/tesis\/wp-json\/wp\/v2\/types\/post"}],"author":[{"embeddable":true,"href":"https:\/\/www.deberes.net\/tesis\/wp-json\/wp\/v2\/users\/1"}],"replies":[{"embeddable":true,"href":"https:\/\/www.deberes.net\/tesis\/wp-json\/wp\/v2\/comments?post=17982"}],"version-history":[{"count":0,"href":"https:\/\/www.deberes.net\/tesis\/wp-json\/wp\/v2\/posts\/17982\/revisions"}],"wp:attachment":[{"href":"https:\/\/www.deberes.net\/tesis\/wp-json\/wp\/v2\/media?parent=17982"}],"wp:term":[{"taxonomy":"category","embeddable":true,"href":"https:\/\/www.deberes.net\/tesis\/wp-json\/wp\/v2\/categories?post=17982"},{"taxonomy":"post_tag","embeddable":true,"href":"https:\/\/www.deberes.net\/tesis\/wp-json\/wp\/v2\/tags?post=17982"}],"curies":[{"name":"wp","href":"https:\/\/api.w.org\/{rel}","templated":true}]}}