{"id":18016,"date":"2002-02-07T00:00:00","date_gmt":"2002-02-07T00:00:00","guid":{"rendered":"https:\/\/www.deberes.net\/tesis\/sin-categoria\/el-barzon-movimiento-pola%c2%adtico-y-social-en-el-mexico-de-carlos-salinas-y-ernesto-zedillo\/"},"modified":"2002-02-07T00:00:00","modified_gmt":"2002-02-07T00:00:00","slug":"el-barzon-movimiento-pola%c2%adtico-y-social-en-el-mexico-de-carlos-salinas-y-ernesto-zedillo","status":"publish","type":"post","link":"https:\/\/www.deberes.net\/tesis\/sociologia\/el-barzon-movimiento-pola%c2%adtico-y-social-en-el-mexico-de-carlos-salinas-y-ernesto-zedillo\/","title":{"rendered":"El barz\u00f3n, movimiento pol\u00edtico y social en el m\u00e9xico de carlos salinas y ernesto zedillo"},"content":{"rendered":"<h2>Tesis doctoral de <strong> Pablo Lasso G\u00f3mez <\/strong><\/h2>\n<p>La tesis se centra en el an\u00e1lisis del barz\u00f3n, movimiento pol\u00edtico y social que naci\u00f3 en el m\u00e9xico de carlos salinas como consecuencia de los desajustes que la entrada del tratado de libre comercio gener\u00f3 en el agro mexicano.  en la primera parte se construye la dial\u00e9ctica barz\u00f3n\/sociedad institucionalizada a partir de las pol\u00edticas presidenciales, las reacciones de los barzonistas, sus manifestaciones y discursos de sus dirigentes.  en la segunda parte se analiza la influencia del barz\u00f3n en la socidad institucionalizada, la configuraci\u00f3n social, a partir de una propuesta metodol\u00f3gica personal innovadora.<\/p>\n<p>&nbsp;<\/p>\n<h3>Datos acad\u00e9micos de la tesis doctoral \u00ab<strong>El barz\u00f3n, movimiento pol\u00edtico y social en el m\u00e9xico de carlos salinas y ernesto zedillo<\/strong>\u00ab<\/h3>\n<ul>\n<li><strong>T\u00edtulo de la tesis:<\/strong>\u00a0 El barz\u00f3n, movimiento pol\u00edtico y social en el m\u00e9xico de carlos salinas y ernesto zedillo <\/li>\n<li><strong>Autor:<\/strong>\u00a0 Pablo Lasso G\u00f3mez <\/li>\n<li><strong>Universidad:<\/strong>\u00a0 Nacional de educaci\u00f3n a distancia<\/li>\n<li><strong>Fecha de lectura de la tesis:<\/strong>\u00a0 02\/07\/2002<\/li>\n<\/ul>\n<p>&nbsp;<\/p>\n<h3>Direcci\u00f3n y tribunal<\/h3>\n<ul>\n<li><strong>Director de la tesis<\/strong>\n<ul>\n<li>Gustavo Palomares Lerma<\/li>\n<\/ul>\n<\/li>\n<li><strong>Tribunal<\/strong>\n<ul>\n<li>Presidente del tribunal: jos\u00e9 Almaraz pestana <\/li>\n<li>Jos\u00e9 Antonio Sanahuja perales (vocal)<\/li>\n<li>Jaime Pastor verd\u00fa (vocal)<\/li>\n<li> Fern\u00e1ndez de castro lorenzo (vocal)<\/li>\n<\/ul>\n<\/li>\n<\/ul>\n<p>&nbsp;<\/p>\n","protected":false},"excerpt":{"rendered":"<p>Tesis doctoral de Pablo Lasso G\u00f3mez La tesis se centra en el an\u00e1lisis del barz\u00f3n, movimiento pol\u00edtico y social que [&hellip;]<\/p>\n","protected":false},"author":1,"featured_media":0,"comment_status":"open","ping_status":"open","sticky":false,"template":"","format":"standard","meta":{"site-sidebar-layout":"default","site-content-layout":"","ast-site-content-layout":"","site-content-style":"default","site-sidebar-style":"default","ast-global-header-display":"","ast-banner-title-visibility":"","ast-main-header-display":"","ast-hfb-above-header-display":"","ast-hfb-below-header-display":"","ast-hfb-mobile-header-display":"","site-post-title":"","ast-breadcrumbs-content":"","ast-featured-img":"","footer-sml-layout":"","theme-transparent-header-meta":"","adv-header-id-meta":"","stick-header-meta":"","header-above-stick-meta":"","header-main-stick-meta":"","header-below-stick-meta":"","astra-migrate-meta-layouts":"default","ast-page-background-enabled":"default","ast-page-background-meta":{"desktop":{"background-color":"var(--ast-global-color-4)","background-image":"","background-repeat":"repeat","background-position":"center center","background-size":"auto","background-attachment":"scroll","background-type":"","background-media":"","overlay-type":"","overlay-color":"","overlay-gradient":""},"tablet":{"background-color":"","background-image":"","background-repeat":"repeat","background-position":"center center","background-size":"auto","background-attachment":"scroll","background-type":"","background-media":"","overlay-type":"","overlay-color":"","overlay-gradient":""},"mobile":{"background-color":"","background-image":"","background-repeat":"repeat","background-position":"center center","background-size":"auto","background-attachment":"scroll","background-type":"","background-media":"","overlay-type":"","overlay-color":"","overlay-gradient":""}},"ast-content-background-meta":{"desktop":{"background-color":"var(--ast-global-color-5)","background-image":"","background-repeat":"repeat","background-position":"center center","background-size":"auto","background-attachment":"scroll","background-type":"","background-media":"","overlay-type":"","overlay-color":"","overlay-gradient":""},"tablet":{"background-color":"var(--ast-global-color-5)","background-image":"","background-repeat":"repeat","background-position":"center center","background-size":"auto","background-attachment":"scroll","background-type":"","background-media":"","overlay-type":"","overlay-color":"","overlay-gradient":""},"mobile":{"background-color":"var(--ast-global-color-5)","background-image":"","background-repeat":"repeat","background-position":"center center","background-size":"auto","background-attachment":"scroll","background-type":"","background-media":"","overlay-type":"","overlay-color":"","overlay-gradient":""}},"footnotes":""},"categories":[838,21985,5538,17070,3984,839,39991,269,2232,270,6408],"tags":[56116,5828,10046,7402,56115,56114],"class_list":["post-18016","post","type-post","status-publish","format-standard","hentry","category-ciencia-politica","category-conflictos-sociales","category-metodologia-sociologica","category-nacional-de-educacion-a-distancia","category-politica-social","category-politicas-sectoriales","category-relaciones-culturales-interetnicas","category-sociologia","category-sociologia-cultural","category-sociologia-general","category-sociologia-politica","tag-fernandez-de-castro-lorenzo","tag-gustavo-palomares-lerma","tag-jaime-pastor-verdu","tag-jose-almaraz-pestana","tag-jose-antonio-sanahuja-perales","tag-pablo-lasso-gomez"],"_links":{"self":[{"href":"https:\/\/www.deberes.net\/tesis\/wp-json\/wp\/v2\/posts\/18016","targetHints":{"allow":["GET"]}}],"collection":[{"href":"https:\/\/www.deberes.net\/tesis\/wp-json\/wp\/v2\/posts"}],"about":[{"href":"https:\/\/www.deberes.net\/tesis\/wp-json\/wp\/v2\/types\/post"}],"author":[{"embeddable":true,"href":"https:\/\/www.deberes.net\/tesis\/wp-json\/wp\/v2\/users\/1"}],"replies":[{"embeddable":true,"href":"https:\/\/www.deberes.net\/tesis\/wp-json\/wp\/v2\/comments?post=18016"}],"version-history":[{"count":0,"href":"https:\/\/www.deberes.net\/tesis\/wp-json\/wp\/v2\/posts\/18016\/revisions"}],"wp:attachment":[{"href":"https:\/\/www.deberes.net\/tesis\/wp-json\/wp\/v2\/media?parent=18016"}],"wp:term":[{"taxonomy":"category","embeddable":true,"href":"https:\/\/www.deberes.net\/tesis\/wp-json\/wp\/v2\/categories?post=18016"},{"taxonomy":"post_tag","embeddable":true,"href":"https:\/\/www.deberes.net\/tesis\/wp-json\/wp\/v2\/tags?post=18016"}],"curies":[{"name":"wp","href":"https:\/\/api.w.org\/{rel}","templated":true}]}}