{"id":18057,"date":"2002-03-07T00:00:00","date_gmt":"2002-03-07T00:00:00","guid":{"rendered":"https:\/\/www.deberes.net\/tesis\/sin-categoria\/el-analisis-del-nuevo-discurso-pola%c2%adtico-acercamiento-metodologico-al-estudio-del-discurso-persuasivo-audiovisual\/"},"modified":"2002-03-07T00:00:00","modified_gmt":"2002-03-07T00:00:00","slug":"el-analisis-del-nuevo-discurso-pola%c2%adtico-acercamiento-metodologico-al-estudio-del-discurso-persuasivo-audiovisual","status":"publish","type":"post","link":"https:\/\/www.deberes.net\/tesis\/ciencias-de-las-artes-y-las-letras\/el-analisis-del-nuevo-discurso-pola%c2%adtico-acercamiento-metodologico-al-estudio-del-discurso-persuasivo-audiovisual\/","title":{"rendered":"El an\u00e1lisis del nuevo discurso pol\u00edtico. acercamiento metodol\u00f3gico al estudio del discurso persuasivo audiovisual"},"content":{"rendered":"<h2>Tesis doctoral de <strong> Ar\u00e1nzazu Mar\u00eda Capdevila G\u00f3mez <\/strong><\/h2>\n<p>La televisi\u00f3n se ha convertido en el medio de comunicaci\u00f3n m\u00e1s seguido por los electores durante las campa\u00f1as electorales. A trav\u00e9s de diversos tipos de discuros audiovisuales veh\u00edculados por ella los partidos pol\u00edticos desarrollan sus estrategias persuasivas encaminadas a conseguir el mayor n\u00famero posible de adhesiones a sus postulados. Esta tesis doctoral toma como objeto de estudio la comunicaci\u00f3n persuasiva audiovisual expl\u00edcita, es decir, aquella que no trata de esconder la finalidad persuasiva. A partir de aqu\u00ed construye un m\u00e9todo que permite analizar este tipo de comunicaci\u00f3n (y lo aplica, en la parte final, a los espots electorales que pueden considerarse paradigma de este tipo de comunicaci\u00f3n). para elaborar este m\u00e9todo de an\u00e1lisis se parte de la teor\u00eda de la argumentaci\u00f3n propuesta por cha\u00ed\u00afm perelman, uno de los puntales b\u00e1sicos de los estudios ret\u00f3ricos de la segunda mitad del siglo xx. Esta teor\u00eda, muy arraigada en la ret\u00f3rica aristot\u00e9lica, aporta algunos elementos fundamentales para el estudio de la comunicaci\u00f3n persuasiva. Entre ellos destaca la consideraci\u00f3n del auditorio en el centro del proceso comunicativo y la clasificaci\u00f3n que realiza de los acuerdos generales como puntos de partida de la argumentaci\u00f3n sin los cuales no es posible llevar a cabo la persuasi\u00f3n. Pero, a pesar de los indudables avances de esta teor\u00eda en el \u00e1mbito de los estudios argumentativos, su aplicaci\u00f3n al discurso persuasivo televisivo comporta algunas limitaciones que es necesario superar para poder realizar an\u00e1lisis discursivos.  el trabajo de tesis diferencia entre dos tipos de limitaciones de la teor\u00eda de perelman. El primer grupo de objeciones se centra en aspectos referentes a la teor\u00eda en s\u00ed. En el caso de la ambig\u00ed\u00bcedad en la definici\u00f3n de las categor\u00edas anal\u00edticas o el descuido de aspectos relevantes de la persuasi\u00f3n que no pueden considerarse desde el punto de vista de la argumentaci\u00f3n. El segundo grupo tiene relaci\u00f3n con la aplicaci\u00f3n concreta del m\u00e9todo perelmaniano al an\u00e1lisis de un discurso concreto. Ambos tipos de limitaciones pueden superarse enmarcando la teor\u00eda perelmaniana en la estructura de las partes ret\u00f3ricas que proporcionan la ret\u00f3rica cl\u00e1sica. esta tesis doctoral propone un an\u00e1lisis estructural del discurso que vaya desde los niveles m\u00e1s superficiales del texto a aquellos m\u00e1s profundos. En la realizaci\u00f3n de este recorrido se siguen las partes de la ret\u00f3rica cl\u00e1sica: intellectio, inventio, dispositio, elocutio, memoria y actio. Cada una de estas partes puede identificarse con un nivel discursivo que abarca desde el referente (es decir, la parte de la realidad que se pone en juego para la persuasi\u00f3n) considerado en la intellectio, a la puesta en discurso a trav\u00e9s de puntos de vista visuales y verbales que se sit\u00faan en la actio. Tambi\u00e9n se abarcan los niveles discursivos compuestos por los mundos posibles de la argumentaci\u00f3n (inventio) que forman la estructura profunda del texto; la ordenaci\u00f3n de esta estructura (dispositio) y la manifesti\u00f3n de la misma (elocutio). A partir de esta nueva ordenaci\u00f3n de la informaci\u00f3n se reconsideran las propuestas de perelman. De este modo se superan las limitaciones del modelo de perelman y se abarcan todos los niveles de discurso ya que, en todos ellos, existen elementos que intervienen en la persuasi\u00f3n final. una vez construido este modelo de an\u00e1lisis la tesis doctoral lo aplica a una muestra compuesta por los espots electorales emitidos en el estado espa\u00f1ol durante las elecciones generales de marzo de 2000. A partir de esta aplicaci\u00f3n pueden observarse las diversas estrategias persuasivas que emplean los diferentes partidos pol\u00edticos en los diferentes niveles discursivos, pudiendo establecer comparaciones entre ellos.<\/p>\n<p>&nbsp;<\/p>\n<h3>Datos acad\u00e9micos de la tesis doctoral \u00ab<strong>El an\u00e1lisis del nuevo discurso pol\u00edtico. acercamiento metodol\u00f3gico al estudio del discurso persuasivo audiovisual<\/strong>\u00ab<\/h3>\n<ul>\n<li><strong>T\u00edtulo de la tesis:<\/strong>\u00a0 El an\u00e1lisis del nuevo discurso pol\u00edtico. acercamiento metodol\u00f3gico al estudio del discurso persuasivo audiovisual <\/li>\n<li><strong>Autor:<\/strong>\u00a0 Ar\u00e1nzazu Mar\u00eda Capdevila G\u00f3mez <\/li>\n<li><strong>Universidad:<\/strong>\u00a0 Pompeu fabra<\/li>\n<li><strong>Fecha de lectura de la tesis:<\/strong>\u00a0 03\/07\/2002<\/li>\n<\/ul>\n<p>&nbsp;<\/p>\n<h3>Direcci\u00f3n y tribunal<\/h3>\n<ul>\n<li><strong>Director de la tesis<\/strong>\n<ul>\n<li>Jordi Pericot Canaleta<\/li>\n<\/ul>\n<\/li>\n<li><strong>Tribunal<\/strong>\n<ul>\n<li>Presidente del tribunal: josep Gifreu pinsach <\/li>\n<li>sebastia Serrano farrera (vocal)<\/li>\n<li>tomas Albaladejo mayordomo (vocal)<\/li>\n<li>jordi Berri serrano (vocal)<\/li>\n<\/ul>\n<\/li>\n<\/ul>\n<p>&nbsp;<\/p>\n","protected":false},"excerpt":{"rendered":"<p>Tesis doctoral de Ar\u00e1nzazu Mar\u00eda Capdevila G\u00f3mez La televisi\u00f3n se ha convertido en el medio de comunicaci\u00f3n m\u00e1s seguido por [&hellip;]<\/p>\n","protected":false},"author":1,"featured_media":0,"comment_status":"open","ping_status":"open","sticky":false,"template":"","format":"standard","meta":{"site-sidebar-layout":"default","site-content-layout":"","ast-site-content-layout":"","site-content-style":"default","site-sidebar-style":"default","ast-global-header-display":"","ast-banner-title-visibility":"","ast-main-header-display":"","ast-hfb-above-header-display":"","ast-hfb-below-header-display":"","ast-hfb-mobile-header-display":"","site-post-title":"","ast-breadcrumbs-content":"","ast-featured-img":"","footer-sml-layout":"","theme-transparent-header-meta":"","adv-header-id-meta":"","stick-header-meta":"","header-above-stick-meta":"","header-main-stick-meta":"","header-below-stick-meta":"","astra-migrate-meta-layouts":"default","ast-page-background-enabled":"default","ast-page-background-meta":{"desktop":{"background-color":"var(--ast-global-color-4)","background-image":"","background-repeat":"repeat","background-position":"center center","background-size":"auto","background-attachment":"scroll","background-type":"","background-media":"","overlay-type":"","overlay-color":"","overlay-gradient":""},"tablet":{"background-color":"","background-image":"","background-repeat":"repeat","background-position":"center center","background-size":"auto","background-attachment":"scroll","background-type":"","background-media":"","overlay-type":"","overlay-color":"","overlay-gradient":""},"mobile":{"background-color":"","background-image":"","background-repeat":"repeat","background-position":"center center","background-size":"auto","background-attachment":"scroll","background-type":"","background-media":"","overlay-type":"","overlay-color":"","overlay-gradient":""}},"ast-content-background-meta":{"desktop":{"background-color":"var(--ast-global-color-5)","background-image":"","background-repeat":"repeat","background-position":"center center","background-size":"auto","background-attachment":"scroll","background-type":"","background-media":"","overlay-type":"","overlay-color":"","overlay-gradient":""},"tablet":{"background-color":"var(--ast-global-color-5)","background-image":"","background-repeat":"repeat","background-position":"center center","background-size":"auto","background-attachment":"scroll","background-type":"","background-media":"","overlay-type":"","overlay-color":"","overlay-gradient":""},"mobile":{"background-color":"var(--ast-global-color-5)","background-image":"","background-repeat":"repeat","background-position":"center center","background-size":"auto","background-attachment":"scroll","background-type":"","background-media":"","overlay-type":"","overlay-color":"","overlay-gradient":""}},"footnotes":""},"categories":[147,18712],"tags":[56224,56225,26198,41254,19172,4759],"class_list":["post-18057","post","type-post","status-publish","format-standard","hentry","category-ciencias-de-las-artes-y-las-letras","category-pompeu-fabra","tag-aranzazu-maria-capdevila-gomez","tag-jordi-berri-serrano","tag-jordi-pericot-canaleta","tag-josep-gifreu-pinsach","tag-sebastia-serrano-farrera","tag-tomas-albaladejo-mayordomo"],"_links":{"self":[{"href":"https:\/\/www.deberes.net\/tesis\/wp-json\/wp\/v2\/posts\/18057","targetHints":{"allow":["GET"]}}],"collection":[{"href":"https:\/\/www.deberes.net\/tesis\/wp-json\/wp\/v2\/posts"}],"about":[{"href":"https:\/\/www.deberes.net\/tesis\/wp-json\/wp\/v2\/types\/post"}],"author":[{"embeddable":true,"href":"https:\/\/www.deberes.net\/tesis\/wp-json\/wp\/v2\/users\/1"}],"replies":[{"embeddable":true,"href":"https:\/\/www.deberes.net\/tesis\/wp-json\/wp\/v2\/comments?post=18057"}],"version-history":[{"count":0,"href":"https:\/\/www.deberes.net\/tesis\/wp-json\/wp\/v2\/posts\/18057\/revisions"}],"wp:attachment":[{"href":"https:\/\/www.deberes.net\/tesis\/wp-json\/wp\/v2\/media?parent=18057"}],"wp:term":[{"taxonomy":"category","embeddable":true,"href":"https:\/\/www.deberes.net\/tesis\/wp-json\/wp\/v2\/categories?post=18057"},{"taxonomy":"post_tag","embeddable":true,"href":"https:\/\/www.deberes.net\/tesis\/wp-json\/wp\/v2\/tags?post=18057"}],"curies":[{"name":"wp","href":"https:\/\/api.w.org\/{rel}","templated":true}]}}