{"id":18088,"date":"2002-04-07T00:00:00","date_gmt":"2002-04-07T00:00:00","guid":{"rendered":"https:\/\/www.deberes.net\/tesis\/sin-categoria\/parametros-de-funcion-monocitaria-como-marcadores-biologicos-de-la-distimia-y-del-episodio-depresivo\/"},"modified":"2002-04-07T00:00:00","modified_gmt":"2002-04-07T00:00:00","slug":"parametros-de-funcion-monocitaria-como-marcadores-biologicos-de-la-distimia-y-del-episodio-depresivo","status":"publish","type":"post","link":"https:\/\/www.deberes.net\/tesis\/ciencias-medicas\/parametros-de-funcion-monocitaria-como-marcadores-biologicos-de-la-distimia-y-del-episodio-depresivo\/","title":{"rendered":"Par\u00e1metros de funci\u00f3n monocitaria como marcadores biol\u00f3gicos de la distimia y del episodio depresivo"},"content":{"rendered":"<h2>Tesis doctoral de <strong> Javier Schlatter Navarro <\/strong><\/h2>\n<p>Introduccion  la psicoinmunolog\u00eda estudia la \u00edntima relaci\u00f3n existente entre el sistema nervioso central, el sistema endocrino y el sistema inmunitario. Durante la depresi\u00f3n se producen cambios tanto a nivel hormonal como inmunitario. aunque su estudio es complejo y los resultados recogidos en la literatura son con frecuencia contradictorios, resulta de inter\u00e9s aproximarnos a las bases fisiopatol\u00f3gicas de la depresi\u00f3n, con objeto tambi\u00e9n de aportar luces a las controversias sobre diferencias entre los distintos cuadros psiqui\u00e1tricos.  m\u00e9todo  hemos estudiado un grupo de pacientes deprimidos (n=42), divididos en episodio depresivo-trastorno depresivo recurrente (n=21) y distimia (n=21), y lo hemos comparado con un grupo de controles sanos (n=20), de caracter\u00edsticas demogr\u00e1ficas semejantes. Los sujetos no padec\u00edan enfermedades ni recib\u00edan tratamientos que pudieran afectar al sistema inmunitario. Los par\u00e1metros inmunitarios estudiados pertenec\u00edan a la inmunidad natural: recuento absoluto y porcentual de los monocitos en su totalidad, y de aquellos que expresaban las mol\u00e9culas de superficie cd14, cd16 y hla-clasell; producci\u00f3n de citoquinas proinflamatorias (il-1 beta, il-6 y tnf- alfa); \u00edndice de fagocitosis monocitaria; actividad oxidativa monocitaria; recuento total y porcentual de los linfocitos natural killer, y actividad citot\u00f3xica de estos linfocitos. El estudio se hizo cuando los pacientes se encontraban deprimidos. Analizamos c\u00f3mo estaban influyendo algunas caracter\u00edsticas del cuadro y del sujeto, mediante estudio de correlaciones para las variables cuantitativas, y test de chi-cuadrado para las cualitativas. Realizamos un an\u00e1lisis factorial de las escalas de hamilton para la depresi\u00f3n y ansiedad, y las correlacionamos con los par\u00e1metros inmunitarios, para ver si alguno de los componentes del factorial se correlacionaba con los cambios encontrados en la inmunidad. Por \u00faltimo seleccionamos los par\u00e1metros i<\/p>\n<p>&nbsp;<\/p>\n<h3>Datos acad\u00e9micos de la tesis doctoral \u00ab<strong>Par\u00e1metros de funci\u00f3n monocitaria como marcadores biol\u00f3gicos de la distimia y del episodio depresivo<\/strong>\u00ab<\/h3>\n<ul>\n<li><strong>T\u00edtulo de la tesis:<\/strong>\u00a0 Par\u00e1metros de funci\u00f3n monocitaria como marcadores biol\u00f3gicos de la distimia y del episodio depresivo <\/li>\n<li><strong>Autor:<\/strong>\u00a0 Javier Schlatter Navarro <\/li>\n<li><strong>Universidad:<\/strong>\u00a0 Navarra<\/li>\n<li><strong>Fecha de lectura de la tesis:<\/strong>\u00a0 04\/07\/2002<\/li>\n<\/ul>\n<p>&nbsp;<\/p>\n<h3>Direcci\u00f3n y tribunal<\/h3>\n<ul>\n<li><strong>Director de la tesis<\/strong>\n<ul>\n<li>pedre\u00f1o Ortu\u00f1o S\u00e1nchez<\/li>\n<\/ul>\n<\/li>\n<li><strong>Tribunal<\/strong>\n<ul>\n<li>Presidente del tribunal: salvador Cervera enguix <\/li>\n<li>Mar\u00eda  Luisa Sanz larruga (vocal)<\/li>\n<li>julio Vallejo ruiloba (vocal)<\/li>\n<li>Ana Gonz\u00e1lez-pinto arrillaga (vocal)<\/li>\n<\/ul>\n<\/li>\n<\/ul>\n<p>&nbsp;<\/p>\n","protected":false},"excerpt":{"rendered":"<p>Tesis doctoral de Javier Schlatter Navarro Introduccion la psicoinmunolog\u00eda estudia la \u00edntima relaci\u00f3n existente entre el sistema nervioso central, el [&hellip;]<\/p>\n","protected":false},"author":1,"featured_media":0,"comment_status":"open","ping_status":"open","sticky":false,"template":"","format":"standard","meta":{"site-sidebar-layout":"default","site-content-layout":"","ast-site-content-layout":"","site-content-style":"default","site-sidebar-style":"default","ast-global-header-display":"","ast-banner-title-visibility":"","ast-main-header-display":"","ast-hfb-above-header-display":"","ast-hfb-below-header-display":"","ast-hfb-mobile-header-display":"","site-post-title":"","ast-breadcrumbs-content":"","ast-featured-img":"","footer-sml-layout":"","theme-transparent-header-meta":"","adv-header-id-meta":"","stick-header-meta":"","header-above-stick-meta":"","header-main-stick-meta":"","header-below-stick-meta":"","astra-migrate-meta-layouts":"default","ast-page-background-enabled":"default","ast-page-background-meta":{"desktop":{"background-color":"var(--ast-global-color-4)","background-image":"","background-repeat":"repeat","background-position":"center center","background-size":"auto","background-attachment":"scroll","background-type":"","background-media":"","overlay-type":"","overlay-color":"","overlay-gradient":""},"tablet":{"background-color":"","background-image":"","background-repeat":"repeat","background-position":"center center","background-size":"auto","background-attachment":"scroll","background-type":"","background-media":"","overlay-type":"","overlay-color":"","overlay-gradient":""},"mobile":{"background-color":"","background-image":"","background-repeat":"repeat","background-position":"center center","background-size":"auto","background-attachment":"scroll","background-type":"","background-media":"","overlay-type":"","overlay-color":"","overlay-gradient":""}},"ast-content-background-meta":{"desktop":{"background-color":"var(--ast-global-color-5)","background-image":"","background-repeat":"repeat","background-position":"center center","background-size":"auto","background-attachment":"scroll","background-type":"","background-media":"","overlay-type":"","overlay-color":"","overlay-gradient":""},"tablet":{"background-color":"var(--ast-global-color-5)","background-image":"","background-repeat":"repeat","background-position":"center center","background-size":"auto","background-attachment":"scroll","background-type":"","background-media":"","overlay-type":"","overlay-color":"","overlay-gradient":""},"mobile":{"background-color":"var(--ast-global-color-5)","background-image":"","background-repeat":"repeat","background-position":"center center","background-size":"auto","background-attachment":"scroll","background-type":"","background-media":"","overlay-type":"","overlay-color":"","overlay-gradient":""}},"footnotes":""},"categories":[9,17749,1408],"tags":[56301,56299,20012,51363,56300,1410],"class_list":["post-18088","post","type-post","status-publish","format-standard","hentry","category-ciencias-medicas","category-navarra","category-psiquiatria","tag-ana-gonzalez-pinto-arrillaga","tag-javier-schlatter-navarro","tag-julio-vallejo-ruiloba","tag-maria-luisa-sanz-larruga","tag-pedreno-ortuno-sanchez","tag-salvador-cervera-enguix"],"_links":{"self":[{"href":"https:\/\/www.deberes.net\/tesis\/wp-json\/wp\/v2\/posts\/18088","targetHints":{"allow":["GET"]}}],"collection":[{"href":"https:\/\/www.deberes.net\/tesis\/wp-json\/wp\/v2\/posts"}],"about":[{"href":"https:\/\/www.deberes.net\/tesis\/wp-json\/wp\/v2\/types\/post"}],"author":[{"embeddable":true,"href":"https:\/\/www.deberes.net\/tesis\/wp-json\/wp\/v2\/users\/1"}],"replies":[{"embeddable":true,"href":"https:\/\/www.deberes.net\/tesis\/wp-json\/wp\/v2\/comments?post=18088"}],"version-history":[{"count":0,"href":"https:\/\/www.deberes.net\/tesis\/wp-json\/wp\/v2\/posts\/18088\/revisions"}],"wp:attachment":[{"href":"https:\/\/www.deberes.net\/tesis\/wp-json\/wp\/v2\/media?parent=18088"}],"wp:term":[{"taxonomy":"category","embeddable":true,"href":"https:\/\/www.deberes.net\/tesis\/wp-json\/wp\/v2\/categories?post=18088"},{"taxonomy":"post_tag","embeddable":true,"href":"https:\/\/www.deberes.net\/tesis\/wp-json\/wp\/v2\/tags?post=18088"}],"curies":[{"name":"wp","href":"https:\/\/api.w.org\/{rel}","templated":true}]}}