{"id":18093,"date":"2002-04-07T00:00:00","date_gmt":"2002-04-07T00:00:00","guid":{"rendered":"https:\/\/www.deberes.net\/tesis\/sin-categoria\/relacion-entre-la-edad-indice-de-masa-corporal-y-las-medidas-de-la-va%c2%ada-aerea-superior-en-pacientes-con-roncopata%c2%ada-cronica\/"},"modified":"2002-04-07T00:00:00","modified_gmt":"2002-04-07T00:00:00","slug":"relacion-entre-la-edad-indice-de-masa-corporal-y-las-medidas-de-la-va%c2%ada-aerea-superior-en-pacientes-con-roncopata%c2%ada-cronica","status":"publish","type":"post","link":"https:\/\/www.deberes.net\/tesis\/pais-vasco-euskal-herriko-unibertsitatea\/relacion-entre-la-edad-indice-de-masa-corporal-y-las-medidas-de-la-va%c2%ada-aerea-superior-en-pacientes-con-roncopata%c2%ada-cronica\/","title":{"rendered":"Relaci\u00f3n entre la edad, indice de masa corporal y las medidas de la v\u00edaa\u00e9rea superior en pacientes con roncopat\u00edacr\u00f3nica"},"content":{"rendered":"<h2>Tesis doctoral de <strong>  Navarro Sampedro Juan  Jos\u00e9 <\/strong><\/h2>\n<p>Partiendo de la hip\u00f3tesis de que los factores anat\u00f3micos de la v\u00eda a\u00e9rea superior (vas) no juegan el mismo papel en la fisiopatolog\u00eda de la roncopat\u00eda cr\u00f3nica, sino que \u00e9sta depender\u00e1 del grado de obesidad y\/o la edad de los pacientes, se ha realizado un estudio prospectivo en 188 sujetos (113 sahos y 75 roncadores simples sin apneas) con los siguientes objetivos:  1,- estudiar las diferencias en la morfolog\u00eda de la vas en pacientes con roncopat\u00eda cr\u00f3nica en nuestro entorno.  2,- investigar las relaciones existentes entre la edad, obesidad y la morfolog\u00eda de la vas en estos sujetos.  3,- estudiar la importancia de las variaciones de la morfolog\u00eda de la vas en relaci\u00f3n a la edad y la obesidad, en la fisiopatolog\u00eda de la roncopat\u00eda cr\u00f3nica.<\/p>\n<p>&nbsp;<\/p>\n<h3>Datos acad\u00e9micos de la tesis doctoral \u00ab<strong>Relaci\u00f3n entre la edad, indice de masa corporal y las medidas de la v\u00edaa\u00e9rea superior en pacientes con roncopat\u00edacr\u00f3nica<\/strong>\u00ab<\/h3>\n<ul>\n<li><strong>T\u00edtulo de la tesis:<\/strong>\u00a0 Relaci\u00f3n entre la edad, indice de masa corporal y las medidas de la v\u00edaa\u00e9rea superior en pacientes con roncopat\u00edacr\u00f3nica <\/li>\n<li><strong>Autor:<\/strong>\u00a0  Navarro Sampedro Juan  Jos\u00e9 <\/li>\n<li><strong>Universidad:<\/strong>\u00a0 Pa\u00eds vasco\/euskal herriko unibertsitatea<\/li>\n<li><strong>Fecha de lectura de la tesis:<\/strong>\u00a0 04\/07\/2002<\/li>\n<\/ul>\n<p>&nbsp;<\/p>\n<h3>Direcci\u00f3n y tribunal<\/h3>\n<ul>\n<li><strong>Director de la tesis<\/strong>\n<ul>\n<li>Jes\u00fas Algaba Guimera<\/li>\n<\/ul>\n<\/li>\n<li><strong>Tribunal<\/strong>\n<ul>\n<li>Presidente del tribunal: Jaime Mendez martin <\/li>\n<li>ignacio Cobeta marco (vocal)<\/li>\n<li>Carlos Suarez nieto (vocal)<\/li>\n<li>hector Valles varela (vocal)<\/li>\n<\/ul>\n<\/li>\n<\/ul>\n<p>&nbsp;<\/p>\n","protected":false},"excerpt":{"rendered":"<p>Tesis doctoral de Navarro Sampedro Juan Jos\u00e9 Partiendo de la hip\u00f3tesis de que los factores anat\u00f3micos de la v\u00eda a\u00e9rea [&hellip;]<\/p>\n","protected":false},"author":1,"featured_media":0,"comment_status":"open","ping_status":"open","sticky":false,"template":"","format":"standard","meta":{"site-sidebar-layout":"default","site-content-layout":"","ast-site-content-layout":"","site-content-style":"default","site-sidebar-style":"default","ast-global-header-display":"","ast-banner-title-visibility":"","ast-main-header-display":"","ast-hfb-above-header-display":"","ast-hfb-below-header-display":"","ast-hfb-mobile-header-display":"","site-post-title":"","ast-breadcrumbs-content":"","ast-featured-img":"","footer-sml-layout":"","theme-transparent-header-meta":"","adv-header-id-meta":"","stick-header-meta":"","header-above-stick-meta":"","header-main-stick-meta":"","header-below-stick-meta":"","astra-migrate-meta-layouts":"default","ast-page-background-enabled":"default","ast-page-background-meta":{"desktop":{"background-color":"var(--ast-global-color-4)","background-image":"","background-repeat":"repeat","background-position":"center center","background-size":"auto","background-attachment":"scroll","background-type":"","background-media":"","overlay-type":"","overlay-color":"","overlay-gradient":""},"tablet":{"background-color":"","background-image":"","background-repeat":"repeat","background-position":"center center","background-size":"auto","background-attachment":"scroll","background-type":"","background-media":"","overlay-type":"","overlay-color":"","overlay-gradient":""},"mobile":{"background-color":"","background-image":"","background-repeat":"repeat","background-position":"center center","background-size":"auto","background-attachment":"scroll","background-type":"","background-media":"","overlay-type":"","overlay-color":"","overlay-gradient":""}},"ast-content-background-meta":{"desktop":{"background-color":"var(--ast-global-color-5)","background-image":"","background-repeat":"repeat","background-position":"center center","background-size":"auto","background-attachment":"scroll","background-type":"","background-media":"","overlay-type":"","overlay-color":"","overlay-gradient":""},"tablet":{"background-color":"var(--ast-global-color-5)","background-image":"","background-repeat":"repeat","background-position":"center center","background-size":"auto","background-attachment":"scroll","background-type":"","background-media":"","overlay-type":"","overlay-color":"","overlay-gradient":""},"mobile":{"background-color":"var(--ast-global-color-5)","background-image":"","background-repeat":"repeat","background-position":"center center","background-size":"auto","background-attachment":"scroll","background-type":"","background-media":"","overlay-type":"","overlay-color":"","overlay-gradient":""}},"footnotes":""},"categories":[12909],"tags":[25235,7783,31817,10122,56311,56310],"class_list":["post-18093","post","type-post","status-publish","format-standard","hentry","category-pais-vasco-euskal-herriko-unibertsitatea","tag-carlos-suarez-nieto","tag-hector-valles-varela","tag-ignacio-cobeta-marco","tag-jaime-mendez-martin","tag-jesus-algaba-guimera","tag-navarro-sampedro-juan-jose"],"_links":{"self":[{"href":"https:\/\/www.deberes.net\/tesis\/wp-json\/wp\/v2\/posts\/18093","targetHints":{"allow":["GET"]}}],"collection":[{"href":"https:\/\/www.deberes.net\/tesis\/wp-json\/wp\/v2\/posts"}],"about":[{"href":"https:\/\/www.deberes.net\/tesis\/wp-json\/wp\/v2\/types\/post"}],"author":[{"embeddable":true,"href":"https:\/\/www.deberes.net\/tesis\/wp-json\/wp\/v2\/users\/1"}],"replies":[{"embeddable":true,"href":"https:\/\/www.deberes.net\/tesis\/wp-json\/wp\/v2\/comments?post=18093"}],"version-history":[{"count":0,"href":"https:\/\/www.deberes.net\/tesis\/wp-json\/wp\/v2\/posts\/18093\/revisions"}],"wp:attachment":[{"href":"https:\/\/www.deberes.net\/tesis\/wp-json\/wp\/v2\/media?parent=18093"}],"wp:term":[{"taxonomy":"category","embeddable":true,"href":"https:\/\/www.deberes.net\/tesis\/wp-json\/wp\/v2\/categories?post=18093"},{"taxonomy":"post_tag","embeddable":true,"href":"https:\/\/www.deberes.net\/tesis\/wp-json\/wp\/v2\/tags?post=18093"}],"curies":[{"name":"wp","href":"https:\/\/api.w.org\/{rel}","templated":true}]}}