{"id":18098,"date":"2002-05-07T00:00:00","date_gmt":"2002-05-07T00:00:00","guid":{"rendered":"https:\/\/www.deberes.net\/tesis\/sin-categoria\/caracterizacion-dinamica-de-la-marea-y-del-sedimento-en-el-sistema-intermareal-del-cano-de-sancti-petri\/"},"modified":"2002-05-07T00:00:00","modified_gmt":"2002-05-07T00:00:00","slug":"caracterizacion-dinamica-de-la-marea-y-del-sedimento-en-el-sistema-intermareal-del-cano-de-sancti-petri","status":"publish","type":"post","link":"https:\/\/www.deberes.net\/tesis\/ciencias-de-la-tierra-y-del-espacio\/caracterizacion-dinamica-de-la-marea-y-del-sedimento-en-el-sistema-intermareal-del-cano-de-sancti-petri\/","title":{"rendered":"Caracterizaci\u00f3n din\u00e1mica de la marea y del sedimento en el sistema intermareal del ca\u00f1o de sancti petri"},"content":{"rendered":"<h2>Tesis doctoral de <strong>  Vidal P\u00e9rez Juan  Manuel <\/strong><\/h2>\n<p>Al sur de la bah\u00eda de c\u00e1diz, el ca\u00f1o de sancti petri constituye un espacio mar\u00edtimo-terrestre de gran valor natural y cultural. Se trata de un ca\u00f1o de marea que se extiende desde la bah\u00eda interior de c\u00e1diz hasta su desembocadura en el oc\u00e9ano alt\u00e1ntico. Su peculiaridad estriba en que se trata de un canal con una doble conexi\u00f3n al exterior, una a mar abierto (conexi\u00f3n con el o. Atl\u00e1ntico), y otra con un cuerpo de agua semicerrado (bah\u00eda interior de c\u00e1diz) con unas caracter\u00edsticas hidrodin\u00e1micas propias, y que a su vez est\u00e1 conectado a mar abierto. Tiene una longitud de 17 km, escasa profundidad y su configuraci\u00f3n es la de un canal principal al que se le conectan numerosos ca\u00f1os menores, que comunican con zonas de marismas y explotaciones salineras o pisc\u00edcolas.  desde el punto de vista cient\u00edfico, este sistema de canales presenta algunas caracter\u00edsticas propias que lo hacen interesante, por lo que el estudio de la propagaci\u00f3n de la onda de marea y sus corrientes asociadas es de gran inter\u00e9s.  para abordar este estudio se dispone de series temporales representativas de las variaciones de niveles del mar y de las corrientes en distintos puntos del ca\u00f1o. Mediante el estudio de los datos observados, as\u00ed como, con el emplio de modelos anal\u00edticos y num\u00e9ricos, se han calculado las constantes arm\u00f3nicas de las principales constituyentes de marea a lo largo de los diferentes ca\u00f1os. Con todo ello, ha sido posible describir el comportamiento hidrodin\u00e1mico de la zona de estudio y se han obtenido sus consecuencias sedimentol\u00f3gicas, identificado zonas proclives a la erosi\u00f3n-deposici\u00f3n de estas part\u00edculas.  las principales conclusiones obtenidas indican que: las caracter\u00edsticas de la marea a lo largo del ca\u00f1o de sancti petri son de tipo semidiurno, siendo la constituyente m2 la principal constituyente de marea. Las amplitudes para esta constituyente son mayores en la desembocadura norte, junto a la carraca, que en la<\/p>\n<p>&nbsp;<\/p>\n<h3>Datos acad\u00e9micos de la tesis doctoral \u00ab<strong>Caracterizaci\u00f3n din\u00e1mica de la marea y del sedimento en el sistema intermareal del ca\u00f1o de sancti petri<\/strong>\u00ab<\/h3>\n<ul>\n<li><strong>T\u00edtulo de la tesis:<\/strong>\u00a0 Caracterizaci\u00f3n din\u00e1mica de la marea y del sedimento en el sistema intermareal del ca\u00f1o de sancti petri <\/li>\n<li><strong>Autor:<\/strong>\u00a0  Vidal P\u00e9rez Juan  Manuel <\/li>\n<li><strong>Universidad:<\/strong>\u00a0 C\u00e1diz<\/li>\n<li><strong>Fecha de lectura de la tesis:<\/strong>\u00a0 05\/07\/2002<\/li>\n<\/ul>\n<p>&nbsp;<\/p>\n<h3>Direcci\u00f3n y tribunal<\/h3>\n<ul>\n<li><strong>Director de la tesis<\/strong>\n<ul>\n<li>Luis Tomas Tejedor Martinez<\/li>\n<\/ul>\n<\/li>\n<li><strong>Tribunal<\/strong>\n<ul>\n<li>Presidente del tribunal: Francisco Lopez  aguayo <\/li>\n<li>ricardo Viera d\u00edaz (vocal)<\/li>\n<li>pilar Villares dur\u00e1n (vocal)<\/li>\n<li> Santas l\u00f3pez Jos\u00e9 Carlos (vocal)<\/li>\n<\/ul>\n<\/li>\n<\/ul>\n<p>&nbsp;<\/p>\n","protected":false},"excerpt":{"rendered":"<p>Tesis doctoral de Vidal P\u00e9rez Juan Manuel Al sur de la bah\u00eda de c\u00e1diz, el ca\u00f1o de sancti petri constituye [&hellip;]<\/p>\n","protected":false},"author":1,"featured_media":0,"comment_status":"open","ping_status":"open","sticky":false,"template":"","format":"standard","meta":{"site-sidebar-layout":"default","site-content-layout":"","ast-site-content-layout":"","site-content-style":"default","site-sidebar-style":"default","ast-global-header-display":"","ast-banner-title-visibility":"","ast-main-header-display":"","ast-hfb-above-header-display":"","ast-hfb-below-header-display":"","ast-hfb-mobile-header-display":"","site-post-title":"","ast-breadcrumbs-content":"","ast-featured-img":"","footer-sml-layout":"","theme-transparent-header-meta":"","adv-header-id-meta":"","stick-header-meta":"","header-above-stick-meta":"","header-main-stick-meta":"","header-below-stick-meta":"","astra-migrate-meta-layouts":"default","ast-page-background-enabled":"default","ast-page-background-meta":{"desktop":{"background-color":"var(--ast-global-color-4)","background-image":"","background-repeat":"repeat","background-position":"center center","background-size":"auto","background-attachment":"scroll","background-type":"","background-media":"","overlay-type":"","overlay-color":"","overlay-gradient":""},"tablet":{"background-color":"","background-image":"","background-repeat":"repeat","background-position":"center center","background-size":"auto","background-attachment":"scroll","background-type":"","background-media":"","overlay-type":"","overlay-color":"","overlay-gradient":""},"mobile":{"background-color":"","background-image":"","background-repeat":"repeat","background-position":"center center","background-size":"auto","background-attachment":"scroll","background-type":"","background-media":"","overlay-type":"","overlay-color":"","overlay-gradient":""}},"ast-content-background-meta":{"desktop":{"background-color":"var(--ast-global-color-5)","background-image":"","background-repeat":"repeat","background-position":"center center","background-size":"auto","background-attachment":"scroll","background-type":"","background-media":"","overlay-type":"","overlay-color":"","overlay-gradient":""},"tablet":{"background-color":"var(--ast-global-color-5)","background-image":"","background-repeat":"repeat","background-position":"center center","background-size":"auto","background-attachment":"scroll","background-type":"","background-media":"","overlay-type":"","overlay-color":"","overlay-gradient":""},"mobile":{"background-color":"var(--ast-global-color-5)","background-image":"","background-repeat":"repeat","background-position":"center center","background-size":"auto","background-attachment":"scroll","background-type":"","background-media":"","overlay-type":"","overlay-color":"","overlay-gradient":""}},"footnotes":""},"categories":[1506,27,41167,228,1876],"tags":[1680,1529,12481,34423,49587,56323],"class_list":["post-18098","post","type-post","status-publish","format-standard","hentry","category-cadiz","category-ciencias-de-la-tierra-y-del-espacio","category-dinamica-sedimentaria-marina","category-oceanografia","category-oceanografia-fisica","tag-francisco-lopez-aguayo","tag-luis-tomas-tejedor-Martinez","tag-pilar-villares-duran","tag-ricardo-viera-diaz","tag-santas-lopez-jose-carlos","tag-vidal-perez-juan-manuel"],"_links":{"self":[{"href":"https:\/\/www.deberes.net\/tesis\/wp-json\/wp\/v2\/posts\/18098","targetHints":{"allow":["GET"]}}],"collection":[{"href":"https:\/\/www.deberes.net\/tesis\/wp-json\/wp\/v2\/posts"}],"about":[{"href":"https:\/\/www.deberes.net\/tesis\/wp-json\/wp\/v2\/types\/post"}],"author":[{"embeddable":true,"href":"https:\/\/www.deberes.net\/tesis\/wp-json\/wp\/v2\/users\/1"}],"replies":[{"embeddable":true,"href":"https:\/\/www.deberes.net\/tesis\/wp-json\/wp\/v2\/comments?post=18098"}],"version-history":[{"count":0,"href":"https:\/\/www.deberes.net\/tesis\/wp-json\/wp\/v2\/posts\/18098\/revisions"}],"wp:attachment":[{"href":"https:\/\/www.deberes.net\/tesis\/wp-json\/wp\/v2\/media?parent=18098"}],"wp:term":[{"taxonomy":"category","embeddable":true,"href":"https:\/\/www.deberes.net\/tesis\/wp-json\/wp\/v2\/categories?post=18098"},{"taxonomy":"post_tag","embeddable":true,"href":"https:\/\/www.deberes.net\/tesis\/wp-json\/wp\/v2\/tags?post=18098"}],"curies":[{"name":"wp","href":"https:\/\/api.w.org\/{rel}","templated":true}]}}