{"id":18108,"date":"2002-05-07T00:00:00","date_gmt":"2002-05-07T00:00:00","guid":{"rendered":"https:\/\/www.deberes.net\/tesis\/sin-categoria\/efecto-modulador-de-estrogenos-y-antiestrogenos-sobre-la-radiosensibilidad-de-la%c2%adneas-celulares-de-cancer-de-mama\/"},"modified":"2002-05-07T00:00:00","modified_gmt":"2002-05-07T00:00:00","slug":"efecto-modulador-de-estrogenos-y-antiestrogenos-sobre-la-radiosensibilidad-de-la%c2%adneas-celulares-de-cancer-de-mama","status":"publish","type":"post","link":"https:\/\/www.deberes.net\/tesis\/ciencias-medicas\/efecto-modulador-de-estrogenos-y-antiestrogenos-sobre-la-radiosensibilidad-de-la%c2%adneas-celulares-de-cancer-de-mama\/","title":{"rendered":"Efecto modulador de estr\u00f3genos y antiestr\u00f3genos sobre la radiosensibilidad de l\u00edneas celulares de c\u00e1ncer de mama"},"content":{"rendered":"<h2>Tesis doctoral de <strong> Diego Becerra Garc\u00eda <\/strong><\/h2>\n<p>En la actualidad, los datos disponibles sobre el momento de inicio del tratamiento cl\u00ednico con tamoxifeno y sus efectos sobre la supervivencia son tan limitados que impiden el dilema sobre su administraci\u00f3n previa, simult\u00e1nea o posterior a la iniciaci\u00f3n del tratamiento con radiaci\u00f3n ionizante.  adem\u00e1s, los resultados de laboratorio que han examinado este posible efecto son contradictorios sin que se haya podido establecer una secuencia de tratamiento m\u00e1s favorable que otras. Por ello, utilizando como modelo para el estudio de tumores humanos las l\u00edneas celulares tumorales establecidas mcf8 bus, mcf7 bb, t47d b8 y evsa-t, se plantea este trabajo de investigaci\u00f3n, orientado al estudio del efecto de la radiaci\u00f3n ionizante sobre el comportameinto de la cin\u00e9tica de proliferaci\u00f3n celular y la supervivencia, estimada mediante el ensayo clonog\u00e9nico, de l\u00edneas celulares de c\u00e1ncer de mama tratadas de forma \u00fanica, simult\u00e1nea o sucesiva con estr\u00f3genos y antiestr\u00f3genos; investigar los efectos que a nivel molecular representan los tratamientos secuenciales y combinados de radiaci\u00f3n ionizante y hormonas\/antihormomas, estudiando tanto el da\u00f1o producido sobre el adn como los mecanismos de control de ciclo celular tras el tratamiento. El an\u00e1lisis y discusi\u00f3n del conjunto de las observaciones experimentales nos permite concluir que las c\u00e9lulas de c\u00e1ncer de mama mcf7 bus, paradigma de sensibilidad y dependencia hormonal, enlentecen su crecimiento celular cuando son cultivadas en el medio carente de estr\u00f3genos, lo cual resulta en un aumento del tiempo de duplicaci\u00f3n y se corresponden con un ac\u00famulo de c\u00e9lulas en fases no proliferativas del ciclo celular. Este fen\u00f3meno se caracteriza por su reversibilidad, dado que la adici\u00f3n de estradiol al medio supone un est\u00edmulo proliferativo, con incremento del ritmo de crecimiento, disminuci\u00f3n del tiempo requerido para la duplicaci\u00f3n del n\u00famero celular y entrada celular en el ciclo prol<\/p>\n<p>&nbsp;<\/p>\n<h3>Datos acad\u00e9micos de la tesis doctoral \u00ab<strong>Efecto modulador de estr\u00f3genos y antiestr\u00f3genos sobre la radiosensibilidad de l\u00edneas celulares de c\u00e1ncer de mama<\/strong>\u00ab<\/h3>\n<ul>\n<li><strong>T\u00edtulo de la tesis:<\/strong>\u00a0 Efecto modulador de estr\u00f3genos y antiestr\u00f3genos sobre la radiosensibilidad de l\u00edneas celulares de c\u00e1ncer de mama <\/li>\n<li><strong>Autor:<\/strong>\u00a0 Diego Becerra Garc\u00eda <\/li>\n<li><strong>Universidad:<\/strong>\u00a0 Granada<\/li>\n<li><strong>Fecha de lectura de la tesis:<\/strong>\u00a0 05\/07\/2002<\/li>\n<\/ul>\n<p>&nbsp;<\/p>\n<h3>Direcci\u00f3n y tribunal<\/h3>\n<ul>\n<li><strong>Director de la tesis<\/strong>\n<ul>\n<li>Nicolas Olea Serrano<\/li>\n<\/ul>\n<\/li>\n<li><strong>Tribunal<\/strong>\n<ul>\n<li>Presidente del tribunal: vicente Pedraza muriel <\/li>\n<li>Jos\u00e9 Exp\u00f3sito (vocal)<\/li>\n<li>Antonio Mateo navarro (vocal)<\/li>\n<li>eva Siles rivas (vocal)<\/li>\n<\/ul>\n<\/li>\n<\/ul>\n<p>&nbsp;<\/p>\n","protected":false},"excerpt":{"rendered":"<p>Tesis doctoral de Diego Becerra Garc\u00eda En la actualidad, los datos disponibles sobre el momento de inicio del tratamiento cl\u00ednico [&hellip;]<\/p>\n","protected":false},"author":1,"featured_media":0,"comment_status":"open","ping_status":"open","sticky":false,"template":"","format":"standard","meta":{"site-sidebar-layout":"default","site-content-layout":"","ast-site-content-layout":"","site-content-style":"default","site-sidebar-style":"default","ast-global-header-display":"","ast-banner-title-visibility":"","ast-main-header-display":"","ast-hfb-above-header-display":"","ast-hfb-below-header-display":"","ast-hfb-mobile-header-display":"","site-post-title":"","ast-breadcrumbs-content":"","ast-featured-img":"","footer-sml-layout":"","theme-transparent-header-meta":"","adv-header-id-meta":"","stick-header-meta":"","header-above-stick-meta":"","header-main-stick-meta":"","header-below-stick-meta":"","astra-migrate-meta-layouts":"default","ast-page-background-enabled":"default","ast-page-background-meta":{"desktop":{"background-color":"var(--ast-global-color-4)","background-image":"","background-repeat":"repeat","background-position":"center center","background-size":"auto","background-attachment":"scroll","background-type":"","background-media":"","overlay-type":"","overlay-color":"","overlay-gradient":""},"tablet":{"background-color":"","background-image":"","background-repeat":"repeat","background-position":"center center","background-size":"auto","background-attachment":"scroll","background-type":"","background-media":"","overlay-type":"","overlay-color":"","overlay-gradient":""},"mobile":{"background-color":"","background-image":"","background-repeat":"repeat","background-position":"center center","background-size":"auto","background-attachment":"scroll","background-type":"","background-media":"","overlay-type":"","overlay-color":"","overlay-gradient":""}},"ast-content-background-meta":{"desktop":{"background-color":"var(--ast-global-color-5)","background-image":"","background-repeat":"repeat","background-position":"center center","background-size":"auto","background-attachment":"scroll","background-type":"","background-media":"","overlay-type":"","overlay-color":"","overlay-gradient":""},"tablet":{"background-color":"var(--ast-global-color-5)","background-image":"","background-repeat":"repeat","background-position":"center center","background-size":"auto","background-attachment":"scroll","background-type":"","background-media":"","overlay-type":"","overlay-color":"","overlay-gradient":""},"mobile":{"background-color":"var(--ast-global-color-5)","background-image":"","background-repeat":"repeat","background-position":"center center","background-size":"auto","background-attachment":"scroll","background-type":"","background-media":"","overlay-type":"","overlay-color":"","overlay-gradient":""}},"footnotes":""},"categories":[155,9,1027,347,156],"tags":[1814,56343,56345,56344,3345,3714],"class_list":["post-18108","post","type-post","status-publish","format-standard","hentry","category-ciencias-clinicas","category-ciencias-medicas","category-oncologia","category-oncologia-clinica","category-patologia","tag-antonio-mateo-navarro","tag-diego-becerra-garcia","tag-eva-siles-rivas","tag-jose-exposito","tag-nicolas-olea-serrano","tag-vicente-pedraza-muriel"],"_links":{"self":[{"href":"https:\/\/www.deberes.net\/tesis\/wp-json\/wp\/v2\/posts\/18108","targetHints":{"allow":["GET"]}}],"collection":[{"href":"https:\/\/www.deberes.net\/tesis\/wp-json\/wp\/v2\/posts"}],"about":[{"href":"https:\/\/www.deberes.net\/tesis\/wp-json\/wp\/v2\/types\/post"}],"author":[{"embeddable":true,"href":"https:\/\/www.deberes.net\/tesis\/wp-json\/wp\/v2\/users\/1"}],"replies":[{"embeddable":true,"href":"https:\/\/www.deberes.net\/tesis\/wp-json\/wp\/v2\/comments?post=18108"}],"version-history":[{"count":0,"href":"https:\/\/www.deberes.net\/tesis\/wp-json\/wp\/v2\/posts\/18108\/revisions"}],"wp:attachment":[{"href":"https:\/\/www.deberes.net\/tesis\/wp-json\/wp\/v2\/media?parent=18108"}],"wp:term":[{"taxonomy":"category","embeddable":true,"href":"https:\/\/www.deberes.net\/tesis\/wp-json\/wp\/v2\/categories?post=18108"},{"taxonomy":"post_tag","embeddable":true,"href":"https:\/\/www.deberes.net\/tesis\/wp-json\/wp\/v2\/tags?post=18108"}],"curies":[{"name":"wp","href":"https:\/\/api.w.org\/{rel}","templated":true}]}}