{"id":18149,"date":"2002-05-07T00:00:00","date_gmt":"2002-05-07T00:00:00","guid":{"rendered":"https:\/\/www.deberes.net\/tesis\/sin-categoria\/evaluacion-del-impacto-familiar-del-asma-bronquial-infantil\/"},"modified":"2002-05-07T00:00:00","modified_gmt":"2002-05-07T00:00:00","slug":"evaluacion-del-impacto-familiar-del-asma-bronquial-infantil","status":"publish","type":"post","link":"https:\/\/www.deberes.net\/tesis\/psicologia\/evaluacion-del-impacto-familiar-del-asma-bronquial-infantil\/","title":{"rendered":"Evaluaci\u00f3n del impacto familiar del asma bronquial infantil"},"content":{"rendered":"<h2>Tesis doctoral de <strong>  Alvarado Moreno M. Caridad <\/strong><\/h2>\n<p>El asma infantil es una enfermedad cr\u00f3nica que implica en los padres una serie de demandas emocionales y dificultades pr\u00e1cticas, que muchas veces conllevan riesgos en el funcionamiento familiar normal. Es importante que estos aspectos impl\u00edcitos, puedan ser identificados, con tal de evitar o disminuir los riesgos que la enfermedad conlleva para la familia. La evaluaci\u00f3n del impacto familiar de los ni\u00f1os y ni\u00f1as que sufren de asma infantil, debe tomar en cuenta los efectos de esta enfermedad en el funcionamiento de la vida diaria de los padres, en los aspectos psicosociales de sus vidas, as\u00ed como en los \u00e1mbitos econ\u00f3mico y laboral. Proponemos entonces, que la evaluaci\u00f3n del impacto familiar del asma infantil se estructura en cuatro dimensiones siguientes: dimensi\u00f3n funcional, dimensi\u00f3n emocional, dimensi\u00f3n social y dimensi\u00f3n econ\u00f3mica. No disponemos de instrumentos espec\u00edficos para evaluar el impacto familiar del asma infantil, que recojan informaci\u00f3n sobre dichas dimensiones y que est\u00e9n adaptados a la poblaci\u00f3n espa\u00f1ola.  objetivos  primero, estudiar las caracter\u00edsticas psicom\u00e9tricas de las versiones experimentales en castellano del pediatric asthma caregivers quality of life questionnaire (pacqlq) de juniper et al (1996) y de la impact on family scale ((ifs) de stein y riessman (1980), luego de ser administrados a una muestra de padres de ni\u00f1os asm\u00e1ticos de catalunya. El an\u00e1lisis las caracter\u00edsticas psicom\u00e9tricas de estos instrumentos nos permitir\u00e1 identificar los items m\u00e1s representativos para la evoluci\u00f3n del impacto familiar del asma infantil. segundo, elaborar la primera versi\u00f3n de un cuestionario para evaluar el impacto familiar del asma bronquial infantil, que evalu\u00e9 las dimensiones funcional, social, emocional y econ\u00f3mica de los padres.  m\u00e9todos  participaron 149 pacientes asm\u00e1ticos de 3 a 9 a\u00f1os de edad y sus padres. a los padres se les administr\u00f3, en dos ocasiones, el pacqlq y la ifs, adem<\/p>\n<p>&nbsp;<\/p>\n<h3>Datos acad\u00e9micos de la tesis doctoral \u00ab<strong>Evaluaci\u00f3n del impacto familiar del asma bronquial infantil<\/strong>\u00ab<\/h3>\n<ul>\n<li><strong>T\u00edtulo de la tesis:<\/strong>\u00a0 Evaluaci\u00f3n del impacto familiar del asma bronquial infantil <\/li>\n<li><strong>Autor:<\/strong>\u00a0  Alvarado Moreno M. Caridad <\/li>\n<li><strong>Universidad:<\/strong>\u00a0 Aut\u00f3noma de barcelona<\/li>\n<li><strong>Fecha de lectura de la tesis:<\/strong>\u00a0 05\/07\/2002<\/li>\n<\/ul>\n<p>&nbsp;<\/p>\n<h3>Direcci\u00f3n y tribunal<\/h3>\n<ul>\n<li><strong>Director de la tesis<\/strong>\n<ul>\n<li>Dolors Forns Serrallonga<\/li>\n<\/ul>\n<\/li>\n<li><strong>Tribunal<\/strong>\n<ul>\n<li>Presidente del tribunal: edelmira Domenech llaberia <\/li>\n<li> Tauler i toro eulalia (vocal)<\/li>\n<li> Riba i lloret Mar\u00eda  dolors (vocal)<\/li>\n<li>christian Domingo ribas (vocal)<\/li>\n<\/ul>\n<\/li>\n<\/ul>\n<p>&nbsp;<\/p>\n","protected":false},"excerpt":{"rendered":"<p>Tesis doctoral de Alvarado Moreno M. Caridad El asma infantil es una enfermedad cr\u00f3nica que implica en los padres una [&hellip;]<\/p>\n","protected":false},"author":1,"featured_media":0,"comment_status":"open","ping_status":"open","sticky":false,"template":"","format":"standard","meta":{"site-sidebar-layout":"default","site-content-layout":"","ast-site-content-layout":"","site-content-style":"default","site-sidebar-style":"default","ast-global-header-display":"","ast-banner-title-visibility":"","ast-main-header-display":"","ast-hfb-above-header-display":"","ast-hfb-below-header-display":"","ast-hfb-mobile-header-display":"","site-post-title":"","ast-breadcrumbs-content":"","ast-featured-img":"","footer-sml-layout":"","theme-transparent-header-meta":"","adv-header-id-meta":"","stick-header-meta":"","header-above-stick-meta":"","header-main-stick-meta":"","header-below-stick-meta":"","astra-migrate-meta-layouts":"default","ast-page-background-enabled":"default","ast-page-background-meta":{"desktop":{"background-color":"var(--ast-global-color-4)","background-image":"","background-repeat":"repeat","background-position":"center center","background-size":"auto","background-attachment":"scroll","background-type":"","background-media":"","overlay-type":"","overlay-color":"","overlay-gradient":""},"tablet":{"background-color":"","background-image":"","background-repeat":"repeat","background-position":"center center","background-size":"auto","background-attachment":"scroll","background-type":"","background-media":"","overlay-type":"","overlay-color":"","overlay-gradient":""},"mobile":{"background-color":"","background-image":"","background-repeat":"repeat","background-position":"center center","background-size":"auto","background-attachment":"scroll","background-type":"","background-media":"","overlay-type":"","overlay-color":"","overlay-gradient":""}},"ast-content-background-meta":{"desktop":{"background-color":"var(--ast-global-color-5)","background-image":"","background-repeat":"repeat","background-position":"center center","background-size":"auto","background-attachment":"scroll","background-type":"","background-media":"","overlay-type":"","overlay-color":"","overlay-gradient":""},"tablet":{"background-color":"var(--ast-global-color-5)","background-image":"","background-repeat":"repeat","background-position":"center center","background-size":"auto","background-attachment":"scroll","background-type":"","background-media":"","overlay-type":"","overlay-color":"","overlay-gradient":""},"mobile":{"background-color":"var(--ast-global-color-5)","background-image":"","background-repeat":"repeat","background-position":"center center","background-size":"auto","background-attachment":"scroll","background-type":"","background-media":"","overlay-type":"","overlay-color":"","overlay-gradient":""}},"footnotes":""},"categories":[41497,4264,17382,1175,324,961,970,325],"tags":[56441,42689,56442,13749,56444,56443],"class_list":["post-18149","post","type-post","status-publish","format-standard","hentry","category-afrontamiento-de-la-enfermedad","category-asesoramiento-y-orientacion-psicologicas","category-construccion-del-test","category-evaluacion-y-diagnostico-en-psicologia","category-psicologia","category-psicologia-de-la-anormalidad","category-psicologia-del-nino-y-del-adolescente","category-psicopatologia","tag-alvarado-moreno-m-caridad","tag-christian-domingo-ribas","tag-dolors-forns-serrallonga","tag-edelmira-domenech-llaberia","tag-riba-i-lloret-maria-dolors","tag-tauler-i-toro-eulalia"],"_links":{"self":[{"href":"https:\/\/www.deberes.net\/tesis\/wp-json\/wp\/v2\/posts\/18149","targetHints":{"allow":["GET"]}}],"collection":[{"href":"https:\/\/www.deberes.net\/tesis\/wp-json\/wp\/v2\/posts"}],"about":[{"href":"https:\/\/www.deberes.net\/tesis\/wp-json\/wp\/v2\/types\/post"}],"author":[{"embeddable":true,"href":"https:\/\/www.deberes.net\/tesis\/wp-json\/wp\/v2\/users\/1"}],"replies":[{"embeddable":true,"href":"https:\/\/www.deberes.net\/tesis\/wp-json\/wp\/v2\/comments?post=18149"}],"version-history":[{"count":0,"href":"https:\/\/www.deberes.net\/tesis\/wp-json\/wp\/v2\/posts\/18149\/revisions"}],"wp:attachment":[{"href":"https:\/\/www.deberes.net\/tesis\/wp-json\/wp\/v2\/media?parent=18149"}],"wp:term":[{"taxonomy":"category","embeddable":true,"href":"https:\/\/www.deberes.net\/tesis\/wp-json\/wp\/v2\/categories?post=18149"},{"taxonomy":"post_tag","embeddable":true,"href":"https:\/\/www.deberes.net\/tesis\/wp-json\/wp\/v2\/tags?post=18149"}],"curies":[{"name":"wp","href":"https:\/\/api.w.org\/{rel}","templated":true}]}}