{"id":18185,"date":"2002-06-07T00:00:00","date_gmt":"2002-06-07T00:00:00","guid":{"rendered":"https:\/\/www.deberes.net\/tesis\/sin-categoria\/la-practica-docente-desde-la-percepcion-de-los-estudiantes\/"},"modified":"2002-06-07T00:00:00","modified_gmt":"2002-06-07T00:00:00","slug":"la-practica-docente-desde-la-percepcion-de-los-estudiantes","status":"publish","type":"post","link":"https:\/\/www.deberes.net\/tesis\/formacion-y-empleo-de-profesores\/la-practica-docente-desde-la-percepcion-de-los-estudiantes\/","title":{"rendered":"La pr\u00e1ctica docente desde la percepci\u00f3n de los estudiantes"},"content":{"rendered":"<h2>Tesis doctoral de <strong> Griselda Hern\u00e1ndez M\u00e9ndez <\/strong><\/h2>\n<p>El trabajo tiene como principal objetivo descubrir la precepci\u00f3n que los estudiantes de las facultades de idiomas y pedagog\u00eda, de la universidad veracruzana (m\u00e9xico), tienen acerca de la pr\u00e1ctica docente en funci\u00f3n de algunos rasgos personales de los maestros como edad, g\u00e9nero y algunos aspectos de la comunicaci\u00f3n no verbal.  una buena parte de la investigaci\u00f3n se orienta a la descripci\u00f3n del contexto hist\u00f3rico-social, en el cual se da la g\u00e9nesis de la imagen social del profesor en las diferentes etalpas del desarrollo de esta naci\u00f3n, desde la independencia hasta nuestros d\u00edas; trata de explicar c\u00f3mo se suscita el deterioro de la figura del docente en nuestros d\u00edas y la forma en c\u00f3mo es percibido por los estudiantes de educaci\u00f3n superior de las instituciones mencionadas.  para fundamentar te\u00f3ricamente sus preocupaciones sobre el an\u00e1lisis de la pr\u00e1ctica docente, la autora hace una revisi\u00f3n en torno a lo que es la pr\u00e1ctica docente en sus dimensiones social, institucional, did\u00e1ctica, interpersonal y personal.  el desarrollo metodol\u00f3gico parte de una perspectiva multimet\u00f3dica y no pretende llegar m\u00e1s all\u00e1 de lo descriptivo, aun cuando el inter\u00e9s de la misma y las bases bibliogr\u00e1ficas en las que se fundamenta la lleva a elaborar interpretaciones.  la principal conclusi\u00f3n es que los estudiantes relacionan la eficiencia de la ense\u00f1anza con los distintos rasgos de la personalidad del maestro: edad, g\u00e9nero y comunicaci\u00f3n no verbal.<\/p>\n<p>&nbsp;<\/p>\n<h3>Datos acad\u00e9micos de la tesis doctoral \u00ab<strong>La pr\u00e1ctica docente desde la percepci\u00f3n de los estudiantes<\/strong>\u00ab<\/h3>\n<ul>\n<li><strong>T\u00edtulo de la tesis:<\/strong>\u00a0 La pr\u00e1ctica docente desde la percepci\u00f3n de los estudiantes <\/li>\n<li><strong>Autor:<\/strong>\u00a0 Griselda Hern\u00e1ndez M\u00e9ndez <\/li>\n<li><strong>Universidad:<\/strong>\u00a0 Nacional de educaci\u00f3n a distancia<\/li>\n<li><strong>Fecha de lectura de la tesis:<\/strong>\u00a0 06\/07\/2002<\/li>\n<\/ul>\n<p>&nbsp;<\/p>\n<h3>Direcci\u00f3n y tribunal<\/h3>\n<ul>\n<li><strong>Director de la tesis<\/strong>\n<ul>\n<li>Antonio Medina Rivilla<\/li>\n<\/ul>\n<\/li>\n<li><strong>Tribunal<\/strong>\n<ul>\n<li>Presidente del tribunal: ram\u00f3n P\u00e9rez p\u00e9rez <\/li>\n<li>gilberto Dom\u00ednguez estrada (vocal)<\/li>\n<li>sebasti\u00e1n Figueroa rodr\u00edguez (vocal)<\/li>\n<li>enriqueta De lara guijarro (vocal)<\/li>\n<\/ul>\n<\/li>\n<\/ul>\n<p>&nbsp;<\/p>\n","protected":false},"excerpt":{"rendered":"<p>Tesis doctoral de Griselda Hern\u00e1ndez M\u00e9ndez El trabajo tiene como principal objetivo descubrir la precepci\u00f3n que los estudiantes de las [&hellip;]<\/p>\n","protected":false},"author":1,"featured_media":0,"comment_status":"open","ping_status":"open","sticky":false,"template":"","format":"standard","meta":{"site-sidebar-layout":"default","site-content-layout":"","ast-site-content-layout":"","site-content-style":"default","site-sidebar-style":"default","ast-global-header-display":"","ast-banner-title-visibility":"","ast-main-header-display":"","ast-hfb-above-header-display":"","ast-hfb-below-header-display":"","ast-hfb-mobile-header-display":"","site-post-title":"","ast-breadcrumbs-content":"","ast-featured-img":"","footer-sml-layout":"","theme-transparent-header-meta":"","adv-header-id-meta":"","stick-header-meta":"","header-above-stick-meta":"","header-main-stick-meta":"","header-below-stick-meta":"","astra-migrate-meta-layouts":"default","ast-page-background-enabled":"default","ast-page-background-meta":{"desktop":{"background-color":"var(--ast-global-color-4)","background-image":"","background-repeat":"repeat","background-position":"center center","background-size":"auto","background-attachment":"scroll","background-type":"","background-media":"","overlay-type":"","overlay-color":"","overlay-gradient":""},"tablet":{"background-color":"","background-image":"","background-repeat":"repeat","background-position":"center center","background-size":"auto","background-attachment":"scroll","background-type":"","background-media":"","overlay-type":"","overlay-color":"","overlay-gradient":""},"mobile":{"background-color":"","background-image":"","background-repeat":"repeat","background-position":"center center","background-size":"auto","background-attachment":"scroll","background-type":"","background-media":"","overlay-type":"","overlay-color":"","overlay-gradient":""}},"ast-content-background-meta":{"desktop":{"background-color":"var(--ast-global-color-5)","background-image":"","background-repeat":"repeat","background-position":"center center","background-size":"auto","background-attachment":"scroll","background-type":"","background-media":"","overlay-type":"","overlay-color":"","overlay-gradient":""},"tablet":{"background-color":"var(--ast-global-color-5)","background-image":"","background-repeat":"repeat","background-position":"center center","background-size":"auto","background-attachment":"scroll","background-type":"","background-media":"","overlay-type":"","overlay-color":"","overlay-gradient":""},"mobile":{"background-color":"var(--ast-global-color-5)","background-image":"","background-repeat":"repeat","background-position":"center center","background-size":"auto","background-attachment":"scroll","background-type":"","background-media":"","overlay-type":"","overlay-color":"","overlay-gradient":""}},"footnotes":""},"categories":[1140,17070,1141,1288],"tags":[6213,27186,56527,56525,56526,56528],"class_list":["post-18185","post","type-post","status-publish","format-standard","hentry","category-formacion-y-empleo-de-profesores","category-nacional-de-educacion-a-distancia","category-pedagogia","category-preparacion-de-profesores","tag-antonio-medina-rivilla","tag-enriqueta-de-lara-guijarro","tag-gilberto-dominguez-estrada","tag-griselda-hernandez-mendez","tag-ramon-perez-perez","tag-sebastian-figueroa-rodriguez"],"_links":{"self":[{"href":"https:\/\/www.deberes.net\/tesis\/wp-json\/wp\/v2\/posts\/18185","targetHints":{"allow":["GET"]}}],"collection":[{"href":"https:\/\/www.deberes.net\/tesis\/wp-json\/wp\/v2\/posts"}],"about":[{"href":"https:\/\/www.deberes.net\/tesis\/wp-json\/wp\/v2\/types\/post"}],"author":[{"embeddable":true,"href":"https:\/\/www.deberes.net\/tesis\/wp-json\/wp\/v2\/users\/1"}],"replies":[{"embeddable":true,"href":"https:\/\/www.deberes.net\/tesis\/wp-json\/wp\/v2\/comments?post=18185"}],"version-history":[{"count":0,"href":"https:\/\/www.deberes.net\/tesis\/wp-json\/wp\/v2\/posts\/18185\/revisions"}],"wp:attachment":[{"href":"https:\/\/www.deberes.net\/tesis\/wp-json\/wp\/v2\/media?parent=18185"}],"wp:term":[{"taxonomy":"category","embeddable":true,"href":"https:\/\/www.deberes.net\/tesis\/wp-json\/wp\/v2\/categories?post=18185"},{"taxonomy":"post_tag","embeddable":true,"href":"https:\/\/www.deberes.net\/tesis\/wp-json\/wp\/v2\/tags?post=18185"}],"curies":[{"name":"wp","href":"https:\/\/api.w.org\/{rel}","templated":true}]}}