{"id":18192,"date":"2002-08-07T00:00:00","date_gmt":"2002-08-07T00:00:00","guid":{"rendered":"https:\/\/www.deberes.net\/tesis\/sin-categoria\/los-movimientos-campesinos-en-el-oeste-de-santa-catarina-brasil-y-la-pola%c2%adtica-social-de-la-iglesia\/"},"modified":"2002-08-07T00:00:00","modified_gmt":"2002-08-07T00:00:00","slug":"los-movimientos-campesinos-en-el-oeste-de-santa-catarina-brasil-y-la-pola%c2%adtica-social-de-la-iglesia","status":"publish","type":"post","link":"https:\/\/www.deberes.net\/tesis\/historia\/los-movimientos-campesinos-en-el-oeste-de-santa-catarina-brasil-y-la-pola%c2%adtica-social-de-la-iglesia\/","title":{"rendered":"Los movimientos campesinos en el oeste de santa catarina-brasil y la pol\u00edtica social de la iglesia"},"content":{"rendered":"<h2>Tesis doctoral de <strong> Ciro Domingos Rodr\u00edgues <\/strong><\/h2>\n<p>La tesis es un estudio sobre el proceso hist\u00f3rico de los movimientos de los campesinos en el oeste de santa catalina (brasil) y la influencia que tuvo la pol\u00edtica social de la iglesia en el desarrollo de \u00e9stos.  para realizar esta tesis fue necesario consultar fuentes documentales y archivos de la iglesia cat\u00f3lica: curia diocesiana y del secretariado diocesiano; tambi\u00e9n archivos oficiales y del m.S.T. (Movimiento sin tierra) en la regional del estado de santa catalina y nacional.  son importantes las fuentes consultadas asi como las entrevistas realizadas a lideres de la iglesia, del m.S.T (movimiento sin tierra) del m.M.A (movimiento de mujeres agricultoras) y del m.A.B. (Movimientos dos atingidos por barragens).  no se olvida estudiar como la teolog\u00eda de la liberaci\u00f3n, posterior al concilio vaticano ii, estimulo la extensi\u00f3n de las protestas de los movimientos de los sin tierra.<\/p>\n<p>&nbsp;<\/p>\n<h3>Datos acad\u00e9micos de la tesis doctoral \u00ab<strong>Los movimientos campesinos en el oeste de santa catarina-brasil y la pol\u00edtica social de la iglesia<\/strong>\u00ab<\/h3>\n<ul>\n<li><strong>T\u00edtulo de la tesis:<\/strong>\u00a0 Los movimientos campesinos en el oeste de santa catarina-brasil y la pol\u00edtica social de la iglesia <\/li>\n<li><strong>Autor:<\/strong>\u00a0 Ciro Domingos Rodr\u00edgues <\/li>\n<li><strong>Universidad:<\/strong>\u00a0 Le\u00f3n<\/li>\n<li><strong>Fecha de lectura de la tesis:<\/strong>\u00a0 08\/07\/2002<\/li>\n<\/ul>\n<p>&nbsp;<\/p>\n<h3>Direcci\u00f3n y tribunal<\/h3>\n<ul>\n<li><strong>Director de la tesis<\/strong>\n<ul>\n<li>Jose Gutierrez Alvarez<\/li>\n<\/ul>\n<\/li>\n<li><strong>Tribunal<\/strong>\n<ul>\n<li>Presidente del tribunal: david Ruiz gonzalez <\/li>\n<li>Francisco Caranto\u00f1a alvarez (vocal)<\/li>\n<li>Manuel Redero san roman (vocal)<\/li>\n<li>Jes\u00fas Miguel Lobato g\u00f3mez (vocal)<\/li>\n<\/ul>\n<\/li>\n<\/ul>\n<p>&nbsp;<\/p>\n","protected":false},"excerpt":{"rendered":"<p>Tesis doctoral de Ciro Domingos Rodr\u00edgues La tesis es un estudio sobre el proceso hist\u00f3rico de los movimientos de los [&hellip;]<\/p>\n","protected":false},"author":1,"featured_media":0,"comment_status":"open","ping_status":"open","sticky":false,"template":"","format":"standard","meta":{"site-sidebar-layout":"default","site-content-layout":"","ast-site-content-layout":"","site-content-style":"default","site-sidebar-style":"default","ast-global-header-display":"","ast-banner-title-visibility":"","ast-main-header-display":"","ast-hfb-above-header-display":"","ast-hfb-below-header-display":"","ast-hfb-mobile-header-display":"","site-post-title":"","ast-breadcrumbs-content":"","ast-featured-img":"","footer-sml-layout":"","theme-transparent-header-meta":"","adv-header-id-meta":"","stick-header-meta":"","header-above-stick-meta":"","header-main-stick-meta":"","header-below-stick-meta":"","astra-migrate-meta-layouts":"default","ast-page-background-enabled":"default","ast-page-background-meta":{"desktop":{"background-color":"var(--ast-global-color-4)","background-image":"","background-repeat":"repeat","background-position":"center center","background-size":"auto","background-attachment":"scroll","background-type":"","background-media":"","overlay-type":"","overlay-color":"","overlay-gradient":""},"tablet":{"background-color":"","background-image":"","background-repeat":"repeat","background-position":"center center","background-size":"auto","background-attachment":"scroll","background-type":"","background-media":"","overlay-type":"","overlay-color":"","overlay-gradient":""},"mobile":{"background-color":"","background-image":"","background-repeat":"repeat","background-position":"center center","background-size":"auto","background-attachment":"scroll","background-type":"","background-media":"","overlay-type":"","overlay-color":"","overlay-gradient":""}},"ast-content-background-meta":{"desktop":{"background-color":"var(--ast-global-color-5)","background-image":"","background-repeat":"repeat","background-position":"center center","background-size":"auto","background-attachment":"scroll","background-type":"","background-media":"","overlay-type":"","overlay-color":"","overlay-gradient":""},"tablet":{"background-color":"var(--ast-global-color-5)","background-image":"","background-repeat":"repeat","background-position":"center center","background-size":"auto","background-attachment":"scroll","background-type":"","background-media":"","overlay-type":"","overlay-color":"","overlay-gradient":""},"mobile":{"background-color":"var(--ast-global-color-5)","background-image":"","background-repeat":"repeat","background-position":"center center","background-size":"auto","background-attachment":"scroll","background-type":"","background-media":"","overlay-type":"","overlay-color":"","overlay-gradient":""}},"footnotes":""},"categories":[104,1816,6049,220,4430],"tags":[56543,16818,42659,46500,9866,25832],"class_list":["post-18192","post","type-post","status-publish","format-standard","hentry","category-historia","category-historia-contemporanea","category-historia-contemporanea-del-area-americana","category-historia-por-epocas","category-leon","tag-ciro-domingos-rodrigues","tag-david-ruiz-gonzalez","tag-francisco-carantona-alvarez","tag-jesus-miguel-lobato-gomez","tag-jose-gutierrez-alvarez","tag-manuel-redero-san-roman"],"_links":{"self":[{"href":"https:\/\/www.deberes.net\/tesis\/wp-json\/wp\/v2\/posts\/18192","targetHints":{"allow":["GET"]}}],"collection":[{"href":"https:\/\/www.deberes.net\/tesis\/wp-json\/wp\/v2\/posts"}],"about":[{"href":"https:\/\/www.deberes.net\/tesis\/wp-json\/wp\/v2\/types\/post"}],"author":[{"embeddable":true,"href":"https:\/\/www.deberes.net\/tesis\/wp-json\/wp\/v2\/users\/1"}],"replies":[{"embeddable":true,"href":"https:\/\/www.deberes.net\/tesis\/wp-json\/wp\/v2\/comments?post=18192"}],"version-history":[{"count":0,"href":"https:\/\/www.deberes.net\/tesis\/wp-json\/wp\/v2\/posts\/18192\/revisions"}],"wp:attachment":[{"href":"https:\/\/www.deberes.net\/tesis\/wp-json\/wp\/v2\/media?parent=18192"}],"wp:term":[{"taxonomy":"category","embeddable":true,"href":"https:\/\/www.deberes.net\/tesis\/wp-json\/wp\/v2\/categories?post=18192"},{"taxonomy":"post_tag","embeddable":true,"href":"https:\/\/www.deberes.net\/tesis\/wp-json\/wp\/v2\/tags?post=18192"}],"curies":[{"name":"wp","href":"https:\/\/api.w.org\/{rel}","templated":true}]}}