{"id":18237,"date":"2002-09-07T00:00:00","date_gmt":"2002-09-07T00:00:00","guid":{"rendered":"https:\/\/www.deberes.net\/tesis\/sin-categoria\/accion-pola%c2%adtica-y-transformacion-de-la-educacion-general-basica-en-el-estado-de-parana-1968-1988-implicaciones-historico-socio-economicas-en-la-educacion\/"},"modified":"2002-09-07T00:00:00","modified_gmt":"2002-09-07T00:00:00","slug":"accion-pola%c2%adtica-y-transformacion-de-la-educacion-general-basica-en-el-estado-de-parana-1968-1988-implicaciones-historico-socio-economicas-en-la-educacion","status":"publish","type":"post","link":"https:\/\/www.deberes.net\/tesis\/historia\/accion-pola%c2%adtica-y-transformacion-de-la-educacion-general-basica-en-el-estado-de-parana-1968-1988-implicaciones-historico-socio-economicas-en-la-educacion\/","title":{"rendered":"Acci\u00f3n pol\u00edtica y transformaci\u00f3n de la educaci\u00f3n general b\u00e1sica en el estado de paran\u00e1 (1968\/1988). implicaciones hist\u00f3rico-socio-econ\u00f3micas en la educaci\u00f3n"},"content":{"rendered":"<h2>Tesis doctoral de <strong> Edwirge Vieira Franco <\/strong><\/h2>\n<p>Del a\u00f1o de 1968 hasta 1979, a provincia de paran\u00e1, pasa por dos grandes problemas, el &#8212; y la mala calidad en la ense\u00f1anza. Del 1991 hasta 1998, siente el resultado de las medidas adaptadas.  el analfabetismo, era causado por el abandono de la escuela y la repetici\u00f3n que por su vez era &#8212; y situaci\u00f3n econ\u00f3mica de los alumnos. La secuela era elitista y discriminat\u00f3ria a trav\u00e9s del suyas leyes y regulamentos que atendian demandas pol\u00edticas y econ\u00f3micas de una sociedad no igalitaria y no considerava las caracter\u00edsticas socio culturales en el desarrollo individual como variante de la aprendizaje.  la educaci\u00f3n de la provincia de paran\u00e1, cambi\u00f3 cuando profesores, autoridades y la comunidad, empezaran a tener conciencia de la necesidad de posiciones comprometidas con el cambio de la sociedad.<\/p>\n<p>&nbsp;<\/p>\n<h3>Datos acad\u00e9micos de la tesis doctoral \u00ab<strong>Acci\u00f3n pol\u00edtica y transformaci\u00f3n de la educaci\u00f3n general b\u00e1sica en el estado de paran\u00e1 (1968\/1988). implicaciones hist\u00f3rico-socio-econ\u00f3micas en la educaci\u00f3n<\/strong>\u00ab<\/h3>\n<ul>\n<li><strong>T\u00edtulo de la tesis:<\/strong>\u00a0 Acci\u00f3n pol\u00edtica y transformaci\u00f3n de la educaci\u00f3n general b\u00e1sica en el estado de paran\u00e1 (1968\/1988). implicaciones hist\u00f3rico-socio-econ\u00f3micas en la educaci\u00f3n <\/li>\n<li><strong>Autor:<\/strong>\u00a0 Edwirge Vieira Franco <\/li>\n<li><strong>Universidad:<\/strong>\u00a0 Le\u00f3n<\/li>\n<li><strong>Fecha de lectura de la tesis:<\/strong>\u00a0 09\/07\/2002<\/li>\n<\/ul>\n<p>&nbsp;<\/p>\n<h3>Direcci\u00f3n y tribunal<\/h3>\n<ul>\n<li><strong>Director de la tesis<\/strong>\n<ul>\n<li>Secundino Jose Gutierrez  Alvarez<\/li>\n<\/ul>\n<\/li>\n<li><strong>Tribunal<\/strong>\n<ul>\n<li>Presidente del tribunal: manuel Redero san roman <\/li>\n<li>gustavo Puente f\u00e9lix (vocal)<\/li>\n<li> Ru\u00edz de az\u00faa y mart\u00ednez estibaliz (vocal)<\/li>\n<li>Jos\u00e9 Luis Mart\u00ednez sanz (vocal)<\/li>\n<\/ul>\n<\/li>\n<\/ul>\n<p>&nbsp;<\/p>\n","protected":false},"excerpt":{"rendered":"<p>Tesis doctoral de Edwirge Vieira Franco Del a\u00f1o de 1968 hasta 1979, a provincia de paran\u00e1, pasa por dos grandes [&hellip;]<\/p>\n","protected":false},"author":1,"featured_media":0,"comment_status":"open","ping_status":"open","sticky":false,"template":"","format":"standard","meta":{"site-sidebar-layout":"default","site-content-layout":"","ast-site-content-layout":"","site-content-style":"default","site-sidebar-style":"default","ast-global-header-display":"","ast-banner-title-visibility":"","ast-main-header-display":"","ast-hfb-above-header-display":"","ast-hfb-below-header-display":"","ast-hfb-mobile-header-display":"","site-post-title":"","ast-breadcrumbs-content":"","ast-featured-img":"","footer-sml-layout":"","theme-transparent-header-meta":"","adv-header-id-meta":"","stick-header-meta":"","header-above-stick-meta":"","header-main-stick-meta":"","header-below-stick-meta":"","astra-migrate-meta-layouts":"default","ast-page-background-enabled":"default","ast-page-background-meta":{"desktop":{"background-color":"var(--ast-global-color-4)","background-image":"","background-repeat":"repeat","background-position":"center center","background-size":"auto","background-attachment":"scroll","background-type":"","background-media":"","overlay-type":"","overlay-color":"","overlay-gradient":""},"tablet":{"background-color":"","background-image":"","background-repeat":"repeat","background-position":"center center","background-size":"auto","background-attachment":"scroll","background-type":"","background-media":"","overlay-type":"","overlay-color":"","overlay-gradient":""},"mobile":{"background-color":"","background-image":"","background-repeat":"repeat","background-position":"center center","background-size":"auto","background-attachment":"scroll","background-type":"","background-media":"","overlay-type":"","overlay-color":"","overlay-gradient":""}},"ast-content-background-meta":{"desktop":{"background-color":"var(--ast-global-color-5)","background-image":"","background-repeat":"repeat","background-position":"center center","background-size":"auto","background-attachment":"scroll","background-type":"","background-media":"","overlay-type":"","overlay-color":"","overlay-gradient":""},"tablet":{"background-color":"var(--ast-global-color-5)","background-image":"","background-repeat":"repeat","background-position":"center center","background-size":"auto","background-attachment":"scroll","background-type":"","background-media":"","overlay-type":"","overlay-color":"","overlay-gradient":""},"mobile":{"background-color":"var(--ast-global-color-5)","background-image":"","background-repeat":"repeat","background-position":"center center","background-size":"auto","background-attachment":"scroll","background-type":"","background-media":"","overlay-type":"","overlay-color":"","overlay-gradient":""}},"footnotes":""},"categories":[104,1816,6049,311,220,222,4430],"tags":[56674,56675,45463,25832,56676,7059],"class_list":["post-18237","post","type-post","status-publish","format-standard","hentry","category-historia","category-historia-contemporanea","category-historia-contemporanea-del-area-americana","category-historia-de-la-educacion","category-historia-por-epocas","category-historias-especializadas","category-leon","tag-edwirge-vieira-franco","tag-gustavo-puente-felix","tag-jose-luis-Martinez-sanz","tag-manuel-redero-san-roman","tag-ruiz-de-azua-y-Martinez-estibaliz","tag-secundino-jose-gutierrez-alvarez"],"_links":{"self":[{"href":"https:\/\/www.deberes.net\/tesis\/wp-json\/wp\/v2\/posts\/18237","targetHints":{"allow":["GET"]}}],"collection":[{"href":"https:\/\/www.deberes.net\/tesis\/wp-json\/wp\/v2\/posts"}],"about":[{"href":"https:\/\/www.deberes.net\/tesis\/wp-json\/wp\/v2\/types\/post"}],"author":[{"embeddable":true,"href":"https:\/\/www.deberes.net\/tesis\/wp-json\/wp\/v2\/users\/1"}],"replies":[{"embeddable":true,"href":"https:\/\/www.deberes.net\/tesis\/wp-json\/wp\/v2\/comments?post=18237"}],"version-history":[{"count":0,"href":"https:\/\/www.deberes.net\/tesis\/wp-json\/wp\/v2\/posts\/18237\/revisions"}],"wp:attachment":[{"href":"https:\/\/www.deberes.net\/tesis\/wp-json\/wp\/v2\/media?parent=18237"}],"wp:term":[{"taxonomy":"category","embeddable":true,"href":"https:\/\/www.deberes.net\/tesis\/wp-json\/wp\/v2\/categories?post=18237"},{"taxonomy":"post_tag","embeddable":true,"href":"https:\/\/www.deberes.net\/tesis\/wp-json\/wp\/v2\/tags?post=18237"}],"curies":[{"name":"wp","href":"https:\/\/api.w.org\/{rel}","templated":true}]}}