{"id":18249,"date":"2002-09-07T00:00:00","date_gmt":"2002-09-07T00:00:00","guid":{"rendered":"https:\/\/www.deberes.net\/tesis\/sin-categoria\/generos-perioda%c2%adsticos-de-opinion-una-revision-acorde-a-los-tiempos\/"},"modified":"2002-09-07T00:00:00","modified_gmt":"2002-09-07T00:00:00","slug":"generos-perioda%c2%adsticos-de-opinion-una-revision-acorde-a-los-tiempos","status":"publish","type":"post","link":"https:\/\/www.deberes.net\/tesis\/historia\/generos-perioda%c2%adsticos-de-opinion-una-revision-acorde-a-los-tiempos\/","title":{"rendered":"G\u00e9neros period\u00edsticos de opini\u00f3n: una revisi\u00f3n acorde a los tiempos"},"content":{"rendered":"<h2>Tesis doctoral de <strong>  Viada Ruatta M\u00f3nica M. <\/strong><\/h2>\n<p>La presente tesis de doctorado se propone revisar los g\u00e9neros period\u00edsticos de opini\u00f3n en la prensa diaria de argentina desde la perspectiva de las pr\u00e1cticas productivas y con una metodolog\u00eda cualitativa.  la investigaci\u00f3n se divide en dos partes:  en la primera se realiza una aproximaci\u00f3n a la problem\u00e1tica a desarrollar. se sit\u00faa el objeto de estudio de un marco referencial, se profundiza el debate sobre las caracter\u00edsticas y vigencia de los g\u00e9neros, se desarrolla el discurso argumentativo propio de los textos de opini\u00f3n y se realiza un repaso hist\u00f3rico para contextualizar la situaci\u00f3n pol\u00edtica y social en la que aparecen los distintos g\u00e9neros period\u00edsticos.  la segunda parte se centra en la caracterizaci\u00f3n de cada g\u00e9nero de opini\u00f3n en particular y se dedica un cap\u00edtulo al fen\u00f3meno de mestizaje o contaminaci\u00f3n de estos tipos textuales.  la metodolog\u00eda empleada incluye la revisi\u00f3n bibliogr\u00e1fica sobre g\u00e9neros period\u00edsticos, estudio de art\u00edculos de los medios seleccionados y entrevistas en profundidad a los productos y editores de art\u00edculos de opini\u00f3n.  las unidades de observaci\u00f3n elegidas son los diarios clar\u00edn y la naci\u00f3n, ambos de circulaci\u00f3n nacional, y la voz del interior, de circulaci\u00f3n regional.  finalmente, se presentan los hallazgos y conclusiones producto de la investigaci\u00f3n y se se\u00f1alan nuevos aspectos susceptibles de ser investigados.<\/p>\n<p>&nbsp;<\/p>\n<h3>Datos acad\u00e9micos de la tesis doctoral \u00ab<strong>G\u00e9neros period\u00edsticos de opini\u00f3n: una revisi\u00f3n acorde a los tiempos<\/strong>\u00ab<\/h3>\n<ul>\n<li><strong>T\u00edtulo de la tesis:<\/strong>\u00a0 G\u00e9neros period\u00edsticos de opini\u00f3n: una revisi\u00f3n acorde a los tiempos <\/li>\n<li><strong>Autor:<\/strong>\u00a0  Viada Ruatta M\u00f3nica M. <\/li>\n<li><strong>Universidad:<\/strong>\u00a0 La laguna<\/li>\n<li><strong>Fecha de lectura de la tesis:<\/strong>\u00a0 09\/07\/2002<\/li>\n<\/ul>\n<p>&nbsp;<\/p>\n<h3>Direcci\u00f3n y tribunal<\/h3>\n<ul>\n<li><strong>Director de la tesis<\/strong>\n<ul>\n<li> Pablos Coello Jos\u00e9 Manuel De<\/li>\n<\/ul>\n<\/li>\n<li><strong>Tribunal<\/strong>\n<ul>\n<li>Presidente del tribunal: Jos\u00e9 Luis Martinez albertos <\/li>\n<li>pastora Moreno espinoza (vocal)<\/li>\n<li>lidia Cabrera p\u00e9rez (vocal)<\/li>\n<li>  (vocal)<\/li>\n<\/ul>\n<\/li>\n<\/ul>\n<p>&nbsp;<\/p>\n","protected":false},"excerpt":{"rendered":"<p>Tesis doctoral de Viada Ruatta M\u00f3nica M. La presente tesis de doctorado se propone revisar los g\u00e9neros period\u00edsticos de opini\u00f3n [&hellip;]<\/p>\n","protected":false},"author":1,"featured_media":0,"comment_status":"open","ping_status":"open","sticky":false,"template":"","format":"standard","meta":{"site-sidebar-layout":"default","site-content-layout":"","ast-site-content-layout":"","site-content-style":"default","site-sidebar-style":"default","ast-global-header-display":"","ast-banner-title-visibility":"","ast-main-header-display":"","ast-hfb-above-header-display":"","ast-hfb-below-header-display":"","ast-hfb-mobile-header-display":"","site-post-title":"","ast-breadcrumbs-content":"","ast-featured-img":"","footer-sml-layout":"","theme-transparent-header-meta":"","adv-header-id-meta":"","stick-header-meta":"","header-above-stick-meta":"","header-main-stick-meta":"","header-below-stick-meta":"","astra-migrate-meta-layouts":"default","ast-page-background-enabled":"default","ast-page-background-meta":{"desktop":{"background-color":"var(--ast-global-color-4)","background-image":"","background-repeat":"repeat","background-position":"center center","background-size":"auto","background-attachment":"scroll","background-type":"","background-media":"","overlay-type":"","overlay-color":"","overlay-gradient":""},"tablet":{"background-color":"","background-image":"","background-repeat":"repeat","background-position":"center center","background-size":"auto","background-attachment":"scroll","background-type":"","background-media":"","overlay-type":"","overlay-color":"","overlay-gradient":""},"mobile":{"background-color":"","background-image":"","background-repeat":"repeat","background-position":"center center","background-size":"auto","background-attachment":"scroll","background-type":"","background-media":"","overlay-type":"","overlay-color":"","overlay-gradient":""}},"ast-content-background-meta":{"desktop":{"background-color":"var(--ast-global-color-5)","background-image":"","background-repeat":"repeat","background-position":"center center","background-size":"auto","background-attachment":"scroll","background-type":"","background-media":"","overlay-type":"","overlay-color":"","overlay-gradient":""},"tablet":{"background-color":"var(--ast-global-color-5)","background-image":"","background-repeat":"repeat","background-position":"center center","background-size":"auto","background-attachment":"scroll","background-type":"","background-media":"","overlay-type":"","overlay-color":"","overlay-gradient":""},"mobile":{"background-color":"var(--ast-global-color-5)","background-image":"","background-repeat":"repeat","background-position":"center center","background-size":"auto","background-attachment":"scroll","background-type":"","background-media":"","overlay-type":"","overlay-color":"","overlay-gradient":""}},"footnotes":""},"categories":[838,104,5812,222,9915,4840,4841],"tags":[5208,45528,22892,56707,56706],"class_list":["post-18249","post","type-post","status-publish","format-standard","hentry","category-ciencia-politica","category-historia","category-historia-del-periodismo","category-historias-especializadas","category-la-laguna","category-opinion-publica","category-prensa","tag-jose-luis-Martinez-albertos","tag-lidia-cabrera-perez","tag-pablos-coello-jose-manuel-de","tag-pastora-moreno-espinoza","tag-viada-ruatta-monica-m"],"_links":{"self":[{"href":"https:\/\/www.deberes.net\/tesis\/wp-json\/wp\/v2\/posts\/18249","targetHints":{"allow":["GET"]}}],"collection":[{"href":"https:\/\/www.deberes.net\/tesis\/wp-json\/wp\/v2\/posts"}],"about":[{"href":"https:\/\/www.deberes.net\/tesis\/wp-json\/wp\/v2\/types\/post"}],"author":[{"embeddable":true,"href":"https:\/\/www.deberes.net\/tesis\/wp-json\/wp\/v2\/users\/1"}],"replies":[{"embeddable":true,"href":"https:\/\/www.deberes.net\/tesis\/wp-json\/wp\/v2\/comments?post=18249"}],"version-history":[{"count":0,"href":"https:\/\/www.deberes.net\/tesis\/wp-json\/wp\/v2\/posts\/18249\/revisions"}],"wp:attachment":[{"href":"https:\/\/www.deberes.net\/tesis\/wp-json\/wp\/v2\/media?parent=18249"}],"wp:term":[{"taxonomy":"category","embeddable":true,"href":"https:\/\/www.deberes.net\/tesis\/wp-json\/wp\/v2\/categories?post=18249"},{"taxonomy":"post_tag","embeddable":true,"href":"https:\/\/www.deberes.net\/tesis\/wp-json\/wp\/v2\/tags?post=18249"}],"curies":[{"name":"wp","href":"https:\/\/api.w.org\/{rel}","templated":true}]}}