{"id":18292,"date":"2002-10-07T00:00:00","date_gmt":"2002-10-07T00:00:00","guid":{"rendered":"https:\/\/www.deberes.net\/tesis\/sin-categoria\/la-proteccion-jurisdiccional-de-la-marca\/"},"modified":"2002-10-07T00:00:00","modified_gmt":"2002-10-07T00:00:00","slug":"la-proteccion-jurisdiccional-de-la-marca","status":"publish","type":"post","link":"https:\/\/www.deberes.net\/tesis\/ciencias-juridicas-y-derecho\/la-proteccion-jurisdiccional-de-la-marca\/","title":{"rendered":"La protecci\u00f3n jurisdiccional de la marca"},"content":{"rendered":"<h2>Tesis doctoral de <strong> Ricardo Alcaide Diaz Llanos <\/strong><\/h2>\n<p>La presente tesis doctoral aborda el tratamiento jurisdiccional de la marca, desde los tres puntos de vista que se reconocen en nuestro ordenamiento jur\u00eddico, a saber; penal, contencioso-administrativo y civil. Todo ello se precede de unas nociones previas sobre conceptos b\u00e1sicos de la marca, efectuados desde la \u00f3ptica del derecho material.  dentro de los aspectos m\u00e1s relevantes que se estudian en el proceso civil, al que, debido a su relevancia pr\u00e1ctica, se le dedica una especial atenci\u00f3n, hay que mencionar el estudio del criterio de competencia que se recoge en el art. 125 lp, el objeto del proceso, incluida la legitimaci\u00f3n, el plazo para la interposici\u00f3n de la pretensi\u00f3n, a los aspectos procedimentales, medidas cautelares y ejecuci\u00f3n.<\/p>\n<p>&nbsp;<\/p>\n<h3>Datos acad\u00e9micos de la tesis doctoral \u00ab<strong>La protecci\u00f3n jurisdiccional de la marca<\/strong>\u00ab<\/h3>\n<ul>\n<li><strong>T\u00edtulo de la tesis:<\/strong>\u00a0 La protecci\u00f3n jurisdiccional de la marca <\/li>\n<li><strong>Autor:<\/strong>\u00a0 Ricardo Alcaide Diaz Llanos <\/li>\n<li><strong>Universidad:<\/strong>\u00a0 Castilla-la mancha<\/li>\n<li><strong>Fecha de lectura de la tesis:<\/strong>\u00a0 10\/07\/2002<\/li>\n<\/ul>\n<p>&nbsp;<\/p>\n<h3>Direcci\u00f3n y tribunal<\/h3>\n<ul>\n<li><strong>Director de la tesis<\/strong>\n<ul>\n<li>Vicente Gimeno Sendra<\/li>\n<\/ul>\n<\/li>\n<li><strong>Tribunal<\/strong>\n<ul>\n<li>Presidente del tribunal: manuel Moron palomino <\/li>\n<li>Jos\u00e9 Barberi lobregat (vocal)<\/li>\n<li>Jos\u00e9 Mar\u00eda Asencio mellado (vocal)<\/li>\n<li>esperanza Gallego s\u00e1nchez (vocal)<\/li>\n<\/ul>\n<\/li>\n<\/ul>\n<p>&nbsp;<\/p>\n","protected":false},"excerpt":{"rendered":"<p>Tesis doctoral de Ricardo Alcaide Diaz Llanos La presente tesis doctoral aborda el tratamiento jurisdiccional de la marca, desde los [&hellip;]<\/p>\n","protected":false},"author":1,"featured_media":0,"comment_status":"open","ping_status":"open","sticky":false,"template":"","format":"standard","meta":{"site-sidebar-layout":"default","site-content-layout":"","ast-site-content-layout":"","site-content-style":"default","site-sidebar-style":"default","ast-global-header-display":"","ast-banner-title-visibility":"","ast-main-header-display":"","ast-hfb-above-header-display":"","ast-hfb-below-header-display":"","ast-hfb-mobile-header-display":"","site-post-title":"","ast-breadcrumbs-content":"","ast-featured-img":"","footer-sml-layout":"","theme-transparent-header-meta":"","adv-header-id-meta":"","stick-header-meta":"","header-above-stick-meta":"","header-main-stick-meta":"","header-below-stick-meta":"","astra-migrate-meta-layouts":"default","ast-page-background-enabled":"default","ast-page-background-meta":{"desktop":{"background-color":"var(--ast-global-color-4)","background-image":"","background-repeat":"repeat","background-position":"center center","background-size":"auto","background-attachment":"scroll","background-type":"","background-media":"","overlay-type":"","overlay-color":"","overlay-gradient":""},"tablet":{"background-color":"","background-image":"","background-repeat":"repeat","background-position":"center center","background-size":"auto","background-attachment":"scroll","background-type":"","background-media":"","overlay-type":"","overlay-color":"","overlay-gradient":""},"mobile":{"background-color":"","background-image":"","background-repeat":"repeat","background-position":"center center","background-size":"auto","background-attachment":"scroll","background-type":"","background-media":"","overlay-type":"","overlay-color":"","overlay-gradient":""}},"ast-content-background-meta":{"desktop":{"background-color":"var(--ast-global-color-5)","background-image":"","background-repeat":"repeat","background-position":"center center","background-size":"auto","background-attachment":"scroll","background-type":"","background-media":"","overlay-type":"","overlay-color":"","overlay-gradient":""},"tablet":{"background-color":"var(--ast-global-color-5)","background-image":"","background-repeat":"repeat","background-position":"center center","background-size":"auto","background-attachment":"scroll","background-type":"","background-media":"","overlay-type":"","overlay-color":"","overlay-gradient":""},"mobile":{"background-color":"var(--ast-global-color-5)","background-image":"","background-repeat":"repeat","background-position":"center center","background-size":"auto","background-attachment":"scroll","background-type":"","background-media":"","overlay-type":"","overlay-color":"","overlay-gradient":""}},"footnotes":""},"categories":[18451,612,1442,1251,613,979],"tags":[56826,56825,26180,13552,56824,9702],"class_list":["post-18292","post","type-post","status-publish","format-standard","hentry","category-castilla-la-mancha","category-ciencias-juridicas-y-derecho","category-derecho-administrativo","category-derecho-civil","category-derecho-penal","category-derecho-y-legislacion-nacionales","tag-esperanza-gallego-sanchez","tag-jose-barberi-lobregat","tag-jose-maria-asencio-mellado","tag-manuel-moron-palomino","tag-ricardo-alcaide-diaz-llanos","tag-vicente-gimeno-sendra"],"_links":{"self":[{"href":"https:\/\/www.deberes.net\/tesis\/wp-json\/wp\/v2\/posts\/18292","targetHints":{"allow":["GET"]}}],"collection":[{"href":"https:\/\/www.deberes.net\/tesis\/wp-json\/wp\/v2\/posts"}],"about":[{"href":"https:\/\/www.deberes.net\/tesis\/wp-json\/wp\/v2\/types\/post"}],"author":[{"embeddable":true,"href":"https:\/\/www.deberes.net\/tesis\/wp-json\/wp\/v2\/users\/1"}],"replies":[{"embeddable":true,"href":"https:\/\/www.deberes.net\/tesis\/wp-json\/wp\/v2\/comments?post=18292"}],"version-history":[{"count":0,"href":"https:\/\/www.deberes.net\/tesis\/wp-json\/wp\/v2\/posts\/18292\/revisions"}],"wp:attachment":[{"href":"https:\/\/www.deberes.net\/tesis\/wp-json\/wp\/v2\/media?parent=18292"}],"wp:term":[{"taxonomy":"category","embeddable":true,"href":"https:\/\/www.deberes.net\/tesis\/wp-json\/wp\/v2\/categories?post=18292"},{"taxonomy":"post_tag","embeddable":true,"href":"https:\/\/www.deberes.net\/tesis\/wp-json\/wp\/v2\/tags?post=18292"}],"curies":[{"name":"wp","href":"https:\/\/api.w.org\/{rel}","templated":true}]}}