{"id":18311,"date":"2002-11-07T00:00:00","date_gmt":"2002-11-07T00:00:00","guid":{"rendered":"https:\/\/www.deberes.net\/tesis\/sin-categoria\/factores-determinantes-del-grado-de-externalizacion-de-las-funciones-del-sistema-de-informacion\/"},"modified":"2002-11-07T00:00:00","modified_gmt":"2002-11-07T00:00:00","slug":"factores-determinantes-del-grado-de-externalizacion-de-las-funciones-del-sistema-de-informacion","status":"publish","type":"post","link":"https:\/\/www.deberes.net\/tesis\/ciencias-economicas\/factores-determinantes-del-grado-de-externalizacion-de-las-funciones-del-sistema-de-informacion\/","title":{"rendered":"Factores determinantes del grado de externalizaci\u00f3n de las funciones del sistema de informaci\u00f3n"},"content":{"rendered":"<h2>Tesis doctoral de <strong> Emilio Alvarez Suescun <\/strong><\/h2>\n<p>La finalidad de la presente tesis doctoral es el desarrollo de un marco te\u00f3rico integrador que permita identificar los principales factores explicativos de las decisiones de externalizar (o internalizar) las funciones de los sistemas de informaci\u00f3n, considerando no s\u00f3lo aspectos de racionalidad econ\u00f3mica, sino tambi\u00e9n elementos de car\u00e1cter pol\u00edtico.  con este prop\u00f3sito, este trabajo se estructura en los siguientes apartados. en primer lugar, a partir de una exhaustiva revisi\u00f3n de la literatura se identifican siete enfoques, dentro de las teor\u00edas econ\u00f3micas de la organizaci\u00f3n, la direcci\u00f3n estrat\u00e9gica y la teor\u00eda de la organizaci\u00f3n, que pueden utilizarse para el estudio de las decisiones de hacer o comprar en el \u00e1mbito de las actividades de la cadena de valor, en general, y de los sistemas de informaci\u00f3n, en particular.  posteriormente, se describe el modelo espec\u00edfico, donde, aplicando los fundamentos de los anteriores enfoques al estudio de las decisiones de externalizar (o internalizar) una funci\u00f3n del sistema de informaci\u00f3n, se identifican los principales factores explicativos de dicha decisi\u00f3n. Estos factores se agruparon en funci\u00f3n de su naturaleza: aquellos asociados con la existencia de oportunismo (especificidad de activos y problemas de medida), los relacionados con el car\u00e1cter estrat\u00e9gico de los sistemas de informaci\u00f3n y aquellos factores de car\u00e1cter pol\u00edtico (poder interdepartamental e influencia externa).  las hip\u00f3tesis que se derivan de ese modelo se contrastar\u00e1n para las funciones de desarrollo e implantaci\u00f3n del sistema de informaci\u00f3n en el \u00e1rea de recursos humanos. Para ello, la informaci\u00f3n, obtenida por medio de una encuesta electr\u00f3nica donde se obtuvo una alta tasa de respuesta, se tratar\u00e1 por medio de la t\u00e9cnica estad\u00edstica de la regresi\u00f3n log\u00edstica multinomial o logit multinomial. Por razones econ\u00f3micas y estad\u00edsticas, previamente hubo que aplicar una serie de pruebas para ag<\/p>\n<p>&nbsp;<\/p>\n<h3>Datos acad\u00e9micos de la tesis doctoral \u00ab<strong>Factores determinantes del grado de externalizaci\u00f3n de las funciones del sistema de informaci\u00f3n<\/strong>\u00ab<\/h3>\n<ul>\n<li><strong>T\u00edtulo de la tesis:<\/strong>\u00a0 Factores determinantes del grado de externalizaci\u00f3n de las funciones del sistema de informaci\u00f3n <\/li>\n<li><strong>Autor:<\/strong>\u00a0 Emilio Alvarez Suescun <\/li>\n<li><strong>Universidad:<\/strong>\u00a0 Complutense de Madrid<\/li>\n<li><strong>Fecha de lectura de la tesis:<\/strong>\u00a0 11\/07\/2002<\/li>\n<\/ul>\n<p>&nbsp;<\/p>\n<h3>Direcci\u00f3n y tribunal<\/h3>\n<ul>\n<li><strong>Director de la tesis<\/strong>\n<ul>\n<li>Jos\u00e9 Emilio Navas L\u00f3pez<\/li>\n<\/ul>\n<\/li>\n<li><strong>Tribunal<\/strong>\n<ul>\n<li>Presidente del tribunal: Jos\u00e9 alvaro Cuervo garcia <\/li>\n<li>zulima Fernandez rodriguez (vocal)<\/li>\n<li>Rafael Andreu civit (vocal)<\/li>\n<li>isabel Suarez gonzalez (vocal)<\/li>\n<\/ul>\n<\/li>\n<\/ul>\n<p>&nbsp;<\/p>\n","protected":false},"excerpt":{"rendered":"<p>Tesis doctoral de Emilio Alvarez Suescun La finalidad de la presente tesis doctoral es el desarrollo de un marco te\u00f3rico [&hellip;]<\/p>\n","protected":false},"author":1,"featured_media":0,"comment_status":"open","ping_status":"open","sticky":false,"template":"","format":"standard","meta":{"site-sidebar-layout":"default","site-content-layout":"","ast-site-content-layout":"","site-content-style":"default","site-sidebar-style":"default","ast-global-header-display":"","ast-banner-title-visibility":"","ast-main-header-display":"","ast-hfb-above-header-display":"","ast-hfb-below-header-display":"","ast-hfb-mobile-header-display":"","site-post-title":"","ast-breadcrumbs-content":"","ast-featured-img":"","footer-sml-layout":"","theme-transparent-header-meta":"","adv-header-id-meta":"","stick-header-meta":"","header-above-stick-meta":"","header-main-stick-meta":"","header-below-stick-meta":"","astra-migrate-meta-layouts":"default","ast-page-background-enabled":"default","ast-page-background-meta":{"desktop":{"background-color":"var(--ast-global-color-4)","background-image":"","background-repeat":"repeat","background-position":"center center","background-size":"auto","background-attachment":"scroll","background-type":"","background-media":"","overlay-type":"","overlay-color":"","overlay-gradient":""},"tablet":{"background-color":"","background-image":"","background-repeat":"repeat","background-position":"center center","background-size":"auto","background-attachment":"scroll","background-type":"","background-media":"","overlay-type":"","overlay-color":"","overlay-gradient":""},"mobile":{"background-color":"","background-image":"","background-repeat":"repeat","background-position":"center center","background-size":"auto","background-attachment":"scroll","background-type":"","background-media":"","overlay-type":"","overlay-color":"","overlay-gradient":""}},"ast-content-background-meta":{"desktop":{"background-color":"var(--ast-global-color-5)","background-image":"","background-repeat":"repeat","background-position":"center center","background-size":"auto","background-attachment":"scroll","background-type":"","background-media":"","overlay-type":"","overlay-color":"","overlay-gradient":""},"tablet":{"background-color":"var(--ast-global-color-5)","background-image":"","background-repeat":"repeat","background-position":"center center","background-size":"auto","background-attachment":"scroll","background-type":"","background-media":"","overlay-type":"","overlay-color":"","overlay-gradient":""},"mobile":{"background-color":"var(--ast-global-color-5)","background-image":"","background-repeat":"repeat","background-position":"center center","background-size":"auto","background-attachment":"scroll","background-type":"","background-media":"","overlay-type":"","overlay-color":"","overlay-gradient":""}},"footnotes":""},"categories":[82,2428,1302],"tags":[56878,4588,796,5987,56879,9173],"class_list":["post-18311","post","type-post","status-publish","format-standard","hentry","category-ciencias-economicas","category-investigacion-operativa-en-la-empresa","category-organizacion-y-gestion-de-empresas","tag-emilio-alvarez-suescun","tag-isabel-suarez-gonzalez","tag-jose-alvaro-cuervo-garcia","tag-jose-emilio-navas-lopez","tag-rafael-andreu-civit","tag-zulima-fernandez-rodriguez"],"_links":{"self":[{"href":"https:\/\/www.deberes.net\/tesis\/wp-json\/wp\/v2\/posts\/18311","targetHints":{"allow":["GET"]}}],"collection":[{"href":"https:\/\/www.deberes.net\/tesis\/wp-json\/wp\/v2\/posts"}],"about":[{"href":"https:\/\/www.deberes.net\/tesis\/wp-json\/wp\/v2\/types\/post"}],"author":[{"embeddable":true,"href":"https:\/\/www.deberes.net\/tesis\/wp-json\/wp\/v2\/users\/1"}],"replies":[{"embeddable":true,"href":"https:\/\/www.deberes.net\/tesis\/wp-json\/wp\/v2\/comments?post=18311"}],"version-history":[{"count":0,"href":"https:\/\/www.deberes.net\/tesis\/wp-json\/wp\/v2\/posts\/18311\/revisions"}],"wp:attachment":[{"href":"https:\/\/www.deberes.net\/tesis\/wp-json\/wp\/v2\/media?parent=18311"}],"wp:term":[{"taxonomy":"category","embeddable":true,"href":"https:\/\/www.deberes.net\/tesis\/wp-json\/wp\/v2\/categories?post=18311"},{"taxonomy":"post_tag","embeddable":true,"href":"https:\/\/www.deberes.net\/tesis\/wp-json\/wp\/v2\/tags?post=18311"}],"curies":[{"name":"wp","href":"https:\/\/api.w.org\/{rel}","templated":true}]}}