{"id":18332,"date":"2002-11-07T00:00:00","date_gmt":"2002-11-07T00:00:00","guid":{"rendered":"https:\/\/www.deberes.net\/tesis\/sin-categoria\/ensayos-sobre-la-inconsistencia-temporal-de-la-pola%c2%adtica-fa%c2%adscal-optima\/"},"modified":"2002-11-07T00:00:00","modified_gmt":"2002-11-07T00:00:00","slug":"ensayos-sobre-la-inconsistencia-temporal-de-la-pola%c2%adtica-fa%c2%adscal-optima","status":"publish","type":"post","link":"https:\/\/www.deberes.net\/tesis\/ciencias-economicas\/ensayos-sobre-la-inconsistencia-temporal-de-la-pola%c2%adtica-fa%c2%adscal-optima\/","title":{"rendered":"Ensayos sobre la inconsistencia temporal de la pol\u00edtica f\u00edscal \u00f3ptima"},"content":{"rendered":"<h2>Tesis doctoral de <strong> Bego\u00f1a Dom\u00ednguez Manzano <\/strong><\/h2>\n<p>Esta tesis tiene cuatro cap\u00edtulos que exploran el papel de la deuda p\u00fablica en el problema de la inconsistencia temporal de la pol\u00edtica f\u00edscal \u00f3ptima. el cap\u00edtulo 1 resume la literatura existencia en esta \u00e1rea y pone en contexto las cuestiones que esta tesis ha pretendido responder. El cap\u00edtulo 2 analiza en composici\u00f3n \u00f3ptima de la deuda p\u00fablica en econom\u00edas con un mecanismo de reputaci\u00f3n. El cap\u00edtulo 3 estudia las propiedades de los impuestos \u00f3ptimos consistentes en el tiempo en econom\u00edas con un mercado de deuda p\u00fablica. el cap\u00edtulo 4 estudia el papel de la restructuraci\u00f3n de la deuda en una econom\u00eda con stock de capital privado y crecimiento en\u00f3geno via capital p\u00fablico. Esta tesis responde a estas preguntas y se\u00f1ala a la importancia de la deuda p\u00fablica en el problema de la inconsistencia temporal.<\/p>\n<p>&nbsp;<\/p>\n<h3>Datos acad\u00e9micos de la tesis doctoral \u00ab<strong>Ensayos sobre la inconsistencia temporal de la pol\u00edtica f\u00edscal \u00f3ptima<\/strong>\u00ab<\/h3>\n<ul>\n<li><strong>T\u00edtulo de la tesis:<\/strong>\u00a0 Ensayos sobre la inconsistencia temporal de la pol\u00edtica f\u00edscal \u00f3ptima <\/li>\n<li><strong>Autor:<\/strong>\u00a0 Bego\u00f1a Dom\u00ednguez Manzano <\/li>\n<li><strong>Universidad:<\/strong>\u00a0 Aut\u00f3noma de barcelona<\/li>\n<li><strong>Fecha de lectura de la tesis:<\/strong>\u00a0 11\/07\/2002<\/li>\n<\/ul>\n<p>&nbsp;<\/p>\n<h3>Direcci\u00f3n y tribunal<\/h3>\n<ul>\n<li><strong>Director de la tesis<\/strong>\n<ul>\n<li>Jordi Caballe Vilella<\/li>\n<\/ul>\n<\/li>\n<li><strong>Tribunal<\/strong>\n<ul>\n<li>Presidente del tribunal: ram\u00f3n Caminal <\/li>\n<li>Carlos Conesa Juan (vocal)<\/li>\n<li>albert Marcet torrens (vocal)<\/li>\n<li>Jes\u00fas Ruiz andujar (vocal)<\/li>\n<\/ul>\n<\/li>\n<\/ul>\n<p>&nbsp;<\/p>\n","protected":false},"excerpt":{"rendered":"<p>Tesis doctoral de Bego\u00f1a Dom\u00ednguez Manzano Esta tesis tiene cuatro cap\u00edtulos que exploran el papel de la deuda p\u00fablica en [&hellip;]<\/p>\n","protected":false},"author":1,"featured_media":0,"comment_status":"open","ping_status":"open","sticky":false,"template":"","format":"standard","meta":{"site-sidebar-layout":"default","site-content-layout":"","ast-site-content-layout":"","site-content-style":"default","site-sidebar-style":"default","ast-global-header-display":"","ast-banner-title-visibility":"","ast-main-header-display":"","ast-hfb-above-header-display":"","ast-hfb-below-header-display":"","ast-hfb-mobile-header-display":"","site-post-title":"","ast-breadcrumbs-content":"","ast-featured-img":"","footer-sml-layout":"","theme-transparent-header-meta":"","adv-header-id-meta":"","stick-header-meta":"","header-above-stick-meta":"","header-main-stick-meta":"","header-below-stick-meta":"","astra-migrate-meta-layouts":"default","ast-page-background-enabled":"default","ast-page-background-meta":{"desktop":{"background-color":"var(--ast-global-color-4)","background-image":"","background-repeat":"repeat","background-position":"center center","background-size":"auto","background-attachment":"scroll","background-type":"","background-media":"","overlay-type":"","overlay-color":"","overlay-gradient":""},"tablet":{"background-color":"","background-image":"","background-repeat":"repeat","background-position":"center center","background-size":"auto","background-attachment":"scroll","background-type":"","background-media":"","overlay-type":"","overlay-color":"","overlay-gradient":""},"mobile":{"background-color":"","background-image":"","background-repeat":"repeat","background-position":"center center","background-size":"auto","background-attachment":"scroll","background-type":"","background-media":"","overlay-type":"","overlay-color":"","overlay-gradient":""}},"ast-content-background-meta":{"desktop":{"background-color":"var(--ast-global-color-5)","background-image":"","background-repeat":"repeat","background-position":"center center","background-size":"auto","background-attachment":"scroll","background-type":"","background-media":"","overlay-type":"","overlay-color":"","overlay-gradient":""},"tablet":{"background-color":"var(--ast-global-color-5)","background-image":"","background-repeat":"repeat","background-position":"center center","background-size":"auto","background-attachment":"scroll","background-type":"","background-media":"","overlay-type":"","overlay-color":"","overlay-gradient":""},"mobile":{"background-color":"var(--ast-global-color-5)","background-image":"","background-repeat":"repeat","background-position":"center center","background-size":"auto","background-attachment":"scroll","background-type":"","background-media":"","overlay-type":"","overlay-color":"","overlay-gradient":""}},"footnotes":""},"categories":[82,6836,6837,6838,1443,890,737],"tags":[23091,56925,56926,56927,13876,23321],"class_list":["post-18332","post","type-post","status-publish","format-standard","hentry","category-ciencias-economicas","category-hacienda-publica-y-presupuestos","category-politica-fiscal-y-deuda-publica","category-politica-fiscal-y-hacienda-publica-nacionales","category-teoria-del-bienestar","category-teoria-del-crecimiento-economico","category-teoria-economica","tag-albert-marcet-torrens","tag-begona-dominguez-manzano","tag-carlos-conesa-juan","tag-jesus-ruiz-andujar","tag-jordi-caballe-vilella","tag-ramon-caminal"],"_links":{"self":[{"href":"https:\/\/www.deberes.net\/tesis\/wp-json\/wp\/v2\/posts\/18332","targetHints":{"allow":["GET"]}}],"collection":[{"href":"https:\/\/www.deberes.net\/tesis\/wp-json\/wp\/v2\/posts"}],"about":[{"href":"https:\/\/www.deberes.net\/tesis\/wp-json\/wp\/v2\/types\/post"}],"author":[{"embeddable":true,"href":"https:\/\/www.deberes.net\/tesis\/wp-json\/wp\/v2\/users\/1"}],"replies":[{"embeddable":true,"href":"https:\/\/www.deberes.net\/tesis\/wp-json\/wp\/v2\/comments?post=18332"}],"version-history":[{"count":0,"href":"https:\/\/www.deberes.net\/tesis\/wp-json\/wp\/v2\/posts\/18332\/revisions"}],"wp:attachment":[{"href":"https:\/\/www.deberes.net\/tesis\/wp-json\/wp\/v2\/media?parent=18332"}],"wp:term":[{"taxonomy":"category","embeddable":true,"href":"https:\/\/www.deberes.net\/tesis\/wp-json\/wp\/v2\/categories?post=18332"},{"taxonomy":"post_tag","embeddable":true,"href":"https:\/\/www.deberes.net\/tesis\/wp-json\/wp\/v2\/tags?post=18332"}],"curies":[{"name":"wp","href":"https:\/\/api.w.org\/{rel}","templated":true}]}}