{"id":18374,"date":"2002-12-07T00:00:00","date_gmt":"2002-12-07T00:00:00","guid":{"rendered":"https:\/\/www.deberes.net\/tesis\/sin-categoria\/las-construcciones-de-ascenso-de-sujeto-a-sujeto-en-el-programa-minimista-en-torno-al-verbo-parecer-en-espanol\/"},"modified":"2002-12-07T00:00:00","modified_gmt":"2002-12-07T00:00:00","slug":"las-construcciones-de-ascenso-de-sujeto-a-sujeto-en-el-programa-minimista-en-torno-al-verbo-parecer-en-espanol","status":"publish","type":"post","link":"https:\/\/www.deberes.net\/tesis\/linguistica\/las-construcciones-de-ascenso-de-sujeto-a-sujeto-en-el-programa-minimista-en-torno-al-verbo-parecer-en-espanol\/","title":{"rendered":"Las construcciones de ascenso de sujeto-a-sujeto en el programa minimista en torno al verbo parecer en espa\u00f1ol"},"content":{"rendered":"<h2>Tesis doctoral de <strong> Mee Park Young <\/strong><\/h2>\n<p>La presente tesis, bajo el t\u00edtulo las construcciones de ascenso de sujeto-a-sujeto en el programa minimista en torno al verbo parecer en espa\u00f1ol, tiene un doble objeto, a partir del an\u00e1lisis de la construcci\u00f3n del verbo de ascenso parecer en comparaci\u00f3n con sus correspondientes construcciones en otras lenguas  a,- proponer una nueva perspectiva con respecto al ascenso del sujeto en espa\u00f1ol que hace realizar el sujeto siempre en posici\u00f3n preverbal frente a la hip\u00f3tesis que permite el orden inverso de verbo-sujeto (vso).  b,- dar una nueva visi\u00f3n en torno a la condici\u00f3n de localidad que se observa en el ascenso bas\u00e1ndonos en los datos tomados, adem\u00e1s del espa\u00f1ol, de lenguas como el ingl\u00e9s, franc\u00e9s, italiano e islande\u00e9, entre otros.  dedicamos el cap\u00edtulo i a destacar los conceptos fundamentales y los mecanismos principales del programa minmista (chomsky 1993, 1994, 1995, 1998, 1999, 2001) que adoptamos como marco teorico para esta tesis. En el cap\u00edtulo ii, haremos un breve repaso de los trabajos elaborados en torno a la construcci\u00f3n de ascenso de sujeto-a-sujeto y, sobre todo, del verbo parecer en espa\u00f1ol. Apuntamos algunos problemas suscitados en los an\u00e1lisis anteriores y defendemos que el verbo parecer, como verbo l\u00e9xico, se comporta como verbo de ascenso.  en el cap\u00edtulos iii, nos centramos en el an\u00e1lisis de ascenso de sujeto en dos aspectos principales: en primer lugar, estudiamos el fen\u00f3meno del ascenso de sujeto desde los distintos tipos categoriales de complemento que toma el verbo parecer, y lo analizamos bas\u00e1ndonos en la noci\u00f3n de fase en segundo lugar, con respecto a la realizaci\u00f3n de sujeto en espa\u00f1ol, proponemos una nueva perspectiva sobre el ascenso de sujeto en espa\u00f1ol, cuya motivaci\u00f3n consideramos que se debe al rasgo-p del n\u00facleo t, por el cual el ascenso de sujeto crea la predicaci\u00f3n primaria.  en cap\u00edtulo iv, trataremos del fen\u00f3meno de localidad observado en las construcciones de asc<\/p>\n<p>&nbsp;<\/p>\n<h3>Datos acad\u00e9micos de la tesis doctoral \u00ab<strong>Las construcciones de ascenso de sujeto-a-sujeto en el programa minimista en torno al verbo parecer en espa\u00f1ol<\/strong>\u00ab<\/h3>\n<ul>\n<li><strong>T\u00edtulo de la tesis:<\/strong>\u00a0 Las construcciones de ascenso de sujeto-a-sujeto en el programa minimista en torno al verbo parecer en espa\u00f1ol <\/li>\n<li><strong>Autor:<\/strong>\u00a0 Mee Park Young <\/li>\n<li><strong>Universidad:<\/strong>\u00a0 Complutense de Madrid<\/li>\n<li><strong>Fecha de lectura de la tesis:<\/strong>\u00a0 12\/07\/2002<\/li>\n<\/ul>\n<p>&nbsp;<\/p>\n<h3>Direcci\u00f3n y tribunal<\/h3>\n<ul>\n<li><strong>Director de la tesis<\/strong>\n<ul>\n<li> Fern\u00e1ndez Leborans M. Jes\u00fas<\/li>\n<\/ul>\n<\/li>\n<li><strong>Tribunal<\/strong>\n<ul>\n<li>Presidente del tribunal: ignacio Bosque mu\u00f1oz <\/li>\n<li>Luis Javier Eguren guti\u00e9rrez (vocal)<\/li>\n<li>avelina Su\u00f1er gratacos (vocal)<\/li>\n<li>violeta Demonte barrento (vocal)<\/li>\n<\/ul>\n<\/li>\n<\/ul>\n<p>&nbsp;<\/p>\n","protected":false},"excerpt":{"rendered":"<p>Tesis doctoral de Mee Park Young La presente tesis, bajo el t\u00edtulo las construcciones de ascenso de sujeto-a-sujeto en el [&hellip;]<\/p>\n","protected":false},"author":1,"featured_media":0,"comment_status":"open","ping_status":"open","sticky":false,"template":"","format":"standard","meta":{"site-sidebar-layout":"default","site-content-layout":"","ast-site-content-layout":"","site-content-style":"default","site-sidebar-style":"default","ast-global-header-display":"","ast-banner-title-visibility":"","ast-main-header-display":"","ast-hfb-above-header-display":"","ast-hfb-below-header-display":"","ast-hfb-mobile-header-display":"","site-post-title":"","ast-breadcrumbs-content":"","ast-featured-img":"","footer-sml-layout":"","theme-transparent-header-meta":"","adv-header-id-meta":"","stick-header-meta":"","header-above-stick-meta":"","header-main-stick-meta":"","header-below-stick-meta":"","astra-migrate-meta-layouts":"default","ast-page-background-enabled":"default","ast-page-background-meta":{"desktop":{"background-color":"var(--ast-global-color-4)","background-image":"","background-repeat":"repeat","background-position":"center center","background-size":"auto","background-attachment":"scroll","background-type":"","background-media":"","overlay-type":"","overlay-color":"","overlay-gradient":""},"tablet":{"background-color":"","background-image":"","background-repeat":"repeat","background-position":"center center","background-size":"auto","background-attachment":"scroll","background-type":"","background-media":"","overlay-type":"","overlay-color":"","overlay-gradient":""},"mobile":{"background-color":"","background-image":"","background-repeat":"repeat","background-position":"center center","background-size":"auto","background-attachment":"scroll","background-type":"","background-media":"","overlay-type":"","overlay-color":"","overlay-gradient":""}},"ast-content-background-meta":{"desktop":{"background-color":"var(--ast-global-color-5)","background-image":"","background-repeat":"repeat","background-position":"center center","background-size":"auto","background-attachment":"scroll","background-type":"","background-media":"","overlay-type":"","overlay-color":"","overlay-gradient":""},"tablet":{"background-color":"var(--ast-global-color-5)","background-image":"","background-repeat":"repeat","background-position":"center center","background-size":"auto","background-attachment":"scroll","background-type":"","background-media":"","overlay-type":"","overlay-color":"","overlay-gradient":""},"mobile":{"background-color":"var(--ast-global-color-5)","background-image":"","background-repeat":"repeat","background-position":"center center","background-size":"auto","background-attachment":"scroll","background-type":"","background-media":"","overlay-type":"","overlay-color":"","overlay-gradient":""}},"footnotes":""},"categories":[1624,13411,104,59,62],"tags":[57037,24067,2543,38504,57036,57038],"class_list":["post-18374","post","type-post","status-publish","format-standard","hentry","category-ciencias-auxiliares-de-la-historia","category-filologia-espanola","category-historia","category-linguistica","category-linguistica-sincronica","tag-avelina-suner-gratacos","tag-fernandez-leborans-m-jesus","tag-ignacio-bosque-munoz","tag-luis-javier-eguren-gutierrez","tag-mee-park-young","tag-violeta-demonte-barrento"],"_links":{"self":[{"href":"https:\/\/www.deberes.net\/tesis\/wp-json\/wp\/v2\/posts\/18374","targetHints":{"allow":["GET"]}}],"collection":[{"href":"https:\/\/www.deberes.net\/tesis\/wp-json\/wp\/v2\/posts"}],"about":[{"href":"https:\/\/www.deberes.net\/tesis\/wp-json\/wp\/v2\/types\/post"}],"author":[{"embeddable":true,"href":"https:\/\/www.deberes.net\/tesis\/wp-json\/wp\/v2\/users\/1"}],"replies":[{"embeddable":true,"href":"https:\/\/www.deberes.net\/tesis\/wp-json\/wp\/v2\/comments?post=18374"}],"version-history":[{"count":0,"href":"https:\/\/www.deberes.net\/tesis\/wp-json\/wp\/v2\/posts\/18374\/revisions"}],"wp:attachment":[{"href":"https:\/\/www.deberes.net\/tesis\/wp-json\/wp\/v2\/media?parent=18374"}],"wp:term":[{"taxonomy":"category","embeddable":true,"href":"https:\/\/www.deberes.net\/tesis\/wp-json\/wp\/v2\/categories?post=18374"},{"taxonomy":"post_tag","embeddable":true,"href":"https:\/\/www.deberes.net\/tesis\/wp-json\/wp\/v2\/tags?post=18374"}],"curies":[{"name":"wp","href":"https:\/\/api.w.org\/{rel}","templated":true}]}}