{"id":18399,"date":"2002-12-07T00:00:00","date_gmt":"2002-12-07T00:00:00","guid":{"rendered":"https:\/\/www.deberes.net\/tesis\/sin-categoria\/sensores-de-fibra-optica-codificaddos-en-frecuencia-medida-de-voltaje-y-corriente\/"},"modified":"2002-12-07T00:00:00","modified_gmt":"2002-12-07T00:00:00","slug":"sensores-de-fibra-optica-codificaddos-en-frecuencia-medida-de-voltaje-y-corriente","status":"publish","type":"post","link":"https:\/\/www.deberes.net\/tesis\/fisica\/sensores-de-fibra-optica-codificaddos-en-frecuencia-medida-de-voltaje-y-corriente\/","title":{"rendered":"Sensores de fibra \u00f3ptica codificaddos en frecuencia: medida de voltaje y corriente."},"content":{"rendered":"<h2>Tesis doctoral de <strong> LLuis Mart\u00ednez L\u00e9on <\/strong><\/h2>\n<p>Se desarrolla un sensor interferometrico de fibra \u00f3ptica para la medida de tensiones y corrientes electr\u00f3nicas con aplicaciones en transformadores de red. Se resuelven los problemas asociados a vibraciones inestabilidades t\u00e9rmicas lograndose una precisi\u00f3n de medida del + &#8211; 1%.<\/p>\n<p>&nbsp;<\/p>\n<h3>Datos acad\u00e9micos de la tesis doctoral \u00ab<strong>Sensores de fibra \u00f3ptica codificaddos en frecuencia: medida de voltaje y corriente.<\/strong>\u00ab<\/h3>\n<ul>\n<li><strong>T\u00edtulo de la tesis:<\/strong>\u00a0 Sensores de fibra \u00f3ptica codificaddos en frecuencia: medida de voltaje y corriente. <\/li>\n<li><strong>Autor:<\/strong>\u00a0 LLuis Mart\u00ednez L\u00e9on <\/li>\n<li><strong>Universidad:<\/strong>\u00a0 Universitat de val\u00e9ncia (estudi general)<\/li>\n<li><strong>Fecha de lectura de la tesis:<\/strong>\u00a0 12\/07\/2002<\/li>\n<\/ul>\n<p>&nbsp;<\/p>\n<h3>Direcci\u00f3n y tribunal<\/h3>\n<ul>\n<li><strong>Director de la tesis<\/strong>\n<ul>\n<li>Miguel Vicente Andr\u00e9s Bou<\/li>\n<\/ul>\n<\/li>\n<li><strong>Tribunal<\/strong>\n<ul>\n<li>Presidente del tribunal: alfredo Segura Garc\u00eda del r\u00edo <\/li>\n<li> Matias maestro ignacio r. (vocal)<\/li>\n<li>Jos\u00e9 Campmany francoy (vocal)<\/li>\n<li>Javier Pelayo zueco (vocal)<\/li>\n<\/ul>\n<\/li>\n<\/ul>\n<p>&nbsp;<\/p>\n","protected":false},"excerpt":{"rendered":"<p>Tesis doctoral de LLuis Mart\u00ednez L\u00e9on Se desarrolla un sensor interferometrico de fibra \u00f3ptica para la medida de tensiones y [&hellip;]<\/p>\n","protected":false},"author":1,"featured_media":0,"comment_status":"open","ping_status":"open","sticky":false,"template":"","format":"standard","meta":{"site-sidebar-layout":"default","site-content-layout":"","ast-site-content-layout":"","site-content-style":"default","site-sidebar-style":"default","ast-global-header-display":"","ast-banner-title-visibility":"","ast-main-header-display":"","ast-hfb-above-header-display":"","ast-hfb-below-header-display":"","ast-hfb-mobile-header-display":"","site-post-title":"","ast-breadcrumbs-content":"","ast-featured-img":"","footer-sml-layout":"","theme-transparent-header-meta":"","adv-header-id-meta":"","stick-header-meta":"","header-above-stick-meta":"","header-main-stick-meta":"","header-below-stick-meta":"","astra-migrate-meta-layouts":"default","ast-page-background-enabled":"default","ast-page-background-meta":{"desktop":{"background-color":"var(--ast-global-color-4)","background-image":"","background-repeat":"repeat","background-position":"center center","background-size":"auto","background-attachment":"scroll","background-type":"","background-media":"","overlay-type":"","overlay-color":"","overlay-gradient":""},"tablet":{"background-color":"","background-image":"","background-repeat":"repeat","background-position":"center center","background-size":"auto","background-attachment":"scroll","background-type":"","background-media":"","overlay-type":"","overlay-color":"","overlay-gradient":""},"mobile":{"background-color":"","background-image":"","background-repeat":"repeat","background-position":"center center","background-size":"auto","background-attachment":"scroll","background-type":"","background-media":"","overlay-type":"","overlay-color":"","overlay-gradient":""}},"ast-content-background-meta":{"desktop":{"background-color":"var(--ast-global-color-5)","background-image":"","background-repeat":"repeat","background-position":"center center","background-size":"auto","background-attachment":"scroll","background-type":"","background-media":"","overlay-type":"","overlay-color":"","overlay-gradient":""},"tablet":{"background-color":"var(--ast-global-color-5)","background-image":"","background-repeat":"repeat","background-position":"center center","background-size":"auto","background-attachment":"scroll","background-type":"","background-media":"","overlay-type":"","overlay-color":"","overlay-gradient":""},"mobile":{"background-color":"var(--ast-global-color-5)","background-image":"","background-repeat":"repeat","background-position":"center center","background-size":"auto","background-attachment":"scroll","background-type":"","background-media":"","overlay-type":"","overlay-color":"","overlay-gradient":""}},"footnotes":""},"categories":[13391,332,987,2675,6875,199,8096,16845,1525,26268],"tags":[27277,49366,57103,57101,57102,11736],"class_list":["post-18399","post","type-post","status-publish","format-standard","hentry","category-aplicaciones-electricas","category-ciencias-tecnologicas","category-electromagnetismo","category-electronica","category-fibra-optica","category-fisica","category-ingenieria-y-tecnologia-electricas","category-ondas-electromagneticas","category-optica","category-piezoelectricidad","tag-alfredo-segura-garcia-del-rio","tag-javier-pelayo-zueco","tag-jose-campmany-francoy","tag-lluis-Martinez-leon","tag-matias-maestro-ignacio-r","tag-miguel-vicente-andres-bou"],"_links":{"self":[{"href":"https:\/\/www.deberes.net\/tesis\/wp-json\/wp\/v2\/posts\/18399","targetHints":{"allow":["GET"]}}],"collection":[{"href":"https:\/\/www.deberes.net\/tesis\/wp-json\/wp\/v2\/posts"}],"about":[{"href":"https:\/\/www.deberes.net\/tesis\/wp-json\/wp\/v2\/types\/post"}],"author":[{"embeddable":true,"href":"https:\/\/www.deberes.net\/tesis\/wp-json\/wp\/v2\/users\/1"}],"replies":[{"embeddable":true,"href":"https:\/\/www.deberes.net\/tesis\/wp-json\/wp\/v2\/comments?post=18399"}],"version-history":[{"count":0,"href":"https:\/\/www.deberes.net\/tesis\/wp-json\/wp\/v2\/posts\/18399\/revisions"}],"wp:attachment":[{"href":"https:\/\/www.deberes.net\/tesis\/wp-json\/wp\/v2\/media?parent=18399"}],"wp:term":[{"taxonomy":"category","embeddable":true,"href":"https:\/\/www.deberes.net\/tesis\/wp-json\/wp\/v2\/categories?post=18399"},{"taxonomy":"post_tag","embeddable":true,"href":"https:\/\/www.deberes.net\/tesis\/wp-json\/wp\/v2\/tags?post=18399"}],"curies":[{"name":"wp","href":"https:\/\/api.w.org\/{rel}","templated":true}]}}