{"id":18400,"date":"2002-12-07T00:00:00","date_gmt":"2002-12-07T00:00:00","guid":{"rendered":"https:\/\/www.deberes.net\/tesis\/sin-categoria\/republicanismo-y-modernidad-el-blasquismo-1895-1910-proyecto-pola%c2%adtico-transformacion-de-las-identidades-subjetivas\/"},"modified":"2002-12-07T00:00:00","modified_gmt":"2002-12-07T00:00:00","slug":"republicanismo-y-modernidad-el-blasquismo-1895-1910-proyecto-pola%c2%adtico-transformacion-de-las-identidades-subjetivas","status":"publish","type":"post","link":"https:\/\/www.deberes.net\/tesis\/historia\/republicanismo-y-modernidad-el-blasquismo-1895-1910-proyecto-pola%c2%adtico-transformacion-de-las-identidades-subjetivas\/","title":{"rendered":"Republicanismo y modernidad. el blasquismo (1895-1910) proyecto pol\u00edtico transformaci\u00f3n de las identidades subjetivas"},"content":{"rendered":"<h2>Tesis doctoral de <strong> Luz Sanfeliu Gimeno <\/strong><\/h2>\n<p>El blasquismo en su acceso al poder municipal entre los a\u00f1os 1895-1910, propici\u00f3 una serie de cambios sociales significativos.  por un lado, facilit\u00f3 pol\u00edticas m\u00e1s democr\u00e1ticas y participativas de las habituales en la \u00e9poca, lo que propici\u00f3 que los trabajadores y ciertos sectores de las clases medias, encontraran cauces para plantear sus demandas frente al poder de los partidos conservadores y olig\u00e1rquicos.  por otro lado, proyect\u00f3 y difundi\u00f3 otras nociones m\u00e1s abiertas y modernas de las identidades subjetivas, tanto de los hombres como de las mujeres. un nuevo concepto de vida familiar comenz\u00f3 tambi\u00e9n a difundirse como parte de los principios ideol\u00f3gicos que manten\u00edan, tanto el partido como el movimiento republicano.<\/p>\n<p>&nbsp;<\/p>\n<h3>Datos acad\u00e9micos de la tesis doctoral \u00ab<strong>Republicanismo y modernidad. el blasquismo (1895-1910) proyecto pol\u00edtico transformaci\u00f3n de las identidades subjetivas<\/strong>\u00ab<\/h3>\n<ul>\n<li><strong>T\u00edtulo de la tesis:<\/strong>\u00a0 Republicanismo y modernidad. el blasquismo (1895-1910) proyecto pol\u00edtico transformaci\u00f3n de las identidades subjetivas <\/li>\n<li><strong>Autor:<\/strong>\u00a0 Luz Sanfeliu Gimeno <\/li>\n<li><strong>Universidad:<\/strong>\u00a0 Universitat de val\u00e9ncia (estudi general)<\/li>\n<li><strong>Fecha de lectura de la tesis:<\/strong>\u00a0 12\/07\/2002<\/li>\n<\/ul>\n<p>&nbsp;<\/p>\n<h3>Direcci\u00f3n y tribunal<\/h3>\n<ul>\n<li><strong>Director de la tesis<\/strong>\n<ul>\n<li>Ana Aguado Hig\u00f3n<\/li>\n<\/ul>\n<\/li>\n<li><strong>Tribunal<\/strong>\n<ul>\n<li>Presidente del tribunal: mary Hash baldwin <\/li>\n<li>Manuel Marti mat\u00ednez (vocal)<\/li>\n<li>Mar\u00eda   dolores Ramos palomo (vocal)<\/li>\n<li>ramir Reig romero (vocal)<\/li>\n<\/ul>\n<\/li>\n<\/ul>\n<p>&nbsp;<\/p>\n","protected":false},"excerpt":{"rendered":"<p>Tesis doctoral de Luz Sanfeliu Gimeno El blasquismo en su acceso al poder municipal entre los a\u00f1os 1895-1910, propici\u00f3 una [&hellip;]<\/p>\n","protected":false},"author":1,"featured_media":0,"comment_status":"open","ping_status":"open","sticky":false,"template":"","format":"standard","meta":{"site-sidebar-layout":"default","site-content-layout":"","ast-site-content-layout":"","site-content-style":"default","site-sidebar-style":"default","ast-global-header-display":"","ast-banner-title-visibility":"","ast-main-header-display":"","ast-hfb-above-header-display":"","ast-hfb-below-header-display":"","ast-hfb-mobile-header-display":"","site-post-title":"","ast-breadcrumbs-content":"","ast-featured-img":"","footer-sml-layout":"","theme-transparent-header-meta":"","adv-header-id-meta":"","stick-header-meta":"","header-above-stick-meta":"","header-main-stick-meta":"","header-below-stick-meta":"","astra-migrate-meta-layouts":"default","ast-page-background-enabled":"default","ast-page-background-meta":{"desktop":{"background-color":"var(--ast-global-color-4)","background-image":"","background-repeat":"repeat","background-position":"center center","background-size":"auto","background-attachment":"scroll","background-type":"","background-media":"","overlay-type":"","overlay-color":"","overlay-gradient":""},"tablet":{"background-color":"","background-image":"","background-repeat":"repeat","background-position":"center center","background-size":"auto","background-attachment":"scroll","background-type":"","background-media":"","overlay-type":"","overlay-color":"","overlay-gradient":""},"mobile":{"background-color":"","background-image":"","background-repeat":"repeat","background-position":"center center","background-size":"auto","background-attachment":"scroll","background-type":"","background-media":"","overlay-type":"","overlay-color":"","overlay-gradient":""}},"ast-content-background-meta":{"desktop":{"background-color":"var(--ast-global-color-5)","background-image":"","background-repeat":"repeat","background-position":"center center","background-size":"auto","background-attachment":"scroll","background-type":"","background-media":"","overlay-type":"","overlay-color":"","overlay-gradient":""},"tablet":{"background-color":"var(--ast-global-color-5)","background-image":"","background-repeat":"repeat","background-position":"center center","background-size":"auto","background-attachment":"scroll","background-type":"","background-media":"","overlay-type":"","overlay-color":"","overlay-gradient":""},"mobile":{"background-color":"var(--ast-global-color-5)","background-image":"","background-repeat":"repeat","background-position":"center center","background-size":"auto","background-attachment":"scroll","background-type":"","background-media":"","overlay-type":"","overlay-color":"","overlay-gradient":""}},"footnotes":""},"categories":[104,1816,3538,220,222],"tags":[8017,57104,57106,38845,57105,57107],"class_list":["post-18400","post","type-post","status-publish","format-standard","hentry","category-historia","category-historia-contemporanea","category-historia-de-las-ideas-politicas","category-historia-por-epocas","category-historias-especializadas","tag-ana-aguado-higon","tag-luz-sanfeliu-gimeno","tag-manuel-marti-matinez","tag-maria-dolores-ramos-palomo","tag-mary-hash-baldwin","tag-ramir-reig-romero"],"_links":{"self":[{"href":"https:\/\/www.deberes.net\/tesis\/wp-json\/wp\/v2\/posts\/18400","targetHints":{"allow":["GET"]}}],"collection":[{"href":"https:\/\/www.deberes.net\/tesis\/wp-json\/wp\/v2\/posts"}],"about":[{"href":"https:\/\/www.deberes.net\/tesis\/wp-json\/wp\/v2\/types\/post"}],"author":[{"embeddable":true,"href":"https:\/\/www.deberes.net\/tesis\/wp-json\/wp\/v2\/users\/1"}],"replies":[{"embeddable":true,"href":"https:\/\/www.deberes.net\/tesis\/wp-json\/wp\/v2\/comments?post=18400"}],"version-history":[{"count":0,"href":"https:\/\/www.deberes.net\/tesis\/wp-json\/wp\/v2\/posts\/18400\/revisions"}],"wp:attachment":[{"href":"https:\/\/www.deberes.net\/tesis\/wp-json\/wp\/v2\/media?parent=18400"}],"wp:term":[{"taxonomy":"category","embeddable":true,"href":"https:\/\/www.deberes.net\/tesis\/wp-json\/wp\/v2\/categories?post=18400"},{"taxonomy":"post_tag","embeddable":true,"href":"https:\/\/www.deberes.net\/tesis\/wp-json\/wp\/v2\/tags?post=18400"}],"curies":[{"name":"wp","href":"https:\/\/api.w.org\/{rel}","templated":true}]}}