{"id":18402,"date":"2002-12-07T00:00:00","date_gmt":"2002-12-07T00:00:00","guid":{"rendered":"https:\/\/www.deberes.net\/tesis\/sin-categoria\/ejercicio-asalariado-de-profesiones-liberales\/"},"modified":"2002-12-07T00:00:00","modified_gmt":"2002-12-07T00:00:00","slug":"ejercicio-asalariado-de-profesiones-liberales","status":"publish","type":"post","link":"https:\/\/www.deberes.net\/tesis\/ciencias-juridicas-y-derecho\/ejercicio-asalariado-de-profesiones-liberales\/","title":{"rendered":"Ejercicio asalariado de profesiones liberales"},"content":{"rendered":"<h2>Tesis doctoral de <strong> Elena Garc\u00eda Testal <\/strong><\/h2>\n<p>La tesis doctoral tiene por objeto el estudio de la relaci\u00f3n laboral efectuada por profesionales liberales. Las peculiaridades que el ejercicio desalariado de profesiones liberales presenta se centran principalmente en la necesidad que en estos supuestos surgen de conjugar la autonom\u00eda t\u00e9cnica propia de las profesiones liberales y la dependencia jur\u00eddica caracter\u00edstica de los trabajadores asalariados.  el cap\u00edtulo primero de la tesis se dedica al estudio de cuestiones previas como la delimitaci\u00f3n conceptual de lo que debe entenderse por contrato y por profesional liberal, as\u00ed como a las posibilidades de coexistencia de ambos conceptos.  una vez analizadas estas cuestiones previas, la tesis doctoral se divide en dos partes, correspondientes a los cap\u00edtulos segundo y tercero, que analizan el contrato de trabajo formalizado con profesionales liberales desde dos momentos diferentes. El cap\u00edtulo segundo se situa en los l\u00edmites que surgen en el acceso al contrato, por encontrarnos ante un sujeto trabajador cualificado por la posesi\u00f3n de un t\u00edtulo y vinculado por su necesaria presencia a un colegio profesional.  el cap\u00edtulo tercero, por su parte, se dedica al estudio del desarrollo de la relaci\u00f3n imponiendo las condiciones del trabajador (titulaci\u00f3n, colegiaci\u00f3n y autonom\u00eda t\u00e9cnica) indudables limites al poder directivo empresarial.<\/p>\n<p>&nbsp;<\/p>\n<h3>Datos acad\u00e9micos de la tesis doctoral \u00ab<strong>Ejercicio asalariado de profesiones liberales<\/strong>\u00ab<\/h3>\n<ul>\n<li><strong>T\u00edtulo de la tesis:<\/strong>\u00a0 Ejercicio asalariado de profesiones liberales <\/li>\n<li><strong>Autor:<\/strong>\u00a0 Elena Garc\u00eda Testal <\/li>\n<li><strong>Universidad:<\/strong>\u00a0 Universitat de val\u00e9ncia (estudi general)<\/li>\n<li><strong>Fecha de lectura de la tesis:<\/strong>\u00a0 12\/07\/2002<\/li>\n<\/ul>\n<p>&nbsp;<\/p>\n<h3>Direcci\u00f3n y tribunal<\/h3>\n<ul>\n<li><strong>Director de la tesis<\/strong>\n<ul>\n<li> L\u00f3pez Mora Federico Vicente<\/li>\n<\/ul>\n<\/li>\n<li><strong>Tribunal<\/strong>\n<ul>\n<li>Presidente del tribunal: Luis Miguel Camps ruiz <\/li>\n<li>julia Lopez lopez (vocal)<\/li>\n<li>ricardo Escudero rodriguez (vocal)<\/li>\n<li>Jes\u00fas Olavarria iglesia (vocal)<\/li>\n<\/ul>\n<\/li>\n<\/ul>\n<p>&nbsp;<\/p>\n","protected":false},"excerpt":{"rendered":"<p>Tesis doctoral de Elena Garc\u00eda Testal La tesis doctoral tiene por objeto el estudio de la relaci\u00f3n laboral efectuada por [&hellip;]<\/p>\n","protected":false},"author":1,"featured_media":0,"comment_status":"open","ping_status":"open","sticky":false,"template":"","format":"standard","meta":{"site-sidebar-layout":"default","site-content-layout":"","ast-site-content-layout":"","site-content-style":"default","site-sidebar-style":"default","ast-global-header-display":"","ast-banner-title-visibility":"","ast-main-header-display":"","ast-hfb-above-header-display":"","ast-hfb-below-header-display":"","ast-hfb-mobile-header-display":"","site-post-title":"","ast-breadcrumbs-content":"","ast-featured-img":"","footer-sml-layout":"","theme-transparent-header-meta":"","adv-header-id-meta":"","stick-header-meta":"","header-above-stick-meta":"","header-main-stick-meta":"","header-below-stick-meta":"","astra-migrate-meta-layouts":"default","ast-page-background-enabled":"default","ast-page-background-meta":{"desktop":{"background-color":"var(--ast-global-color-4)","background-image":"","background-repeat":"repeat","background-position":"center center","background-size":"auto","background-attachment":"scroll","background-type":"","background-media":"","overlay-type":"","overlay-color":"","overlay-gradient":""},"tablet":{"background-color":"","background-image":"","background-repeat":"repeat","background-position":"center center","background-size":"auto","background-attachment":"scroll","background-type":"","background-media":"","overlay-type":"","overlay-color":"","overlay-gradient":""},"mobile":{"background-color":"","background-image":"","background-repeat":"repeat","background-position":"center center","background-size":"auto","background-attachment":"scroll","background-type":"","background-media":"","overlay-type":"","overlay-color":"","overlay-gradient":""}},"ast-content-background-meta":{"desktop":{"background-color":"var(--ast-global-color-5)","background-image":"","background-repeat":"repeat","background-position":"center center","background-size":"auto","background-attachment":"scroll","background-type":"","background-media":"","overlay-type":"","overlay-color":"","overlay-gradient":""},"tablet":{"background-color":"var(--ast-global-color-5)","background-image":"","background-repeat":"repeat","background-position":"center center","background-size":"auto","background-attachment":"scroll","background-type":"","background-media":"","overlay-type":"","overlay-color":"","overlay-gradient":""},"mobile":{"background-color":"var(--ast-global-color-5)","background-image":"","background-repeat":"repeat","background-position":"center center","background-size":"auto","background-attachment":"scroll","background-type":"","background-media":"","overlay-type":"","overlay-color":"","overlay-gradient":""}},"footnotes":""},"categories":[612,2170,979],"tags":[57113,57115,32493,57114,11490,26866],"class_list":["post-18402","post","type-post","status-publish","format-standard","hentry","category-ciencias-juridicas-y-derecho","category-derecho-del-trabajo-y-de-la-seguridad-social","category-derecho-y-legislacion-nacionales","tag-elena-garcia-testal","tag-jesus-olavarria-iglesia","tag-julia-lopez-lopez","tag-lopez-mora-federico-vicente","tag-luis-miguel-camps-ruiz","tag-ricardo-escudero-rodriguez"],"_links":{"self":[{"href":"https:\/\/www.deberes.net\/tesis\/wp-json\/wp\/v2\/posts\/18402","targetHints":{"allow":["GET"]}}],"collection":[{"href":"https:\/\/www.deberes.net\/tesis\/wp-json\/wp\/v2\/posts"}],"about":[{"href":"https:\/\/www.deberes.net\/tesis\/wp-json\/wp\/v2\/types\/post"}],"author":[{"embeddable":true,"href":"https:\/\/www.deberes.net\/tesis\/wp-json\/wp\/v2\/users\/1"}],"replies":[{"embeddable":true,"href":"https:\/\/www.deberes.net\/tesis\/wp-json\/wp\/v2\/comments?post=18402"}],"version-history":[{"count":0,"href":"https:\/\/www.deberes.net\/tesis\/wp-json\/wp\/v2\/posts\/18402\/revisions"}],"wp:attachment":[{"href":"https:\/\/www.deberes.net\/tesis\/wp-json\/wp\/v2\/media?parent=18402"}],"wp:term":[{"taxonomy":"category","embeddable":true,"href":"https:\/\/www.deberes.net\/tesis\/wp-json\/wp\/v2\/categories?post=18402"},{"taxonomy":"post_tag","embeddable":true,"href":"https:\/\/www.deberes.net\/tesis\/wp-json\/wp\/v2\/tags?post=18402"}],"curies":[{"name":"wp","href":"https:\/\/api.w.org\/{rel}","templated":true}]}}