{"id":18442,"date":"2018-03-09T09:06:58","date_gmt":"2018-03-09T09:06:58","guid":{"rendered":"https:\/\/www.deberes.net\/tesis\/sin-categoria\/factores-sintacticos-y-semanticos-en-el-procesamiento-del-lenguaje\/"},"modified":"2018-03-09T09:06:58","modified_gmt":"2018-03-09T09:06:58","slug":"factores-sintacticos-y-semanticos-en-el-procesamiento-del-lenguaje","status":"publish","type":"post","link":"https:\/\/www.deberes.net\/tesis\/psicologia\/factores-sintacticos-y-semanticos-en-el-procesamiento-del-lenguaje\/","title":{"rendered":"Factores sint\u00e1cticos y sem\u00e1nticos en el procesamiento del lenguaje"},"content":{"rendered":"<h2>Tesis doctoral de <strong> Susana Fern\u00e1ndez Solera <\/strong><\/h2>\n<p>Este trabajo se enmarca dentro de la psicololing\u00ed\u00bc\u00edstica y del estudio de los procesos cognitivos. En particular nos ocupamos de la ambig\u00ed\u00bcedad sint\u00e1ctica referente a la adjunci\u00f3n de una cl\u00e1usula de relativo y de la resoluci\u00f3n anaf\u00f3rica, ambos fen\u00f3menos son claves dentro del procesamiento del lenguaje, a la hora de intentar determinar cu\u00e1l es la arquitectura del sistema y c\u00f3mo se utilizan los distintos tipos de informaci\u00f3n dentro del propio sistema, dado que el caracterizar los factores y principios que los determina los factores responsables del procesamiento sint\u00e1ctico y del procesamiento sem\u00e1ntico.  en el primer bloque te\u00f3rico se abordan las cuestiones b\u00e1sicas, revisaremos las teor\u00edas y postulados propuestos hasta la fecha, planteando a continuaci\u00f3n las cuestiones cr\u00edticas que son abordadas a lo largo de los dos bloques siguientes.  en el bloque experimental se desarrollaron cuatro experimentos dos sobre resoluci\u00f3n de la ambig\u00ed\u00bcedad sint\u00e1ctica, longitud de la cl\u00e1sula, esto en relaci\u00f3n a la articulaci\u00f3n t\u00f3pico-foco en la oraci\u00f3n (factor sem\u00e1ntico) y diversos tipos de conectores. Se utilizan muestras de hablantes nativos de la lengua espa\u00f1ola y nativos del ingl\u00e9s realizando tares en espa\u00f1ol como segunda lengua. Los otros dos experimentos se ocupan de la resoluci\u00f3n anaf\u00f3rica, de la resoluci\u00f3n de los pronombres en castellano, estudiando la presencia o ausencia, tipo de especificadotes, distancia a los posibles referentes, elementos cuantificados y contrastivos.  en el \u00faltimo bloque presentamos las conclusiones donde planteamos un modelo de principios estructurales de car\u00e1cter universal, observando que las estrategias entre hablantes nativos se basan en estas estrategias mientras que los no nativos utilizan estrategias m\u00e1s lexicalistas.<\/p>\n<p>&nbsp;<\/p>\n<h3>Datos acad\u00e9micos de la tesis doctoral \u00ab<strong>Factores sint\u00e1cticos y sem\u00e1nticos en el procesamiento del lenguaje<\/strong>\u00ab<\/h3>\n<ul>\n<li><strong>T\u00edtulo de la tesis:<\/strong>\u00a0 Factores sint\u00e1cticos y sem\u00e1nticos en el procesamiento del lenguaje <\/li>\n<li><strong>Autor:<\/strong>\u00a0 Susana Fern\u00e1ndez Solera <\/li>\n<li><strong>Universidad:<\/strong>\u00a0 Complutense de Madrid<\/li>\n<li><strong>Fecha de lectura de la tesis:<\/strong>\u00a0 13\/07\/2002<\/li>\n<\/ul>\n<p>&nbsp;<\/p>\n<h3>Direcci\u00f3n y tribunal<\/h3>\n<ul>\n<li><strong>Director de la tesis<\/strong>\n<ul>\n<li>Juan Mayor S\u00e1nchez<\/li>\n<\/ul>\n<\/li>\n<li><strong>Tribunal<\/strong>\n<ul>\n<li>Presidente del tribunal: javier Gonz\u00e1lez marqu\u00e9s <\/li>\n<li>eliseo Siez itza (vocal)<\/li>\n<li>Jos\u00e9 Miguel Rodr\u00edguez santos (vocal)<\/li>\n<li>Antonio Gonz\u00e1lez fern\u00e1ndez (vocal)<\/li>\n<\/ul>\n<\/li>\n<\/ul>\n<p>&nbsp;<\/p>\n","protected":false},"excerpt":{"rendered":"<p>Tesis doctoral de Susana Fern\u00e1ndez Solera Este trabajo se enmarca dentro de la psicololing\u00ed\u00bc\u00edstica y del estudio de los procesos [&hellip;]<\/p>\n","protected":false},"author":1,"featured_media":0,"comment_status":"open","ping_status":"open","sticky":false,"template":"","format":"standard","meta":{"site-sidebar-layout":"default","site-content-layout":"","ast-site-content-layout":"","site-content-style":"default","site-sidebar-style":"default","ast-global-header-display":"","ast-banner-title-visibility":"","ast-main-header-display":"","ast-hfb-above-header-display":"","ast-hfb-below-header-display":"","ast-hfb-mobile-header-display":"","site-post-title":"","ast-breadcrumbs-content":"","ast-featured-img":"","footer-sml-layout":"","theme-transparent-header-meta":"","adv-header-id-meta":"","stick-header-meta":"","header-above-stick-meta":"","header-main-stick-meta":"","header-below-stick-meta":"","astra-migrate-meta-layouts":"default","ast-page-background-enabled":"default","ast-page-background-meta":{"desktop":{"background-color":"var(--ast-global-color-4)","background-image":"","background-repeat":"repeat","background-position":"center center","background-size":"auto","background-attachment":"scroll","background-type":"","background-media":"","overlay-type":"","overlay-color":"","overlay-gradient":""},"tablet":{"background-color":"","background-image":"","background-repeat":"repeat","background-position":"center center","background-size":"auto","background-attachment":"scroll","background-type":"","background-media":"","overlay-type":"","overlay-color":"","overlay-gradient":""},"mobile":{"background-color":"","background-image":"","background-repeat":"repeat","background-position":"center center","background-size":"auto","background-attachment":"scroll","background-type":"","background-media":"","overlay-type":"","overlay-color":"","overlay-gradient":""}},"ast-content-background-meta":{"desktop":{"background-color":"var(--ast-global-color-5)","background-image":"","background-repeat":"repeat","background-position":"center center","background-size":"auto","background-attachment":"scroll","background-type":"","background-media":"","overlay-type":"","overlay-color":"","overlay-gradient":""},"tablet":{"background-color":"var(--ast-global-color-5)","background-image":"","background-repeat":"repeat","background-position":"center center","background-size":"auto","background-attachment":"scroll","background-type":"","background-media":"","overlay-type":"","overlay-color":"","overlay-gradient":""},"mobile":{"background-color":"var(--ast-global-color-5)","background-image":"","background-repeat":"repeat","background-position":"center center","background-size":"auto","background-attachment":"scroll","background-type":"","background-media":"","overlay-type":"","overlay-color":"","overlay-gradient":""}},"footnotes":""},"categories":[5262,324,2462],"tags":[32420,57209,6416,57210,5266,57208],"class_list":["post-18442","post","type-post","status-publish","format-standard","hentry","category-procesos-mentales","category-psicologia","category-psicologia-experimental","tag-antonio-gonzalez-fernandez","tag-eliseo-siez-itza","tag-javier-gonzalez-marques","tag-jose-miguel-rodriguez-santos","tag-juan-mayor-sanchez","tag-susana-fernandez-solera"],"_links":{"self":[{"href":"https:\/\/www.deberes.net\/tesis\/wp-json\/wp\/v2\/posts\/18442","targetHints":{"allow":["GET"]}}],"collection":[{"href":"https:\/\/www.deberes.net\/tesis\/wp-json\/wp\/v2\/posts"}],"about":[{"href":"https:\/\/www.deberes.net\/tesis\/wp-json\/wp\/v2\/types\/post"}],"author":[{"embeddable":true,"href":"https:\/\/www.deberes.net\/tesis\/wp-json\/wp\/v2\/users\/1"}],"replies":[{"embeddable":true,"href":"https:\/\/www.deberes.net\/tesis\/wp-json\/wp\/v2\/comments?post=18442"}],"version-history":[{"count":0,"href":"https:\/\/www.deberes.net\/tesis\/wp-json\/wp\/v2\/posts\/18442\/revisions"}],"wp:attachment":[{"href":"https:\/\/www.deberes.net\/tesis\/wp-json\/wp\/v2\/media?parent=18442"}],"wp:term":[{"taxonomy":"category","embeddable":true,"href":"https:\/\/www.deberes.net\/tesis\/wp-json\/wp\/v2\/categories?post=18442"},{"taxonomy":"post_tag","embeddable":true,"href":"https:\/\/www.deberes.net\/tesis\/wp-json\/wp\/v2\/tags?post=18442"}],"curies":[{"name":"wp","href":"https:\/\/api.w.org\/{rel}","templated":true}]}}