{"id":18486,"date":"2018-03-09T09:07:02","date_gmt":"2018-03-09T09:07:02","guid":{"rendered":"https:\/\/www.deberes.net\/tesis\/sin-categoria\/lebenswelt-y-accion-comunicativa\/"},"modified":"2018-03-09T09:07:02","modified_gmt":"2018-03-09T09:07:02","slug":"lebenswelt-y-accion-comunicativa","status":"publish","type":"post","link":"https:\/\/www.deberes.net\/tesis\/filosofia\/lebenswelt-y-accion-comunicativa\/","title":{"rendered":"Lebenswelt y acci\u00f3n comunicativa"},"content":{"rendered":"<h2>Tesis doctoral de <strong> Jovino Pizzi <\/strong><\/h2>\n<p>\u00ablebenswelt y acci\u00f3n comunicativa\u00bb sintetiza la tesis que tiene como objetivo analizar la aportaci\u00f3n que el concepto de mundo de la vida, tal como lo entienden husserl y habermas, puede ofrecer para la comprensi\u00f3n de un concepto de racionalidad pr\u00e1ctica que d\u00e9 raz\u00f3n de las estructuras universales que subyacen \u00absiempre ya\u00bb a la acci\u00f3n humana. La idea clave tiene presente el an\u00e1lisis de un concepto de lebenswelt que nos permite acercar a ese saber, \u00absiempre ya\u00bb compartido intersubjetivamente, a rango filos\u00f3fico. De hecho, en la acci\u00f3n cotidiana vinculamos nuestras acciones a pretensiones de validez susceptibles de cr\u00edtica que, en tanto que pretensiones, trascienden todos los criterios provinciales. La estrategia b\u00e1sica trata pues de mostrar a cualquiera que quien participan en la comunidad comunicativa tiene que admitir y utilizar necesariamente normas que, si son universalizables, tambi\u00e9n tendr\u00edan que ser reconocidas como v\u00e1lidas por todos los dem\u00e1s. mientras tanto, este saber no se reduce s\u00f3lo a leyes y procedimientos. en esta direcci\u00f3n, una \u00e9tica de m\u00ednimos y una \u00e9tica de m\u00e1ximos nos permiten, no s\u00f3lo se\u00f1alar los l\u00edmites, sino tamb\u00eden avanzar y dar un paso m\u00e1s all\u00e1 del estricto procedimentalismo habermasiano, sin renunciar, para eso, al concepto de racionalidad comunicativa.<\/p>\n<p>&nbsp;<\/p>\n<h3>Datos acad\u00e9micos de la tesis doctoral \u00ab<strong>Lebenswelt y acci\u00f3n comunicativa<\/strong>\u00ab<\/h3>\n<ul>\n<li><strong>T\u00edtulo de la tesis:<\/strong>\u00a0 Lebenswelt y acci\u00f3n comunicativa <\/li>\n<li><strong>Autor:<\/strong>\u00a0 Jovino Pizzi <\/li>\n<li><strong>Universidad:<\/strong>\u00a0 Jaume i de castell\u00f3n<\/li>\n<li><strong>Fecha de lectura de la tesis:<\/strong>\u00a0 15\/07\/2002<\/li>\n<\/ul>\n<p>&nbsp;<\/p>\n<h3>Direcci\u00f3n y tribunal<\/h3>\n<ul>\n<li><strong>Director de la tesis<\/strong>\n<ul>\n<li> Garc\u00eda Marz\u00e1 Vicente Domingo<\/li>\n<\/ul>\n<\/li>\n<li><strong>Tribunal<\/strong>\n<ul>\n<li>Presidente del tribunal: adela Cortina orts <\/li>\n<li>Jos\u00e9 Mar\u00eda Garc\u00eda g\u00f3mez-heras (vocal)<\/li>\n<li>Jes\u00fas marcial Conill sancho (vocal)<\/li>\n<li>josep Mar\u00eda Esquirol calaf (vocal)<\/li>\n<\/ul>\n<\/li>\n<\/ul>\n<p>&nbsp;<\/p>\n","protected":false},"excerpt":{"rendered":"<p>Tesis doctoral de Jovino Pizzi \u00ablebenswelt y acci\u00f3n comunicativa\u00bb sintetiza la tesis que tiene como objetivo analizar la aportaci\u00f3n que [&hellip;]<\/p>\n","protected":false},"author":1,"featured_media":0,"comment_status":"open","ping_status":"open","sticky":false,"template":"","format":"standard","meta":{"site-sidebar-layout":"default","site-content-layout":"","ast-site-content-layout":"","site-content-style":"default","site-sidebar-style":"default","ast-global-header-display":"","ast-banner-title-visibility":"","ast-main-header-display":"","ast-hfb-above-header-display":"","ast-hfb-below-header-display":"","ast-hfb-mobile-header-display":"","site-post-title":"","ast-breadcrumbs-content":"","ast-featured-img":"","footer-sml-layout":"","theme-transparent-header-meta":"","adv-header-id-meta":"","stick-header-meta":"","header-above-stick-meta":"","header-main-stick-meta":"","header-below-stick-meta":"","astra-migrate-meta-layouts":"default","ast-page-background-enabled":"default","ast-page-background-meta":{"desktop":{"background-color":"var(--ast-global-color-4)","background-image":"","background-repeat":"repeat","background-position":"center center","background-size":"auto","background-attachment":"scroll","background-type":"","background-media":"","overlay-type":"","overlay-color":"","overlay-gradient":""},"tablet":{"background-color":"","background-image":"","background-repeat":"repeat","background-position":"center center","background-size":"auto","background-attachment":"scroll","background-type":"","background-media":"","overlay-type":"","overlay-color":"","overlay-gradient":""},"mobile":{"background-color":"","background-image":"","background-repeat":"repeat","background-position":"center center","background-size":"auto","background-attachment":"scroll","background-type":"","background-media":"","overlay-type":"","overlay-color":"","overlay-gradient":""}},"ast-content-background-meta":{"desktop":{"background-color":"var(--ast-global-color-5)","background-image":"","background-repeat":"repeat","background-position":"center center","background-size":"auto","background-attachment":"scroll","background-type":"","background-media":"","overlay-type":"","overlay-color":"","overlay-gradient":""},"tablet":{"background-color":"var(--ast-global-color-5)","background-image":"","background-repeat":"repeat","background-position":"center center","background-size":"auto","background-attachment":"scroll","background-type":"","background-media":"","overlay-type":"","overlay-color":"","overlay-gradient":""},"mobile":{"background-color":"var(--ast-global-color-5)","background-image":"","background-repeat":"repeat","background-position":"center center","background-size":"auto","background-attachment":"scroll","background-type":"","background-media":"","overlay-type":"","overlay-color":"","overlay-gradient":""}},"footnotes":""},"categories":[8646,8647,8649,165,6008,1078,18725],"tags":[12012,57315,12440,18379,38161,57314],"class_list":["post-18486","post","type-post","status-publish","format-standard","hentry","category-etica","category-etica-de-individuos","category-etica-filosofica","category-filosofia","category-filosofia-politica","category-filosofia-social","category-jaume-i-de-castellon","tag-adela-cortina-orts","tag-garcia-marza-vicente-domingo","tag-jesus-marcial-conill-sancho","tag-jose-maria-garcia-gomez-heras","tag-josep-maria-esquirol-calaf","tag-jovino-pizzi"],"_links":{"self":[{"href":"https:\/\/www.deberes.net\/tesis\/wp-json\/wp\/v2\/posts\/18486","targetHints":{"allow":["GET"]}}],"collection":[{"href":"https:\/\/www.deberes.net\/tesis\/wp-json\/wp\/v2\/posts"}],"about":[{"href":"https:\/\/www.deberes.net\/tesis\/wp-json\/wp\/v2\/types\/post"}],"author":[{"embeddable":true,"href":"https:\/\/www.deberes.net\/tesis\/wp-json\/wp\/v2\/users\/1"}],"replies":[{"embeddable":true,"href":"https:\/\/www.deberes.net\/tesis\/wp-json\/wp\/v2\/comments?post=18486"}],"version-history":[{"count":0,"href":"https:\/\/www.deberes.net\/tesis\/wp-json\/wp\/v2\/posts\/18486\/revisions"}],"wp:attachment":[{"href":"https:\/\/www.deberes.net\/tesis\/wp-json\/wp\/v2\/media?parent=18486"}],"wp:term":[{"taxonomy":"category","embeddable":true,"href":"https:\/\/www.deberes.net\/tesis\/wp-json\/wp\/v2\/categories?post=18486"},{"taxonomy":"post_tag","embeddable":true,"href":"https:\/\/www.deberes.net\/tesis\/wp-json\/wp\/v2\/tags?post=18486"}],"curies":[{"name":"wp","href":"https:\/\/api.w.org\/{rel}","templated":true}]}}