{"id":18488,"date":"2018-03-09T09:07:02","date_gmt":"2018-03-09T09:07:02","guid":{"rendered":"https:\/\/www.deberes.net\/tesis\/sin-categoria\/estudio-y-analisis-de-las-claves-que-identifican-la-formacion-basica-de-personas-adultas-en-andaluca%c2%ada\/"},"modified":"2018-03-09T09:07:02","modified_gmt":"2018-03-09T09:07:02","slug":"estudio-y-analisis-de-las-claves-que-identifican-la-formacion-basica-de-personas-adultas-en-andaluca%c2%ada","status":"publish","type":"post","link":"https:\/\/www.deberes.net\/tesis\/pedagogia\/estudio-y-analisis-de-las-claves-que-identifican-la-formacion-basica-de-personas-adultas-en-andaluca%c2%ada\/","title":{"rendered":"Estudio y an\u00e1lisis de las claves que identifican la formaci\u00f3n b\u00e1sica de personas adultas en andaluc\u00eda"},"content":{"rendered":"<h2>Tesis doctoral de <strong> Ana Ortiz Colon <\/strong><\/h2>\n<p>La tesis est\u00e1 estructurada en tres grandes apartados, el primero, la fundamentaci\u00f3n te\u00f3rica que estudia la justificaci\u00f3n y dise\u00f1o de la investigaci\u00f3n, la fundamentaci\u00f3n te\u00f3rica de la ense\u00f1anza de adultos, el dise\u00f1o y desarrollo del curr\u00edculum para personas adultas y la estructura organizativa de la educaci\u00f3n de adultos en andaluc\u00eda. En un segundo apartado se plantea la metodolog\u00eda de la investigaci\u00f3n, presentando el dise\u00f1o metodol\u00f3gico que combina la metodolog\u00eda cuantitativa y cualitativa a partir de la metodolog\u00eda de encuesta y el estudio caso de tres centros situados en linares, bail\u00e9n y guarrom\u00e1n respectivamente. En el tercer apartado se presentan los resultados obtenidos tras el an\u00e1lisis de datos del cuestionario y del estudio de caso, presentando las conclusiones, las limitaciones e implicaciones, as\u00ed como las propuestas para futuras investigaciones.<\/p>\n<p>&nbsp;<\/p>\n<h3>Datos acad\u00e9micos de la tesis doctoral \u00ab<strong>Estudio y an\u00e1lisis de las claves que identifican la formaci\u00f3n b\u00e1sica de personas adultas en andaluc\u00eda<\/strong>\u00ab<\/h3>\n<ul>\n<li><strong>T\u00edtulo de la tesis:<\/strong>\u00a0 Estudio y an\u00e1lisis de las claves que identifican la formaci\u00f3n b\u00e1sica de personas adultas en andaluc\u00eda<\/li>\n<li><strong>Autor:<\/strong>\u00a0 Ana Ortiz Colon <\/li>\n<li><strong>Universidad:<\/strong>\u00a0 Ja\u00e9n<\/li>\n<li><strong>Fecha de lectura de la tesis:<\/strong>\u00a0 15\/07\/2002<\/li>\n<\/ul>\n<p>&nbsp;<\/p>\n<h3>Direcci\u00f3n y tribunal<\/h3>\n<ul>\n<li><strong>Director de la tesis<\/strong>\n<ul>\n<li>Antonio Medina Rivilla<\/li>\n<\/ul>\n<\/li>\n<li><strong>Tribunal<\/strong>\n<ul>\n<li>Presidente del tribunal: manuel Lorenzo delgado <\/li>\n<li>Fernando Pe\u00f1afiel Martinez (vocal)<\/li>\n<li>lorenzo Almaz\u00e1n moreno (vocal)<\/li>\n<li>Jos\u00e9 Cardona and\u00fajar (vocal)<\/li>\n<\/ul>\n<\/li>\n<\/ul>\n<p>&nbsp;<\/p>\n","protected":false},"excerpt":{"rendered":"<p>Tesis doctoral de Ana Ortiz Colon La tesis est\u00e1 estructurada en tres grandes apartados, el primero, la fundamentaci\u00f3n te\u00f3rica que [&hellip;]<\/p>\n","protected":false},"author":1,"featured_media":0,"comment_status":"open","ping_status":"open","sticky":false,"template":"","format":"standard","meta":{"site-sidebar-layout":"default","site-content-layout":"","ast-site-content-layout":"","site-content-style":"default","site-sidebar-style":"default","ast-global-header-display":"","ast-banner-title-visibility":"","ast-main-header-display":"","ast-hfb-above-header-display":"","ast-hfb-below-header-display":"","ast-hfb-mobile-header-display":"","site-post-title":"","ast-breadcrumbs-content":"","ast-featured-img":"","footer-sml-layout":"","theme-transparent-header-meta":"","adv-header-id-meta":"","stick-header-meta":"","header-above-stick-meta":"","header-main-stick-meta":"","header-below-stick-meta":"","astra-migrate-meta-layouts":"default","ast-page-background-enabled":"default","ast-page-background-meta":{"desktop":{"background-color":"var(--ast-global-color-4)","background-image":"","background-repeat":"repeat","background-position":"center center","background-size":"auto","background-attachment":"scroll","background-type":"","background-media":"","overlay-type":"","overlay-color":"","overlay-gradient":""},"tablet":{"background-color":"","background-image":"","background-repeat":"repeat","background-position":"center center","background-size":"auto","background-attachment":"scroll","background-type":"","background-media":"","overlay-type":"","overlay-color":"","overlay-gradient":""},"mobile":{"background-color":"","background-image":"","background-repeat":"repeat","background-position":"center center","background-size":"auto","background-attachment":"scroll","background-type":"","background-media":"","overlay-type":"","overlay-color":"","overlay-gradient":""}},"ast-content-background-meta":{"desktop":{"background-color":"var(--ast-global-color-5)","background-image":"","background-repeat":"repeat","background-position":"center center","background-size":"auto","background-attachment":"scroll","background-type":"","background-media":"","overlay-type":"","overlay-color":"","overlay-gradient":""},"tablet":{"background-color":"var(--ast-global-color-5)","background-image":"","background-repeat":"repeat","background-position":"center center","background-size":"auto","background-attachment":"scroll","background-type":"","background-media":"","overlay-type":"","overlay-color":"","overlay-gradient":""},"mobile":{"background-color":"var(--ast-global-color-5)","background-image":"","background-repeat":"repeat","background-position":"center center","background-size":"auto","background-attachment":"scroll","background-type":"","background-media":"","overlay-type":"","overlay-color":"","overlay-gradient":""}},"footnotes":""},"categories":[13042,18923,7611,1184,1141],"tags":[57318,6213,35828,37428,57319,8686],"class_list":["post-18488","post","type-post","status-publish","format-standard","hentry","category-educacion-de-adultos","category-jaen","category-organizacion-y-direccion-de-las-instituciones-educativas","category-organizacion-y-planificacion-de-la-educacion","category-pedagogia","tag-ana-ortiz-colon","tag-antonio-medina-rivilla","tag-fernando-penafiel-Martinez","tag-jose-cardona-andujar","tag-lorenzo-almazan-moreno","tag-manuel-lorenzo-delgado"],"_links":{"self":[{"href":"https:\/\/www.deberes.net\/tesis\/wp-json\/wp\/v2\/posts\/18488","targetHints":{"allow":["GET"]}}],"collection":[{"href":"https:\/\/www.deberes.net\/tesis\/wp-json\/wp\/v2\/posts"}],"about":[{"href":"https:\/\/www.deberes.net\/tesis\/wp-json\/wp\/v2\/types\/post"}],"author":[{"embeddable":true,"href":"https:\/\/www.deberes.net\/tesis\/wp-json\/wp\/v2\/users\/1"}],"replies":[{"embeddable":true,"href":"https:\/\/www.deberes.net\/tesis\/wp-json\/wp\/v2\/comments?post=18488"}],"version-history":[{"count":0,"href":"https:\/\/www.deberes.net\/tesis\/wp-json\/wp\/v2\/posts\/18488\/revisions"}],"wp:attachment":[{"href":"https:\/\/www.deberes.net\/tesis\/wp-json\/wp\/v2\/media?parent=18488"}],"wp:term":[{"taxonomy":"category","embeddable":true,"href":"https:\/\/www.deberes.net\/tesis\/wp-json\/wp\/v2\/categories?post=18488"},{"taxonomy":"post_tag","embeddable":true,"href":"https:\/\/www.deberes.net\/tesis\/wp-json\/wp\/v2\/tags?post=18488"}],"curies":[{"name":"wp","href":"https:\/\/api.w.org\/{rel}","templated":true}]}}