{"id":18574,"date":"2018-03-09T09:07:10","date_gmt":"2018-03-09T09:07:10","guid":{"rendered":"https:\/\/www.deberes.net\/tesis\/sin-categoria\/la-preocupacion-teoria-e-intervencion\/"},"modified":"2018-03-09T09:07:10","modified_gmt":"2018-03-09T09:07:10","slug":"la-preocupacion-teoria-e-intervencion","status":"publish","type":"post","link":"https:\/\/www.deberes.net\/tesis\/psicologia\/la-preocupacion-teoria-e-intervencion\/","title":{"rendered":"La preocupaci\u00f3n: teor\u00eda e intervenci\u00f3n"},"content":{"rendered":"<h2>Tesis doctoral de <strong>  Prados Atienza Jos\u00e9 M. <\/strong><\/h2>\n<p>Tras una revisi\u00f3n exhaustiva de la bibliograf\u00eda relevante sobre el tema, en la presente tesis se pretende sintetizar un nuevo modelo te\u00f3rico del que pueda desprenderse un procedimiento de intervenci\u00f3n frente a la preocupaci\u00f3n patol\u00f3gica y que sea m\u00e1s eficaz que los tratamientos habituales.  para sintetizar dicho modelo, se evalu\u00f3 la propuesta te\u00f3rica de wells (1995) frente a la de tallis y eysenck (1994), mediante dos estudios experimentales en los que se intent\u00f3 manipular la evaluaci\u00f3n (positiva o negativa) que tienen los sujetos de la preocupaci\u00f3n, as\u00ed como la autoineficiencia percibida.  los resultados muestran que las variables con mayor poder predictivo en la anticipaci\u00f3n en la anticipaci\u00f3n de consecuencias negativas son: la puntuaci\u00f3n en el pswq (meyer et al. 1990), y la consideraci\u00f3n negativa de la preocupaci\u00f3n, tal como la mide la subescala del icpp. A partir de estos resultados, se deriv\u00f3 un nuevo modelo te\u00f3rico, y se elabor\u00f3 un programa de intervenci\u00f3n coherente con \u00e9l, de 8 sesiones de duraci\u00f3n. Este programa, al que denominamos recoa, fue evaludado de forma experimental. Seg\u00fan un primer estudio, dicho programa parece eficaz frente al no-tratamiento en lista de espera. En un segundo estudio, el programa recoa parece m\u00e1s efectivo que procedimientos habituales de intervenci\u00f3n, como la relajaci\u00f3n, o la terapia cognitiva, a la hora de reducir la puntuaci\u00f3n de los sujetos en instrumentos de preocupaci\u00f3n patol\u00f3gica como el pswq (meyer et al. 1990), y en el anti (wells, 1994).<\/p>\n<p>&nbsp;<\/p>\n<h3>Datos acad\u00e9micos de la tesis doctoral \u00ab<strong>La preocupaci\u00f3n: teor\u00eda e intervenci\u00f3n<\/strong>\u00ab<\/h3>\n<ul>\n<li><strong>T\u00edtulo de la tesis:<\/strong>\u00a0 La preocupaci\u00f3n: teor\u00eda e intervenci\u00f3n <\/li>\n<li><strong>Autor:<\/strong>\u00a0  Prados Atienza Jos\u00e9 M. <\/li>\n<li><strong>Universidad:<\/strong>\u00a0 Complutense de Madrid<\/li>\n<li><strong>Fecha de lectura de la tesis:<\/strong>\u00a0 19\/07\/2002<\/li>\n<\/ul>\n<p>&nbsp;<\/p>\n<h3>Direcci\u00f3n y tribunal<\/h3>\n<ul>\n<li><strong>Director de la tesis<\/strong>\n<ul>\n<li>Juan Mayor S\u00e1nchez<\/li>\n<\/ul>\n<\/li>\n<li><strong>Tribunal<\/strong>\n<ul>\n<li>Presidente del tribunal: javier Gonz\u00e1lez marqu\u00e9s <\/li>\n<li> Fern\u00e1ndez trespalacios Jos\u00e9 Luis (vocal)<\/li>\n<li>enrique Garcia fernandez abascal (vocal)<\/li>\n<li>gonzalo Sampascual maicas (vocal)<\/li>\n<\/ul>\n<\/li>\n<\/ul>\n<p>&nbsp;<\/p>\n","protected":false},"excerpt":{"rendered":"<p>Tesis doctoral de Prados Atienza Jos\u00e9 M. Tras una revisi\u00f3n exhaustiva de la bibliograf\u00eda relevante sobre el tema, en la [&hellip;]<\/p>\n","protected":false},"author":1,"featured_media":0,"comment_status":"open","ping_status":"open","sticky":false,"template":"","format":"standard","meta":{"site-sidebar-layout":"default","site-content-layout":"","ast-site-content-layout":"","site-content-style":"default","site-sidebar-style":"default","ast-global-header-display":"","ast-banner-title-visibility":"","ast-main-header-display":"","ast-hfb-above-header-display":"","ast-hfb-below-header-display":"","ast-hfb-mobile-header-display":"","site-post-title":"","ast-breadcrumbs-content":"","ast-featured-img":"","footer-sml-layout":"","theme-transparent-header-meta":"","adv-header-id-meta":"","stick-header-meta":"","header-above-stick-meta":"","header-main-stick-meta":"","header-below-stick-meta":"","astra-migrate-meta-layouts":"default","ast-page-background-enabled":"default","ast-page-background-meta":{"desktop":{"background-color":"var(--ast-global-color-4)","background-image":"","background-repeat":"repeat","background-position":"center center","background-size":"auto","background-attachment":"scroll","background-type":"","background-media":"","overlay-type":"","overlay-color":"","overlay-gradient":""},"tablet":{"background-color":"","background-image":"","background-repeat":"repeat","background-position":"center center","background-size":"auto","background-attachment":"scroll","background-type":"","background-media":"","overlay-type":"","overlay-color":"","overlay-gradient":""},"mobile":{"background-color":"","background-image":"","background-repeat":"repeat","background-position":"center center","background-size":"auto","background-attachment":"scroll","background-type":"","background-media":"","overlay-type":"","overlay-color":"","overlay-gradient":""}},"ast-content-background-meta":{"desktop":{"background-color":"var(--ast-global-color-5)","background-image":"","background-repeat":"repeat","background-position":"center center","background-size":"auto","background-attachment":"scroll","background-type":"","background-media":"","overlay-type":"","overlay-color":"","overlay-gradient":""},"tablet":{"background-color":"var(--ast-global-color-5)","background-image":"","background-repeat":"repeat","background-position":"center center","background-size":"auto","background-attachment":"scroll","background-type":"","background-media":"","overlay-type":"","overlay-color":"","overlay-gradient":""},"mobile":{"background-color":"var(--ast-global-color-5)","background-image":"","background-repeat":"repeat","background-position":"center center","background-size":"auto","background-attachment":"scroll","background-type":"","background-media":"","overlay-type":"","overlay-color":"","overlay-gradient":""}},"footnotes":""},"categories":[5262,324,2462],"tags":[5267,23874,5138,6416,5266,57532],"class_list":["post-18574","post","type-post","status-publish","format-standard","hentry","category-procesos-mentales","category-psicologia","category-psicologia-experimental","tag-enrique-garcia-fernandez-abascal","tag-fernandez-trespalacios-jose-luis","tag-gonzalo-sampascual-maicas","tag-javier-gonzalez-marques","tag-juan-mayor-sanchez","tag-prados-atienza-jose-m"],"_links":{"self":[{"href":"https:\/\/www.deberes.net\/tesis\/wp-json\/wp\/v2\/posts\/18574","targetHints":{"allow":["GET"]}}],"collection":[{"href":"https:\/\/www.deberes.net\/tesis\/wp-json\/wp\/v2\/posts"}],"about":[{"href":"https:\/\/www.deberes.net\/tesis\/wp-json\/wp\/v2\/types\/post"}],"author":[{"embeddable":true,"href":"https:\/\/www.deberes.net\/tesis\/wp-json\/wp\/v2\/users\/1"}],"replies":[{"embeddable":true,"href":"https:\/\/www.deberes.net\/tesis\/wp-json\/wp\/v2\/comments?post=18574"}],"version-history":[{"count":0,"href":"https:\/\/www.deberes.net\/tesis\/wp-json\/wp\/v2\/posts\/18574\/revisions"}],"wp:attachment":[{"href":"https:\/\/www.deberes.net\/tesis\/wp-json\/wp\/v2\/media?parent=18574"}],"wp:term":[{"taxonomy":"category","embeddable":true,"href":"https:\/\/www.deberes.net\/tesis\/wp-json\/wp\/v2\/categories?post=18574"},{"taxonomy":"post_tag","embeddable":true,"href":"https:\/\/www.deberes.net\/tesis\/wp-json\/wp\/v2\/tags?post=18574"}],"curies":[{"name":"wp","href":"https:\/\/api.w.org\/{rel}","templated":true}]}}