{"id":18652,"date":"2018-03-09T09:07:16","date_gmt":"2018-03-09T09:07:16","guid":{"rendered":"https:\/\/www.deberes.net\/tesis\/sin-categoria\/abolicion-de-la-esclavitud-y-autonomismo-de-colonias-insulares-espanolas-en-el-ultimo-cuarto-del-siglo-xix\/"},"modified":"2018-03-09T09:07:16","modified_gmt":"2018-03-09T09:07:16","slug":"abolicion-de-la-esclavitud-y-autonomismo-de-colonias-insulares-espanolas-en-el-ultimo-cuarto-del-siglo-xix","status":"publish","type":"post","link":"https:\/\/www.deberes.net\/tesis\/historia\/abolicion-de-la-esclavitud-y-autonomismo-de-colonias-insulares-espanolas-en-el-ultimo-cuarto-del-siglo-xix\/","title":{"rendered":"Abolici\u00f3n de la esclavitud y autonomismo de colonias insulares espa\u00f1olas en el \u00faltimo cuarto del siglo xix"},"content":{"rendered":"<h2>Tesis doctoral de <strong> Montserrat Garc\u00eda Pedraza <\/strong><\/h2>\n<p>La tesis gira entorno a la consecuencias que tuvo la esclavitud en cuba y puerto rico. Para ello al autora empieza hablando de los tratados con inglaterra y los distintos proyectos que se proponen para llevar a cabo la abolici\u00f3n de la esclavitud. Al mismo tiempo se estudia la posici\u00f3n de la clase adinerada contra la abolici\u00f3n.  se estudian los distintos grupos sociales que se ocupan en la agricultura y que conviven con los negros esclavos, as\u00ed como aquella poblaci\u00f3n que ir\u00e1 sustituyendo en el campo a los esclavos. Se hace un estudio pormenorizado del patronato, un nuevo grado de esclavitud.  la tesis tambi\u00e9n abarca el proceso auton\u00f3mico en las antillas.  su surgimiento y su evoluci\u00f3n hasta la &#8212; auton\u00f3mica. Como colonia insular espa\u00f1ola tambi\u00e9n se habla de filipinas, como en este archipi\u00e9lago surge la idea de independentismo, ante la falta de pol\u00edtica por parte de la pen\u00ednsula respecto del archipi\u00e9lago.<\/p>\n<p>&nbsp;<\/p>\n<h3>Datos acad\u00e9micos de la tesis doctoral \u00ab<strong>Abolici\u00f3n de la esclavitud y autonomismo de colonias insulares espa\u00f1olas en el \u00faltimo cuarto del siglo xix<\/strong>\u00ab<\/h3>\n<ul>\n<li><strong>T\u00edtulo de la tesis:<\/strong>\u00a0 Abolici\u00f3n de la esclavitud y autonomismo de colonias insulares espa\u00f1olas en el \u00faltimo cuarto del siglo xix <\/li>\n<li><strong>Autor:<\/strong>\u00a0 Montserrat Garc\u00eda Pedraza <\/li>\n<li><strong>Universidad:<\/strong>\u00a0 Alcal\u00e1<\/li>\n<li><strong>Fecha de lectura de la tesis:<\/strong>\u00a0 22\/07\/2002<\/li>\n<\/ul>\n<p>&nbsp;<\/p>\n<h3>Direcci\u00f3n y tribunal<\/h3>\n<ul>\n<li><strong>Director de la tesis<\/strong>\n<ul>\n<li>Manuel Lucena  Salmoral<\/li>\n<\/ul>\n<\/li>\n<li><strong>Tribunal<\/strong>\n<ul>\n<li>Presidente del tribunal: Luis Beltran <\/li>\n<li>in\u00e9s Roldan (vocal)<\/li>\n<li>enriqueta Vila (vocal)<\/li>\n<li>consuelo Naranjo (vocal)<\/li>\n<\/ul>\n<\/li>\n<\/ul>\n<p>&nbsp;<\/p>\n","protected":false},"excerpt":{"rendered":"<p>Tesis doctoral de Montserrat Garc\u00eda Pedraza La tesis gira entorno a la consecuencias que tuvo la esclavitud en cuba y [&hellip;]<\/p>\n","protected":false},"author":1,"featured_media":0,"comment_status":"open","ping_status":"open","sticky":false,"template":"","format":"standard","meta":{"site-sidebar-layout":"default","site-content-layout":"","ast-site-content-layout":"","site-content-style":"default","site-sidebar-style":"default","ast-global-header-display":"","ast-banner-title-visibility":"","ast-main-header-display":"","ast-hfb-above-header-display":"","ast-hfb-below-header-display":"","ast-hfb-mobile-header-display":"","site-post-title":"","ast-breadcrumbs-content":"","ast-featured-img":"","footer-sml-layout":"","theme-transparent-header-meta":"","adv-header-id-meta":"","stick-header-meta":"","header-above-stick-meta":"","header-main-stick-meta":"","header-below-stick-meta":"","astra-migrate-meta-layouts":"default","ast-page-background-enabled":"default","ast-page-background-meta":{"desktop":{"background-color":"var(--ast-global-color-4)","background-image":"","background-repeat":"repeat","background-position":"center center","background-size":"auto","background-attachment":"scroll","background-type":"","background-media":"","overlay-type":"","overlay-color":"","overlay-gradient":""},"tablet":{"background-color":"","background-image":"","background-repeat":"repeat","background-position":"center center","background-size":"auto","background-attachment":"scroll","background-type":"","background-media":"","overlay-type":"","overlay-color":"","overlay-gradient":""},"mobile":{"background-color":"","background-image":"","background-repeat":"repeat","background-position":"center center","background-size":"auto","background-attachment":"scroll","background-type":"","background-media":"","overlay-type":"","overlay-color":"","overlay-gradient":""}},"ast-content-background-meta":{"desktop":{"background-color":"var(--ast-global-color-5)","background-image":"","background-repeat":"repeat","background-position":"center center","background-size":"auto","background-attachment":"scroll","background-type":"","background-media":"","overlay-type":"","overlay-color":"","overlay-gradient":""},"tablet":{"background-color":"var(--ast-global-color-5)","background-image":"","background-repeat":"repeat","background-position":"center center","background-size":"auto","background-attachment":"scroll","background-type":"","background-media":"","overlay-type":"","overlay-color":"","overlay-gradient":""},"mobile":{"background-color":"var(--ast-global-color-5)","background-image":"","background-repeat":"repeat","background-position":"center center","background-size":"auto","background-attachment":"scroll","background-type":"","background-media":"","overlay-type":"","overlay-color":"","overlay-gradient":""}},"footnotes":""},"categories":[17426,104,1816,6049,220,6480,222],"tags":[57739,57738,57737,48678,12547,57736],"class_list":["post-18652","post","type-post","status-publish","format-standard","hentry","category-alcala","category-historia","category-historia-contemporanea","category-historia-contemporanea-del-area-americana","category-historia-por-epocas","category-historia-social-y-cultural-de-america","category-historias-especializadas","tag-consuelo-naranjo","tag-enriqueta-vila","tag-ines-roldan","tag-luis-beltran","tag-manuel-lucena-salmoral","tag-montserrat-garcia-pedraza"],"_links":{"self":[{"href":"https:\/\/www.deberes.net\/tesis\/wp-json\/wp\/v2\/posts\/18652","targetHints":{"allow":["GET"]}}],"collection":[{"href":"https:\/\/www.deberes.net\/tesis\/wp-json\/wp\/v2\/posts"}],"about":[{"href":"https:\/\/www.deberes.net\/tesis\/wp-json\/wp\/v2\/types\/post"}],"author":[{"embeddable":true,"href":"https:\/\/www.deberes.net\/tesis\/wp-json\/wp\/v2\/users\/1"}],"replies":[{"embeddable":true,"href":"https:\/\/www.deberes.net\/tesis\/wp-json\/wp\/v2\/comments?post=18652"}],"version-history":[{"count":0,"href":"https:\/\/www.deberes.net\/tesis\/wp-json\/wp\/v2\/posts\/18652\/revisions"}],"wp:attachment":[{"href":"https:\/\/www.deberes.net\/tesis\/wp-json\/wp\/v2\/media?parent=18652"}],"wp:term":[{"taxonomy":"category","embeddable":true,"href":"https:\/\/www.deberes.net\/tesis\/wp-json\/wp\/v2\/categories?post=18652"},{"taxonomy":"post_tag","embeddable":true,"href":"https:\/\/www.deberes.net\/tesis\/wp-json\/wp\/v2\/tags?post=18652"}],"curies":[{"name":"wp","href":"https:\/\/api.w.org\/{rel}","templated":true}]}}