{"id":18661,"date":"2018-03-09T09:07:17","date_gmt":"2018-03-09T09:07:17","guid":{"rendered":"https:\/\/www.deberes.net\/tesis\/sin-categoria\/etica-e-pola%c2%adtica-na-utopa%c2%ada-anarquista-de-ricardo-mella\/"},"modified":"2018-03-09T09:07:17","modified_gmt":"2018-03-09T09:07:17","slug":"etica-e-pola%c2%adtica-na-utopa%c2%ada-anarquista-de-ricardo-mella","status":"publish","type":"post","link":"https:\/\/www.deberes.net\/tesis\/filosofia\/etica-e-pola%c2%adtica-na-utopa%c2%ada-anarquista-de-ricardo-mella\/","title":{"rendered":"\u00e9tica e pol\u00edtica na utop\u00edaanarquista de ricardo mella"},"content":{"rendered":"<h2>Tesis doctoral de <strong> Antonio Fern\u00e1ndez \u00e1lvarez <\/strong><\/h2>\n<p>Se trata de una relectura de la teor\u00eda pol\u00edtica del anarquismo cl\u00e1sico tomando como referente el pensamiento del libertario espa\u00f1ol ricardo mella (1861-1925), con el objetivo de determinar las ideas b\u00e1sicas de su ideario y a partir de las mismas determinar aquellos elementos de conexi\u00f3n y\/o divergencia entre las ideas clave del ideario anarquista cl\u00e1sico y las del ideario liberal, por una parte, y del socialista, por la otra. Al mismo tiempo se trata de retomar aquellos elementos del ideario anarquista que nos puedan servir de engarce con las discusiones que en el \u00e1mbito de la filosof\u00eda pol\u00edtica actual se est\u00e1n llevando a cabo entorno a la crisis de la democracia formal y, por otra parte, las correspondientes propuestas de revitalizaci\u00f3n del sistema democr\u00e1tico planteadas tanto desde el punto de vista de los te\u00f3ricos de la democracia como desde las propuestas hechas desde el campo de los llamados nuevos movimientos sociales.  el presente trabajo est\u00e1 estructurado en dos grandes partes. En la parte primera, cuyo t\u00edtulo es \u00abde la palabra al silencio\u00bb y que abarca el per\u00edodo hist\u00f3rico que va de 1861 a 1925 y que se corresponde con los a\u00f1os del nacimiento y muerte de ricardo mella, llevamos a cabo un estudio de doble vertiente. por una parte, un an\u00e1lisis del proceso hist\u00f3rico del movimiento obrero de corte anarquista europeo, espa\u00f1ol y -en menor medida- gallego, por otra, con la historia del movimiento obrero entrelazamos los datos relativos a la vida del autor que nos ocupa, el vigu\u00e9s ricardo mella. A lo largo de esta per\u00edodo de sesenta y cuatro a\u00f1os, el movimiento libertario estuvo a punto de desaparecer varias veces, unas por causas ajenas al propio movimiento, otras por su propio pie. Ahora bien, cierto es que parece que de cada una de estas ca\u00eddas resurge renovado u con nuevas fuerzas. Y aunque esta a veces sorprendente vitalidad nunca se pudo explicar de una forma v\u00e1lida, quiz\u00e1s no importe demasiado, lo cierto<\/p>\n<p>&nbsp;<\/p>\n<h3>Datos acad\u00e9micos de la tesis doctoral \u00ab<strong>\u00e9tica e pol\u00edtica na utop\u00edaanarquista de ricardo mella<\/strong>\u00ab<\/h3>\n<ul>\n<li><strong>T\u00edtulo de la tesis:<\/strong>\u00a0 \u00e9tica e pol\u00edtica na utop\u00edaanarquista de ricardo mella <\/li>\n<li><strong>Autor:<\/strong>\u00a0 Antonio Fern\u00e1ndez \u00e1lvarez <\/li>\n<li><strong>Universidad:<\/strong>\u00a0 Santiago de compostela<\/li>\n<li><strong>Fecha de lectura de la tesis:<\/strong>\u00a0 23\/07\/2002<\/li>\n<\/ul>\n<p>&nbsp;<\/p>\n<h3>Direcci\u00f3n y tribunal<\/h3>\n<ul>\n<li><strong>Director de la tesis<\/strong>\n<ul>\n<li>Mar\u00eda  Jose Agra Romero<\/li>\n<\/ul>\n<\/li>\n<li><strong>Tribunal<\/strong>\n<ul>\n<li>Presidente del tribunal: Jos\u00e9 Montoya  saenz <\/li>\n<li> Da silva estanqueiro rocha acilio (vocal)<\/li>\n<li>ramon Villares paz (vocal)<\/li>\n<li> Barreiro barreiro Jos\u00e9 Luis (vocal)<\/li>\n<\/ul>\n<\/li>\n<\/ul>\n<p>&nbsp;<\/p>\n","protected":false},"excerpt":{"rendered":"<p>Tesis doctoral de Antonio Fern\u00e1ndez \u00e1lvarez Se trata de una relectura de la teor\u00eda pol\u00edtica del anarquismo cl\u00e1sico tomando como [&hellip;]<\/p>\n","protected":false},"author":1,"featured_media":0,"comment_status":"open","ping_status":"open","sticky":false,"template":"","format":"standard","meta":{"site-sidebar-layout":"default","site-content-layout":"","ast-site-content-layout":"","site-content-style":"default","site-sidebar-style":"default","ast-global-header-display":"","ast-banner-title-visibility":"","ast-main-header-display":"","ast-hfb-above-header-display":"","ast-hfb-below-header-display":"","ast-hfb-mobile-header-display":"","site-post-title":"","ast-breadcrumbs-content":"","ast-featured-img":"","footer-sml-layout":"","theme-transparent-header-meta":"","adv-header-id-meta":"","stick-header-meta":"","header-above-stick-meta":"","header-main-stick-meta":"","header-below-stick-meta":"","astra-migrate-meta-layouts":"default","ast-page-background-enabled":"default","ast-page-background-meta":{"desktop":{"background-color":"var(--ast-global-color-4)","background-image":"","background-repeat":"repeat","background-position":"center center","background-size":"auto","background-attachment":"scroll","background-type":"","background-media":"","overlay-type":"","overlay-color":"","overlay-gradient":""},"tablet":{"background-color":"","background-image":"","background-repeat":"repeat","background-position":"center center","background-size":"auto","background-attachment":"scroll","background-type":"","background-media":"","overlay-type":"","overlay-color":"","overlay-gradient":""},"mobile":{"background-color":"","background-image":"","background-repeat":"repeat","background-position":"center center","background-size":"auto","background-attachment":"scroll","background-type":"","background-media":"","overlay-type":"","overlay-color":"","overlay-gradient":""}},"ast-content-background-meta":{"desktop":{"background-color":"var(--ast-global-color-5)","background-image":"","background-repeat":"repeat","background-position":"center center","background-size":"auto","background-attachment":"scroll","background-type":"","background-media":"","overlay-type":"","overlay-color":"","overlay-gradient":""},"tablet":{"background-color":"var(--ast-global-color-5)","background-image":"","background-repeat":"repeat","background-position":"center center","background-size":"auto","background-attachment":"scroll","background-type":"","background-media":"","overlay-type":"","overlay-color":"","overlay-gradient":""},"mobile":{"background-color":"var(--ast-global-color-5)","background-image":"","background-repeat":"repeat","background-position":"center center","background-size":"auto","background-attachment":"scroll","background-type":"","background-media":"","overlay-type":"","overlay-color":"","overlay-gradient":""}},"footnotes":""},"categories":[165,5342,6008,1078,977,32239],"tags":[52028,34965,57761,11779,13060,2911],"class_list":["post-18661","post","type-post","status-publish","format-standard","hentry","category-filosofia","category-filosofia-general","category-filosofia-politica","category-filosofia-social","category-santiago-de-compostela","category-teoria-de-las-ideologias","tag-antonio-fernandez-alvarez","tag-barreiro-barreiro-jose-luis","tag-da-silva-estanqueiro-rocha-acilio","tag-jose-montoya-saenz","tag-maria-jose-agra-romero","tag-ramon-villares-paz"],"_links":{"self":[{"href":"https:\/\/www.deberes.net\/tesis\/wp-json\/wp\/v2\/posts\/18661","targetHints":{"allow":["GET"]}}],"collection":[{"href":"https:\/\/www.deberes.net\/tesis\/wp-json\/wp\/v2\/posts"}],"about":[{"href":"https:\/\/www.deberes.net\/tesis\/wp-json\/wp\/v2\/types\/post"}],"author":[{"embeddable":true,"href":"https:\/\/www.deberes.net\/tesis\/wp-json\/wp\/v2\/users\/1"}],"replies":[{"embeddable":true,"href":"https:\/\/www.deberes.net\/tesis\/wp-json\/wp\/v2\/comments?post=18661"}],"version-history":[{"count":0,"href":"https:\/\/www.deberes.net\/tesis\/wp-json\/wp\/v2\/posts\/18661\/revisions"}],"wp:attachment":[{"href":"https:\/\/www.deberes.net\/tesis\/wp-json\/wp\/v2\/media?parent=18661"}],"wp:term":[{"taxonomy":"category","embeddable":true,"href":"https:\/\/www.deberes.net\/tesis\/wp-json\/wp\/v2\/categories?post=18661"},{"taxonomy":"post_tag","embeddable":true,"href":"https:\/\/www.deberes.net\/tesis\/wp-json\/wp\/v2\/tags?post=18661"}],"curies":[{"name":"wp","href":"https:\/\/api.w.org\/{rel}","templated":true}]}}