{"id":18673,"date":"2018-03-09T09:07:18","date_gmt":"2018-03-09T09:07:18","guid":{"rendered":"https:\/\/www.deberes.net\/tesis\/sin-categoria\/el-albanes-y-su-arta%c2%adculo-en-comparacion-con-el-espanol\/"},"modified":"2018-03-09T09:07:18","modified_gmt":"2018-03-09T09:07:18","slug":"el-albanes-y-su-arta%c2%adculo-en-comparacion-con-el-espanol","status":"publish","type":"post","link":"https:\/\/www.deberes.net\/tesis\/linguistica\/el-albanes-y-su-arta%c2%adculo-en-comparacion-con-el-espanol\/","title":{"rendered":"El alban\u00e9s y su art\u00edculo en comparaci\u00f3n con el espa\u00f1ol"},"content":{"rendered":"<h2>Tesis doctoral de <strong> Enkeleda Merko\u00c1\u00a7i <\/strong><\/h2>\n<p>Uno de los objetivos de esta tesis, por ser uno de los primeros estudios sobre el alban\u00e9s en espa\u00f1ol, es que los investigadores espa\u00f1oles puedan llegar a una m\u00e1s f\u00e1cil comprensi\u00f3n de otros estudios m\u00e1s especializados de la ling\u00ed\u00bc\u00edstica albanesa. Otro objetivo es que, a partir de estos conocimientos, el lector pueda adentrarse en el estudio especializado del art\u00edculo propuesto del alban\u00e9s, compar\u00e1ndolo con el art\u00edculo del espa\u00f1ol.  la tesis, desde un punto de vista estructural, est\u00e1 dividido en cinco cap\u00edtulos. en el primer cap\u00edtulo se presentan los aspectos hist\u00f3rico- ling\u00ed\u00bc\u00edsticos sobre los ilirios. El segundo cap\u00edtulo est\u00e1 dedicado a la descripci\u00f3n del origen de las lengua albanesa poniendo \u00e9nfasis en que el alban\u00e9s es el descendiente directo del lirio. A continuaci\u00f3n se presenta la formaci\u00f3n y el desarrollo del alban\u00e9s est\u00e1ndar. Junto a esto se da la introducci\u00f3n de la lengua albanesa al mundo de la traducci\u00f3n en la que se describen y analizan las razones del aislamiento de la lengua albanesa en el mundo de la traducci\u00f3n. La caracterizaci\u00f3n de la lengua albanesa como lengua sint\u00e9tico-anal\u00edtica se desarrolla en el cap\u00edtulo tercero en el que presentan las caracter\u00edsticas sint\u00e9ticas y anal\u00edticas del alban\u00e9s. En la \u00faltima secci\u00f3n se exponen las diferencias ling\u00ed\u00bc\u00edsticas entre los dos dialectos principales del alban\u00e9s, el guego y el tosco, compar\u00e1ndolas tambi\u00e9n con las de la lengua est\u00e1ndar.  en el cuarto cap\u00edtulo se examina el uso u omisi\u00f3n del art\u00edculo &#8211; sufijo del alban\u00e9s ante los nombres comunes y nombres propios mediante un an\u00e1lisis comparativo con el art\u00edculo en espa\u00f1ol. Se comprueba que los factores que regulan la presencia -ausencia del art\u00edculo, en las dos lenguas, son tanto sint\u00e1cticos como l\u00e9xicos y textuales. Se toman en consideraci\u00f3n los factores textuales en varios ejemplos de prensa, anuncios, titulares, refranes y enumeraciones. En el \u00faltimo cap\u00edtulo se estudia el art<\/p>\n<p>&nbsp;<\/p>\n<h3>Datos acad\u00e9micos de la tesis doctoral \u00ab<strong>El alban\u00e9s y su art\u00edculo en comparaci\u00f3n con el espa\u00f1ol<\/strong>\u00ab<\/h3>\n<ul>\n<li><strong>T\u00edtulo de la tesis:<\/strong>\u00a0 El alban\u00e9s y su art\u00edculo en comparaci\u00f3n con el espa\u00f1ol <\/li>\n<li><strong>Autor:<\/strong>\u00a0 Enkeleda Merko\u00c1\u00a7i <\/li>\n<li><strong>Universidad:<\/strong>\u00a0 Aut\u00f3noma de barcelona<\/li>\n<li><strong>Fecha de lectura de la tesis:<\/strong>\u00a0 23\/07\/2002<\/li>\n<\/ul>\n<p>&nbsp;<\/p>\n<h3>Direcci\u00f3n y tribunal<\/h3>\n<ul>\n<li><strong>Director de la tesis<\/strong>\n<ul>\n<li> Rubio Mart\u00ednez Juan  Carlos<\/li>\n<\/ul>\n<\/li>\n<li><strong>Tribunal<\/strong>\n<ul>\n<li>Presidente del tribunal: Jos\u00e9 manuel Blecua perdices <\/li>\n<li>Juan Gutierrez cuadrado (vocal)<\/li>\n<li>Mar\u00eda Bargall\u00f3 escriv? (vocal)<\/li>\n<li>roser Gauchola  gamarra (vocal)<\/li>\n<\/ul>\n<\/li>\n<\/ul>\n<p>&nbsp;<\/p>\n","protected":false},"excerpt":{"rendered":"<p>Tesis doctoral de Enkeleda Merko\u00c1\u00a7i Uno de los objetivos de esta tesis, por ser uno de los primeros estudios sobre [&hellip;]<\/p>\n","protected":false},"author":1,"featured_media":0,"comment_status":"open","ping_status":"open","sticky":false,"template":"","format":"standard","meta":{"site-sidebar-layout":"default","site-content-layout":"","ast-site-content-layout":"","site-content-style":"default","site-sidebar-style":"default","ast-global-header-display":"","ast-banner-title-visibility":"","ast-main-header-display":"","ast-hfb-above-header-display":"","ast-hfb-below-header-display":"","ast-hfb-mobile-header-display":"","site-post-title":"","ast-breadcrumbs-content":"","ast-featured-img":"","footer-sml-layout":"","theme-transparent-header-meta":"","adv-header-id-meta":"","stick-header-meta":"","header-above-stick-meta":"","header-main-stick-meta":"","header-below-stick-meta":"","astra-migrate-meta-layouts":"default","ast-page-background-enabled":"default","ast-page-background-meta":{"desktop":{"background-color":"var(--ast-global-color-4)","background-image":"","background-repeat":"repeat","background-position":"center center","background-size":"auto","background-attachment":"scroll","background-type":"","background-media":"","overlay-type":"","overlay-color":"","overlay-gradient":""},"tablet":{"background-color":"","background-image":"","background-repeat":"repeat","background-position":"center center","background-size":"auto","background-attachment":"scroll","background-type":"","background-media":"","overlay-type":"","overlay-color":"","overlay-gradient":""},"mobile":{"background-color":"","background-image":"","background-repeat":"repeat","background-position":"center center","background-size":"auto","background-attachment":"scroll","background-type":"","background-media":"","overlay-type":"","overlay-color":"","overlay-gradient":""}},"ast-content-background-meta":{"desktop":{"background-color":"var(--ast-global-color-5)","background-image":"","background-repeat":"repeat","background-position":"center center","background-size":"auto","background-attachment":"scroll","background-type":"","background-media":"","overlay-type":"","overlay-color":"","overlay-gradient":""},"tablet":{"background-color":"var(--ast-global-color-5)","background-image":"","background-repeat":"repeat","background-position":"center center","background-size":"auto","background-attachment":"scroll","background-type":"","background-media":"","overlay-type":"","overlay-color":"","overlay-gradient":""},"mobile":{"background-color":"var(--ast-global-color-5)","background-image":"","background-repeat":"repeat","background-position":"center center","background-size":"auto","background-attachment":"scroll","background-type":"","background-media":"","overlay-type":"","overlay-color":"","overlay-gradient":""}},"footnotes":""},"categories":[59,4139,62,409],"tags":[57789,13618,5102,57791,57792,57790],"class_list":["post-18673","post","type-post","status-publish","format-standard","hentry","category-linguistica","category-linguistica-comparada","category-linguistica-sincronica","category-sintaxis-y-analisis-sintactico","tag-enkeleda-merkoai","tag-jose-manuel-blecua-perdices","tag-juan-gutierrez-cuadrado","tag-maria-bargallo-escriv","tag-roser-gauchola-gamarra","tag-rubio-Martinez-juan-carlos"],"_links":{"self":[{"href":"https:\/\/www.deberes.net\/tesis\/wp-json\/wp\/v2\/posts\/18673","targetHints":{"allow":["GET"]}}],"collection":[{"href":"https:\/\/www.deberes.net\/tesis\/wp-json\/wp\/v2\/posts"}],"about":[{"href":"https:\/\/www.deberes.net\/tesis\/wp-json\/wp\/v2\/types\/post"}],"author":[{"embeddable":true,"href":"https:\/\/www.deberes.net\/tesis\/wp-json\/wp\/v2\/users\/1"}],"replies":[{"embeddable":true,"href":"https:\/\/www.deberes.net\/tesis\/wp-json\/wp\/v2\/comments?post=18673"}],"version-history":[{"count":0,"href":"https:\/\/www.deberes.net\/tesis\/wp-json\/wp\/v2\/posts\/18673\/revisions"}],"wp:attachment":[{"href":"https:\/\/www.deberes.net\/tesis\/wp-json\/wp\/v2\/media?parent=18673"}],"wp:term":[{"taxonomy":"category","embeddable":true,"href":"https:\/\/www.deberes.net\/tesis\/wp-json\/wp\/v2\/categories?post=18673"},{"taxonomy":"post_tag","embeddable":true,"href":"https:\/\/www.deberes.net\/tesis\/wp-json\/wp\/v2\/tags?post=18673"}],"curies":[{"name":"wp","href":"https:\/\/api.w.org\/{rel}","templated":true}]}}