{"id":18674,"date":"2018-03-09T09:07:19","date_gmt":"2018-03-09T09:07:19","guid":{"rendered":"https:\/\/www.deberes.net\/tesis\/sin-categoria\/estudio-del-impacto-del-cambio-climatico-sobre-los-recursos-ha%c2%addricos-aplicacion-en-diecinueve-pequenas-cuencas-en-espana\/"},"modified":"2018-03-09T09:07:19","modified_gmt":"2018-03-09T09:07:19","slug":"estudio-del-impacto-del-cambio-climatico-sobre-los-recursos-ha%c2%addricos-aplicacion-en-diecinueve-pequenas-cuencas-en-espana","status":"publish","type":"post","link":"https:\/\/www.deberes.net\/tesis\/ciencias-de-la-tierra-y-del-espacio\/estudio-del-impacto-del-cambio-climatico-sobre-los-recursos-ha%c2%addricos-aplicacion-en-diecinueve-pequenas-cuencas-en-espana\/","title":{"rendered":"Estudio del impacto del cambio clim\u00e1tico sobre los recursos h\u00eddricos. aplicaci\u00f3n en diecinueve peque\u00f1as cuencas en espa\u00f1a"},"content":{"rendered":"<h2>Tesis doctoral de <strong> Pedro Fern\u00e1ndez Carrasco <\/strong><\/h2>\n<p>La presente tesis estudia el impacto que el cambio clim\u00e1tico puede producir en los recursos h\u00eddricos en espa\u00f1a, empleando los campos clim\u00e1ticos elaborados para la pen\u00ednsula ib\u00e9rica por el modelo clim\u00e1tico regional promes. El modelo regional calcula las condiciones de contorno e iniciales a partir de las salidas del modelo de circulaci\u00f3n general hadcm2.  se estima la vulnerabilidad al cambio clim\u00e1tico de los recursos h\u00eddricos en su aspecto cuantitativo al comparar la evaluaci\u00f3n hidrol\u00f3gica, en r\u00e9gimen natural, para el a\u00f1o 2050 frente a la evaluaci\u00f3n hidrol\u00f3gica de un periodo base sin modificar, de 50 a\u00f1os, comprendido entre 1945 y 1995.  los resultados servir\u00e1n de base para posteriores estudios de los impactos relativos a la calidad, la intensidad y frecuencia de las avenidas y sequ\u00edas o al uso, gesti\u00f3n y planificaci\u00f3n del agua.  para las simulaciones hidrol\u00f3gicas se ha empleado el modelo hidrol\u00f3gico simpa (sistema integrado para la modelizaci\u00f3n de la precipitaci\u00f3n-aportaci\u00f3n) desarrollado en el centro de estudios hidrogr\u00e1ficos del cedex. El modelo simula los procesos del ciclo hidrol\u00f3gico en su fase terrestre mediante ecuaciones de balance y transferencia, que se aplican en un mallado regular compuesto por celdas de igual tama\u00f1o en el que se divide la cuenca. Mediante el empleo de un sistema de informaci\u00f3n geogr\u00e1fica de tipo matricial, el modelo ejecuta las ecuaciones del ciclo hidrol\u00f3gico y estima los recursos h\u00eddricos subterr\u00e1neos y superficiales, mostrando una informaci\u00f3n distribuida y agregada de las principales variables hidrol\u00f3gicas.  el modelo hidrol\u00f3gico utiliza los datos mensuales de precipitaci\u00f3n y de temperaturas registrados en las estaciones meteorol\u00f3gicas, modificados o no por los campos clim\u00e1ticos disponibles, la informaci\u00f3n fisiogr\u00e1fica del territorio relativa a tipos de suelo, usos del suelo, etc., Y los datos de aforos hist\u00f3ricos registrados en las estaciones foron\u00f3micas. El e<\/p>\n<p>&nbsp;<\/p>\n<h3>Datos acad\u00e9micos de la tesis doctoral \u00ab<strong>Estudio del impacto del cambio clim\u00e1tico sobre los recursos h\u00eddricos. aplicaci\u00f3n en diecinueve peque\u00f1as cuencas en espa\u00f1a<\/strong>\u00ab<\/h3>\n<ul>\n<li><strong>T\u00edtulo de la tesis:<\/strong>\u00a0 Estudio del impacto del cambio clim\u00e1tico sobre los recursos h\u00eddricos. aplicaci\u00f3n en diecinueve peque\u00f1as cuencas en espa\u00f1a <\/li>\n<li><strong>Autor:<\/strong>\u00a0 Pedro Fern\u00e1ndez Carrasco <\/li>\n<li><strong>Universidad:<\/strong>\u00a0 Polit\u00e9cnica de Madrid<\/li>\n<li><strong>Fecha de lectura de la tesis:<\/strong>\u00a0 23\/07\/2002<\/li>\n<\/ul>\n<p>&nbsp;<\/p>\n<h3>Direcci\u00f3n y tribunal<\/h3>\n<ul>\n<li><strong>Director de la tesis<\/strong>\n<ul>\n<li>Crist\u00f3bal Mateos Iguacel<\/li>\n<\/ul>\n<\/li>\n<li><strong>Tribunal<\/strong>\n<ul>\n<li>Presidente del tribunal:  Rosa oliver Emilio de la <\/li>\n<li> Veiga da cunha Luis (vocal)<\/li>\n<li>josep Dolz ripoll\u00e9s (vocal)<\/li>\n<li>Francisco Javier Ferrer polo (vocal)<\/li>\n<\/ul>\n<\/li>\n<\/ul>\n<p>&nbsp;<\/p>\n","protected":false},"excerpt":{"rendered":"<p>Tesis doctoral de Pedro Fern\u00e1ndez Carrasco La presente tesis estudia el impacto que el cambio clim\u00e1tico puede producir en los [&hellip;]<\/p>\n","protected":false},"author":1,"featured_media":0,"comment_status":"open","ping_status":"open","sticky":false,"template":"","format":"standard","meta":{"site-sidebar-layout":"default","site-content-layout":"","ast-site-content-layout":"","site-content-style":"default","site-sidebar-style":"default","ast-global-header-display":"","ast-banner-title-visibility":"","ast-main-header-display":"","ast-hfb-above-header-display":"","ast-hfb-below-header-display":"","ast-hfb-mobile-header-display":"","site-post-title":"","ast-breadcrumbs-content":"","ast-featured-img":"","footer-sml-layout":"","theme-transparent-header-meta":"","adv-header-id-meta":"","stick-header-meta":"","header-above-stick-meta":"","header-main-stick-meta":"","header-below-stick-meta":"","astra-migrate-meta-layouts":"default","ast-page-background-enabled":"default","ast-page-background-meta":{"desktop":{"background-color":"var(--ast-global-color-4)","background-image":"","background-repeat":"repeat","background-position":"center center","background-size":"auto","background-attachment":"scroll","background-type":"","background-media":"","overlay-type":"","overlay-color":"","overlay-gradient":""},"tablet":{"background-color":"","background-image":"","background-repeat":"repeat","background-position":"center center","background-size":"auto","background-attachment":"scroll","background-type":"","background-media":"","overlay-type":"","overlay-color":"","overlay-gradient":""},"mobile":{"background-color":"","background-image":"","background-repeat":"repeat","background-position":"center center","background-size":"auto","background-attachment":"scroll","background-type":"","background-media":"","overlay-type":"","overlay-color":"","overlay-gradient":""}},"ast-content-background-meta":{"desktop":{"background-color":"var(--ast-global-color-5)","background-image":"","background-repeat":"repeat","background-position":"center center","background-size":"auto","background-attachment":"scroll","background-type":"","background-media":"","overlay-type":"","overlay-color":"","overlay-gradient":""},"tablet":{"background-color":"var(--ast-global-color-5)","background-image":"","background-repeat":"repeat","background-position":"center center","background-size":"auto","background-attachment":"scroll","background-type":"","background-media":"","overlay-type":"","overlay-color":"","overlay-gradient":""},"mobile":{"background-color":"var(--ast-global-color-5)","background-image":"","background-repeat":"repeat","background-position":"center center","background-size":"auto","background-attachment":"scroll","background-type":"","background-media":"","overlay-type":"","overlay-color":"","overlay-gradient":""}},"footnotes":""},"categories":[27,332,4329,4327,13196,1666,12888,1333,429,16008,57793],"tags":[42225,57797,15657,57794,57795,57796],"class_list":["post-18674","post","type-post","status-publish","format-standard","hentry","category-ciencias-de-la-tierra-y-del-espacio","category-ciencias-tecnologicas","category-climatologia","category-climatologia-regional","category-hidrografia","category-hidrologia","category-ingenieria-de-la-contaminacion","category-ingenieria-y-tecnologia-del-medio-ambiente","category-meteorologia","category-politecnica-de-madrid","category-prevision-meteorologica-a-largo-plazo","tag-cristobal-mateos-iguacel","tag-francisco-javier-ferrer-polo","tag-josep-dolz-ripolles","tag-pedro-fernandez-carrasco","tag-rosa-oliver-emilio-de-la","tag-veiga-da-cunha-luis"],"_links":{"self":[{"href":"https:\/\/www.deberes.net\/tesis\/wp-json\/wp\/v2\/posts\/18674","targetHints":{"allow":["GET"]}}],"collection":[{"href":"https:\/\/www.deberes.net\/tesis\/wp-json\/wp\/v2\/posts"}],"about":[{"href":"https:\/\/www.deberes.net\/tesis\/wp-json\/wp\/v2\/types\/post"}],"author":[{"embeddable":true,"href":"https:\/\/www.deberes.net\/tesis\/wp-json\/wp\/v2\/users\/1"}],"replies":[{"embeddable":true,"href":"https:\/\/www.deberes.net\/tesis\/wp-json\/wp\/v2\/comments?post=18674"}],"version-history":[{"count":0,"href":"https:\/\/www.deberes.net\/tesis\/wp-json\/wp\/v2\/posts\/18674\/revisions"}],"wp:attachment":[{"href":"https:\/\/www.deberes.net\/tesis\/wp-json\/wp\/v2\/media?parent=18674"}],"wp:term":[{"taxonomy":"category","embeddable":true,"href":"https:\/\/www.deberes.net\/tesis\/wp-json\/wp\/v2\/categories?post=18674"},{"taxonomy":"post_tag","embeddable":true,"href":"https:\/\/www.deberes.net\/tesis\/wp-json\/wp\/v2\/tags?post=18674"}],"curies":[{"name":"wp","href":"https:\/\/api.w.org\/{rel}","templated":true}]}}