{"id":18713,"date":"2018-03-09T09:07:22","date_gmt":"2018-03-09T09:07:22","guid":{"rendered":"https:\/\/www.deberes.net\/tesis\/sin-categoria\/del-resguardo-inda%c2%adgena-a-la-ciudad-procesos-de-migracion-e-historias-de-vida-en-medella%c2%adn\/"},"modified":"2018-03-09T09:07:22","modified_gmt":"2018-03-09T09:07:22","slug":"del-resguardo-inda%c2%adgena-a-la-ciudad-procesos-de-migracion-e-historias-de-vida-en-medella%c2%adn","status":"publish","type":"post","link":"https:\/\/www.deberes.net\/tesis\/antropologia\/del-resguardo-inda%c2%adgena-a-la-ciudad-procesos-de-migracion-e-historias-de-vida-en-medella%c2%adn\/","title":{"rendered":"Del resguardo ind\u00edgena a la ciudad: procesos de migraci\u00f3n e historias de vida en medell\u00edn"},"content":{"rendered":"<h2>Tesis doctoral de <strong>  Sierra Calle Jos\u00e9 Guillermo <\/strong><\/h2>\n<p>En medell\u00edn hay un promedio de 1500 ind\u00edgenas que son representantes de 14 grupos \u00e9tnicos: 12 del territorio de colombia, 1 de panam\u00e1 y 1 de ecuador. 800 \u00edndigenas han decidido establecer su residencia definitiva en medell\u00edn. Pero, se pudo establecer que la mayor\u00eda emprender procesos de emigraci\u00f3n cultural de retorno hacia los resguardos de origen. Las entrevistas con los ind\u00edgenas urbanos, han aportado interesantes informaciones con base en la historia de vida en la ciudad: formas de matrimonio endog\u00e1mico y exog\u00e1mico, sistemas de red sociocultural, procedencia del lugar de ancestro rural (monta\u00f1a y selva), motivaciones que propician el proceso de migraci\u00f3n, aculturaci\u00f3n de la identidad ling\u00ed\u00bc\u00edstica y \u00e9tnica, desarraigo de la identidad territorial, migraciones estacionarias, temporales y de retorno definitivo, actividades econ\u00f3micas, indumentaria, situaci\u00f3n, socioling\u00ed\u00bc\u00edstica, matrimonio y enseres dom\u00e9sticos, recreaci\u00f3n y formas de esparcimiento, organizaci\u00f3n social, actividades econ\u00f3micas, pobalci\u00f3n y sitio de residencia, etc\u00e9tera.  en este estudio de sociolog\u00eda y antropolog\u00eda urbana, se articula la observaci\u00f3n participante, la entrevista directa y la bibliograf\u00eda referencial de ind\u00edgeneas migrantes ind\u00edgenas que proceden de panam\u00e1, ecuador y de zonas rurales cercanas o distantes del territorio de colombia. A partir de 1950 ind\u00edgenas de diversas comunidades es \u00e9tnicas han emigrado a la ciudad de medell\u00edn, con el prop\u00f3sito de fijar su residencia definitiva. en el per\u00edodo de 1926-1998 las migraciones han sido temporales en gran proproci\u00f3n: mientras realzian estudios de primaria, bachillerato o inician y terminan un programa profesional en alguna universidad; asisten a un taller de etnoeducaci\u00f3n o etnodesarrollo, reciben atenci\u00f3n m\u00e9dica en un centro hospitalario o casa de misi\u00f3n y mientras realizan transacciones econ\u00f3micas de productos terminados en lana o de plantas medicinales y amuletos con propi<\/p>\n<p>&nbsp;<\/p>\n<h3>Datos acad\u00e9micos de la tesis doctoral \u00ab<strong>Del resguardo ind\u00edgena a la ciudad: procesos de migraci\u00f3n e historias de vida en medell\u00edn<\/strong>\u00ab<\/h3>\n<ul>\n<li><strong>T\u00edtulo de la tesis:<\/strong>\u00a0 Del resguardo ind\u00edgena a la ciudad: procesos de migraci\u00f3n e historias de vida en medell\u00edn <\/li>\n<li><strong>Autor:<\/strong>\u00a0  Sierra Calle Jos\u00e9 Guillermo <\/li>\n<li><strong>Universidad:<\/strong>\u00a0 Alicante<\/li>\n<li><strong>Fecha de lectura de la tesis:<\/strong>\u00a0 25\/07\/2002<\/li>\n<\/ul>\n<p>&nbsp;<\/p>\n<h3>Direcci\u00f3n y tribunal<\/h3>\n<ul>\n<li><strong>Director de la tesis<\/strong>\n<ul>\n<li>Fernando D\u00edaz Orueta<\/li>\n<\/ul>\n<\/li>\n<li><strong>Tribunal<\/strong>\n<ul>\n<li>Presidente del tribunal: benjamin Oltra martin de los santos <\/li>\n<li>Francisco Gimeno men\u00e9ndez (vocal)<\/li>\n<li>Mar\u00eda Gonz\u00e1lez encinar (vocal)<\/li>\n<li>  (vocal)<\/li>\n<\/ul>\n<\/li>\n<\/ul>\n<p>&nbsp;<\/p>\n","protected":false},"excerpt":{"rendered":"<p>Tesis doctoral de Sierra Calle Jos\u00e9 Guillermo En medell\u00edn hay un promedio de 1500 ind\u00edgenas que son representantes de 14 [&hellip;]<\/p>\n","protected":false},"author":1,"featured_media":0,"comment_status":"open","ping_status":"open","sticky":false,"template":"","format":"standard","meta":{"site-sidebar-layout":"default","site-content-layout":"","ast-site-content-layout":"","site-content-style":"default","site-sidebar-style":"default","ast-global-header-display":"","ast-banner-title-visibility":"","ast-main-header-display":"","ast-hfb-above-header-display":"","ast-hfb-below-header-display":"","ast-hfb-mobile-header-display":"","site-post-title":"","ast-breadcrumbs-content":"","ast-featured-img":"","footer-sml-layout":"","theme-transparent-header-meta":"","adv-header-id-meta":"","stick-header-meta":"","header-above-stick-meta":"","header-main-stick-meta":"","header-below-stick-meta":"","astra-migrate-meta-layouts":"default","ast-page-background-enabled":"default","ast-page-background-meta":{"desktop":{"background-color":"var(--ast-global-color-4)","background-image":"","background-repeat":"repeat","background-position":"center center","background-size":"auto","background-attachment":"scroll","background-type":"","background-media":"","overlay-type":"","overlay-color":"","overlay-gradient":""},"tablet":{"background-color":"","background-image":"","background-repeat":"repeat","background-position":"center center","background-size":"auto","background-attachment":"scroll","background-type":"","background-media":"","overlay-type":"","overlay-color":"","overlay-gradient":""},"mobile":{"background-color":"","background-image":"","background-repeat":"repeat","background-position":"center center","background-size":"auto","background-attachment":"scroll","background-type":"","background-media":"","overlay-type":"","overlay-color":"","overlay-gradient":""}},"ast-content-background-meta":{"desktop":{"background-color":"var(--ast-global-color-5)","background-image":"","background-repeat":"repeat","background-position":"center center","background-size":"auto","background-attachment":"scroll","background-type":"","background-media":"","overlay-type":"","overlay-color":"","overlay-gradient":""},"tablet":{"background-color":"var(--ast-global-color-5)","background-image":"","background-repeat":"repeat","background-position":"center center","background-size":"auto","background-attachment":"scroll","background-type":"","background-media":"","overlay-type":"","overlay-color":"","overlay-gradient":""},"mobile":{"background-color":"var(--ast-global-color-5)","background-image":"","background-repeat":"repeat","background-position":"center center","background-size":"auto","background-attachment":"scroll","background-type":"","background-media":"","overlay-type":"","overlay-color":"","overlay-gradient":""}},"footnotes":""},"categories":[19166,681,983,2720,38486,6026,31506],"tags":[19373,57889,28007,57890,57888],"class_list":["post-18713","post","type-post","status-publish","format-standard","hentry","category-alicante","category-antropologia","category-antropologia-cultural","category-antropologia-social","category-etnolinguistica-antropologica","category-nomadismo","category-tradicion","tag-benjamin-oltra-martin-de-los-santos","tag-fernando-diaz-orueta","tag-francisco-gimeno-menendez","tag-maria-gonzalez-encinar","tag-sierra-calle-jose-guillermo"],"_links":{"self":[{"href":"https:\/\/www.deberes.net\/tesis\/wp-json\/wp\/v2\/posts\/18713","targetHints":{"allow":["GET"]}}],"collection":[{"href":"https:\/\/www.deberes.net\/tesis\/wp-json\/wp\/v2\/posts"}],"about":[{"href":"https:\/\/www.deberes.net\/tesis\/wp-json\/wp\/v2\/types\/post"}],"author":[{"embeddable":true,"href":"https:\/\/www.deberes.net\/tesis\/wp-json\/wp\/v2\/users\/1"}],"replies":[{"embeddable":true,"href":"https:\/\/www.deberes.net\/tesis\/wp-json\/wp\/v2\/comments?post=18713"}],"version-history":[{"count":0,"href":"https:\/\/www.deberes.net\/tesis\/wp-json\/wp\/v2\/posts\/18713\/revisions"}],"wp:attachment":[{"href":"https:\/\/www.deberes.net\/tesis\/wp-json\/wp\/v2\/media?parent=18713"}],"wp:term":[{"taxonomy":"category","embeddable":true,"href":"https:\/\/www.deberes.net\/tesis\/wp-json\/wp\/v2\/categories?post=18713"},{"taxonomy":"post_tag","embeddable":true,"href":"https:\/\/www.deberes.net\/tesis\/wp-json\/wp\/v2\/tags?post=18713"}],"curies":[{"name":"wp","href":"https:\/\/api.w.org\/{rel}","templated":true}]}}