{"id":18772,"date":"2018-03-09T09:07:27","date_gmt":"2018-03-09T09:07:27","guid":{"rendered":"https:\/\/www.deberes.net\/tesis\/sin-categoria\/contribucion-al-conocimiento-de-los-plecopteros-insecta-plecoptera-del-sur-de-la-pena%c2%adnsula-iberica\/"},"modified":"2018-03-09T09:07:27","modified_gmt":"2018-03-09T09:07:27","slug":"contribucion-al-conocimiento-de-los-plecopteros-insecta-plecoptera-del-sur-de-la-pena%c2%adnsula-iberica","status":"publish","type":"post","link":"https:\/\/www.deberes.net\/tesis\/ciencias-de-la-vida\/contribucion-al-conocimiento-de-los-plecopteros-insecta-plecoptera-del-sur-de-la-pena%c2%adnsula-iberica\/","title":{"rendered":"Contribuci\u00f3n al conocimiento de los plec\u00f3pteros (insecta, plecoptera) del sur de la pen\u00ednsula ib\u00e9rica"},"content":{"rendered":"<h2>Tesis doctoral de <strong>  Luz\u00f3n Ortega Julio Miguel <\/strong><\/h2>\n<p>En la tesis se ampl\u00eda el conocimiento de los plec\u00f3pteros del sur ib\u00e9rico en tres campos principales: la faun\u00edstica\/fenolog\u00eda, la taxonom\u00eda y la biolog\u00eda imaginal. Se incrementa el n\u00famero de especies citadas en sierra de hu\u00e9tor, sierra de baza, sierra subb\u00e9tica cordobesa, sierra morena y algarve. Se analiza tambi\u00e9n el solapamiento entre especies y se relaciona con la estacionalidad de los cursos de agua. Se establecen las relaciones de similitud entre las distintas \u00e1reas del sur peninsular y norte de \u00e1frica. otro aspecto estudiado son los per\u00edodos de vuelo de la plecopterofauna de las sierras de baza y hu\u00e9tor. En cuanto al estudio taxon\u00f3mico se describen las ninfas de capnioneura gelesae y c.Libera y se confeccionan las claves de identificaci\u00f3n de las ninfas del g\u00e9nero presentes en toda la pen\u00ednsula ib\u00e9rica y norte de \u00e1frica. Otro aspecto taxon\u00f3mico estudiado es la variabilidad intraespec\u00edfica presentada en la especie leuctra maroccana, que muestra la existencia de dicha variabilidad en caracteres habitualmente usados en su identificaci\u00f3n y se discuten las implicaciones que ello conlleva. por \u00faltimo, se estudian diversos aspectos de la biolog\u00eda tanto de la superfamilia nemouroidea como perloidea. Se describe la mergencia de nemoura fulviceps, la alimentaci\u00f3n de hemimelaena flaviventris y n.Fulviceps, las llamadas de percusi\u00f3n y\/o arrastres de h.Flaviventris, guadalgenus franzi, isoperla pallida, i.Bipartida, i.Curtata (acompa\u00f1adas de un esquema de la posible evoluci\u00f3n de los cantos en los perlodidae ib\u00e9ricos) y n.Fulviceps, se aporta informaci\u00f3n del comportamiento de c\u00f3pula de h.Flaviventris, i.Curtata y n.Fulviceps, se describe el huevo y la puesta de h.Falviventris e i.Curtata y se presenta un estudio biom\u00e9trico en i.Curtata.<\/p>\n<p>&nbsp;<\/p>\n<h3>Datos acad\u00e9micos de la tesis doctoral \u00ab<strong>Contribuci\u00f3n al conocimiento de los plec\u00f3pteros (insecta, plecoptera) del sur de la pen\u00ednsula ib\u00e9rica<\/strong>\u00ab<\/h3>\n<ul>\n<li><strong>T\u00edtulo de la tesis:<\/strong>\u00a0 Contribuci\u00f3n al conocimiento de los plec\u00f3pteros (insecta, plecoptera) del sur de la pen\u00ednsula ib\u00e9rica <\/li>\n<li><strong>Autor:<\/strong>\u00a0  Luz\u00f3n Ortega Julio Miguel <\/li>\n<li><strong>Universidad:<\/strong>\u00a0 Granada<\/li>\n<li><strong>Fecha de lectura de la tesis:<\/strong>\u00a0 29\/07\/2002<\/li>\n<\/ul>\n<p>&nbsp;<\/p>\n<h3>Direcci\u00f3n y tribunal<\/h3>\n<ul>\n<li><strong>Director de la tesis<\/strong>\n<ul>\n<li>Jos\u00e9 Manuel Tierno De Figueroa<\/li>\n<\/ul>\n<\/li>\n<li><strong>Tribunal<\/strong>\n<ul>\n<li>Presidente del tribunal: Francisco javier Alba tercedor <\/li>\n<li> Garc\u00eda Garc\u00eda M\u00aa dolores (vocal)<\/li>\n<li>Juan  Jos\u00e9 Presa asensio (vocal)<\/li>\n<li>diego Mar\u00eda no Garcia de jalon de la lastra (vocal)<\/li>\n<\/ul>\n<\/li>\n<\/ul>\n<p>&nbsp;<\/p>\n","protected":false},"excerpt":{"rendered":"<p>Tesis doctoral de Luz\u00f3n Ortega Julio Miguel En la tesis se ampl\u00eda el conocimiento de los plec\u00f3pteros del sur ib\u00e9rico [&hellip;]<\/p>\n","protected":false},"author":1,"featured_media":0,"comment_status":"open","ping_status":"open","sticky":false,"template":"","format":"standard","meta":{"site-sidebar-layout":"default","site-content-layout":"","ast-site-content-layout":"","site-content-style":"default","site-sidebar-style":"default","ast-global-header-display":"","ast-banner-title-visibility":"","ast-main-header-display":"","ast-hfb-above-header-display":"","ast-hfb-below-header-display":"","ast-hfb-mobile-header-display":"","site-post-title":"","ast-breadcrumbs-content":"","ast-featured-img":"","footer-sml-layout":"","theme-transparent-header-meta":"","adv-header-id-meta":"","stick-header-meta":"","header-above-stick-meta":"","header-main-stick-meta":"","header-below-stick-meta":"","astra-migrate-meta-layouts":"default","ast-page-background-enabled":"default","ast-page-background-meta":{"desktop":{"background-color":"var(--ast-global-color-4)","background-image":"","background-repeat":"repeat","background-position":"center center","background-size":"auto","background-attachment":"scroll","background-type":"","background-media":"","overlay-type":"","overlay-color":"","overlay-gradient":""},"tablet":{"background-color":"","background-image":"","background-repeat":"repeat","background-position":"center center","background-size":"auto","background-attachment":"scroll","background-type":"","background-media":"","overlay-type":"","overlay-color":"","overlay-gradient":""},"mobile":{"background-color":"","background-image":"","background-repeat":"repeat","background-position":"center center","background-size":"auto","background-attachment":"scroll","background-type":"","background-media":"","overlay-type":"","overlay-color":"","overlay-gradient":""}},"ast-content-background-meta":{"desktop":{"background-color":"var(--ast-global-color-5)","background-image":"","background-repeat":"repeat","background-position":"center center","background-size":"auto","background-attachment":"scroll","background-type":"","background-media":"","overlay-type":"","overlay-color":"","overlay-gradient":""},"tablet":{"background-color":"var(--ast-global-color-5)","background-image":"","background-repeat":"repeat","background-position":"center center","background-size":"auto","background-attachment":"scroll","background-type":"","background-media":"","overlay-type":"","overlay-color":"","overlay-gradient":""},"mobile":{"background-color":"var(--ast-global-color-5)","background-image":"","background-repeat":"repeat","background-position":"center center","background-size":"auto","background-attachment":"scroll","background-type":"","background-media":"","overlay-type":"","overlay-color":"","overlay-gradient":""}},"footnotes":""},"categories":[35,3067,58033,367,226],"tags":[14946,22278,58036,58035,8742,58034],"class_list":["post-18772","post","type-post","status-publish","format-standard","hentry","category-ciencias-de-la-vida","category-entomologia","category-entomologia-general","category-invertebrados","category-zoologia","tag-diego-maria-no-garcia-de-jalon-de-la-lastra","tag-francisco-javier-alba-tercedor","tag-garcia-garcia-ma-dolores","tag-jose-manuel-tierno-de-figueroa","tag-juan-jose-presa-asensio","tag-luzon-ortega-julio-miguel"],"_links":{"self":[{"href":"https:\/\/www.deberes.net\/tesis\/wp-json\/wp\/v2\/posts\/18772","targetHints":{"allow":["GET"]}}],"collection":[{"href":"https:\/\/www.deberes.net\/tesis\/wp-json\/wp\/v2\/posts"}],"about":[{"href":"https:\/\/www.deberes.net\/tesis\/wp-json\/wp\/v2\/types\/post"}],"author":[{"embeddable":true,"href":"https:\/\/www.deberes.net\/tesis\/wp-json\/wp\/v2\/users\/1"}],"replies":[{"embeddable":true,"href":"https:\/\/www.deberes.net\/tesis\/wp-json\/wp\/v2\/comments?post=18772"}],"version-history":[{"count":0,"href":"https:\/\/www.deberes.net\/tesis\/wp-json\/wp\/v2\/posts\/18772\/revisions"}],"wp:attachment":[{"href":"https:\/\/www.deberes.net\/tesis\/wp-json\/wp\/v2\/media?parent=18772"}],"wp:term":[{"taxonomy":"category","embeddable":true,"href":"https:\/\/www.deberes.net\/tesis\/wp-json\/wp\/v2\/categories?post=18772"},{"taxonomy":"post_tag","embeddable":true,"href":"https:\/\/www.deberes.net\/tesis\/wp-json\/wp\/v2\/tags?post=18772"}],"curies":[{"name":"wp","href":"https:\/\/api.w.org\/{rel}","templated":true}]}}