{"id":18775,"date":"2018-03-09T09:07:27","date_gmt":"2018-03-09T09:07:27","guid":{"rendered":"https:\/\/www.deberes.net\/tesis\/sin-categoria\/valoracion-medico-legal-de-la-minusvala%c2%ada-por-deficiencia-mental\/"},"modified":"2018-03-09T09:07:27","modified_gmt":"2018-03-09T09:07:27","slug":"valoracion-medico-legal-de-la-minusvala%c2%ada-por-deficiencia-mental","status":"publish","type":"post","link":"https:\/\/www.deberes.net\/tesis\/ciencias-medicas\/valoracion-medico-legal-de-la-minusvala%c2%ada-por-deficiencia-mental\/","title":{"rendered":"Valoraci\u00f3n m\u00e9dico legal de la minusval\u00edapor deficiencia mental"},"content":{"rendered":"<h2>Tesis doctoral de <strong> Julio Martin Martin <\/strong><\/h2>\n<p>Se investigan y clarifican una serie de problemas terminol\u00f3gicos y conceptuales en relaci\u00f3n con la inteligencia y la deficiencia mental. En el campo del derecho penal y civil se abordan nuevos criterios de valoraci\u00f3n m\u00e9dico legal acorde con el nuevo \u00abestatus social \u00bb que ha adquirido la persona con deficiencia mental al participar activamente en la sociedad. El diagn\u00f3stico de deficiencia metnal es de naturaleza m\u00e9dica y en su integraci\u00f3n sociolaboral participan otras \u00e1reas de conocimiento con expertos cualificados. Se realizan estudios epidemil\u00f3gicos sobre la preValencia de la deficiencia mental en la provincia de salamanca, variabilidad del c.I., Y predictibilidad diagn\u00f3stica. se analiza y correlaciona etiolog\u00eda, gravedad y anomal\u00edas asociadas. Cada vez tienen mayor inter\u00e9s las anomal\u00edas asociadas tanto desde el punto de vista asistencial, m\u00e9dico legal y en la integraci\u00f3n socio laboral. Se determina la preValencia de conductas delictivas en personas integradas sociolaboralmente, la competencia funcional en \u00e1reas espec\u00edficas y las necesidades y n\u00famero de apoyos en relaci\u00f3n con la gravedad de la deficiencia mental. El estudi de la deficiencia mental constituye un permanente reto al munto cient\u00edfico y social.  palabras claves: deficiencia mental. Inteligencia. Diagn\u00f3stico. Medicina legal. Sexualidad. Apoyos.<\/p>\n<p>&nbsp;<\/p>\n<h3>Datos acad\u00e9micos de la tesis doctoral \u00ab<strong>Valoraci\u00f3n m\u00e9dico legal de la minusval\u00edapor deficiencia mental<\/strong>\u00ab<\/h3>\n<ul>\n<li><strong>T\u00edtulo de la tesis:<\/strong>\u00a0 Valoraci\u00f3n m\u00e9dico legal de la minusval\u00edapor deficiencia mental <\/li>\n<li><strong>Autor:<\/strong>\u00a0 Julio Martin Martin <\/li>\n<li><strong>Universidad:<\/strong>\u00a0 Salamanca<\/li>\n<li><strong>Fecha de lectura de la tesis:<\/strong>\u00a0 29\/07\/2002<\/li>\n<\/ul>\n<p>&nbsp;<\/p>\n<h3>Direcci\u00f3n y tribunal<\/h3>\n<ul>\n<li><strong>Director de la tesis<\/strong>\n<ul>\n<li>Rafael Mu\u00f1oz Garrido<\/li>\n<\/ul>\n<\/li>\n<li><strong>Tribunal<\/strong>\n<ul>\n<li>Presidente del tribunal: Juan  bautista Marti lloret <\/li>\n<li>Rafael Hinosal fonseca (vocal)<\/li>\n<li>emili Huguet ramia (vocal)<\/li>\n<li> Ortega martin-corral Luis Emilio (vocal)<\/li>\n<\/ul>\n<\/li>\n<\/ul>\n<p>&nbsp;<\/p>\n","protected":false},"excerpt":{"rendered":"<p>Tesis doctoral de Julio Martin Martin Se investigan y clarifican una serie de problemas terminol\u00f3gicos y conceptuales en relaci\u00f3n con [&hellip;]<\/p>\n","protected":false},"author":1,"featured_media":0,"comment_status":"open","ping_status":"open","sticky":false,"template":"","format":"standard","meta":{"site-sidebar-layout":"default","site-content-layout":"","ast-site-content-layout":"","site-content-style":"default","site-sidebar-style":"default","ast-global-header-display":"","ast-banner-title-visibility":"","ast-main-header-display":"","ast-hfb-above-header-display":"","ast-hfb-below-header-display":"","ast-hfb-mobile-header-display":"","site-post-title":"","ast-breadcrumbs-content":"","ast-featured-img":"","footer-sml-layout":"","theme-transparent-header-meta":"","adv-header-id-meta":"","stick-header-meta":"","header-above-stick-meta":"","header-main-stick-meta":"","header-below-stick-meta":"","astra-migrate-meta-layouts":"default","ast-page-background-enabled":"default","ast-page-background-meta":{"desktop":{"background-color":"var(--ast-global-color-4)","background-image":"","background-repeat":"repeat","background-position":"center center","background-size":"auto","background-attachment":"scroll","background-type":"","background-media":"","overlay-type":"","overlay-color":"","overlay-gradient":""},"tablet":{"background-color":"","background-image":"","background-repeat":"repeat","background-position":"center center","background-size":"auto","background-attachment":"scroll","background-type":"","background-media":"","overlay-type":"","overlay-color":"","overlay-gradient":""},"mobile":{"background-color":"","background-image":"","background-repeat":"repeat","background-position":"center center","background-size":"auto","background-attachment":"scroll","background-type":"","background-media":"","overlay-type":"","overlay-color":"","overlay-gradient":""}},"ast-content-background-meta":{"desktop":{"background-color":"var(--ast-global-color-5)","background-image":"","background-repeat":"repeat","background-position":"center center","background-size":"auto","background-attachment":"scroll","background-type":"","background-media":"","overlay-type":"","overlay-color":"","overlay-gradient":""},"tablet":{"background-color":"var(--ast-global-color-5)","background-image":"","background-repeat":"repeat","background-position":"center center","background-size":"auto","background-attachment":"scroll","background-type":"","background-media":"","overlay-type":"","overlay-color":"","overlay-gradient":""},"mobile":{"background-color":"var(--ast-global-color-5)","background-image":"","background-repeat":"repeat","background-position":"center center","background-size":"auto","background-attachment":"scroll","background-type":"","background-media":"","overlay-type":"","overlay-color":"","overlay-gradient":""}},"footnotes":""},"categories":[9,15568,968,324,961,9386],"tags":[3941,9372,31396,58044,58043,11132],"class_list":["post-18775","post","type-post","status-publish","format-standard","hentry","category-ciencias-medicas","category-deficiencia-mental","category-medicina-forense","category-psicologia","category-psicologia-de-la-anormalidad","category-salamanca","tag-emili-huguet-ramia","tag-juan-bautista-marti-lloret","tag-julio-martin-martin","tag-ortega-martin-corral-luis-emilio","tag-rafael-hinosal-fonseca","tag-rafael-munoz-garrido"],"_links":{"self":[{"href":"https:\/\/www.deberes.net\/tesis\/wp-json\/wp\/v2\/posts\/18775","targetHints":{"allow":["GET"]}}],"collection":[{"href":"https:\/\/www.deberes.net\/tesis\/wp-json\/wp\/v2\/posts"}],"about":[{"href":"https:\/\/www.deberes.net\/tesis\/wp-json\/wp\/v2\/types\/post"}],"author":[{"embeddable":true,"href":"https:\/\/www.deberes.net\/tesis\/wp-json\/wp\/v2\/users\/1"}],"replies":[{"embeddable":true,"href":"https:\/\/www.deberes.net\/tesis\/wp-json\/wp\/v2\/comments?post=18775"}],"version-history":[{"count":0,"href":"https:\/\/www.deberes.net\/tesis\/wp-json\/wp\/v2\/posts\/18775\/revisions"}],"wp:attachment":[{"href":"https:\/\/www.deberes.net\/tesis\/wp-json\/wp\/v2\/media?parent=18775"}],"wp:term":[{"taxonomy":"category","embeddable":true,"href":"https:\/\/www.deberes.net\/tesis\/wp-json\/wp\/v2\/categories?post=18775"},{"taxonomy":"post_tag","embeddable":true,"href":"https:\/\/www.deberes.net\/tesis\/wp-json\/wp\/v2\/tags?post=18775"}],"curies":[{"name":"wp","href":"https:\/\/api.w.org\/{rel}","templated":true}]}}