{"id":18788,"date":"2018-03-09T09:07:29","date_gmt":"2018-03-09T09:07:29","guid":{"rendered":"https:\/\/www.deberes.net\/tesis\/sin-categoria\/angel-acosta-cincuenta-anos-de-labor-perioda%c2%adstica\/"},"modified":"2018-03-09T09:07:29","modified_gmt":"2018-03-09T09:07:29","slug":"angel-acosta-cincuenta-anos-de-labor-perioda%c2%adstica","status":"publish","type":"post","link":"https:\/\/www.deberes.net\/tesis\/historia\/angel-acosta-cincuenta-anos-de-labor-perioda%c2%adstica\/","title":{"rendered":"Angel acosta. cincuenta a\u00f1os de labor period\u00edstica"},"content":{"rendered":"<h2>Tesis doctoral de <strong>  Yanes Mesa Rafael Jos\u00e9 <\/strong><\/h2>\n<p>El presente trabajo se inscribe en una l\u00ednea de investigaci\u00f3n de la historiograf\u00eda del periodismo insular y muy especialmente en la vertiente humana de sus protagonistas. En este sentido, se desarrolla un estudio profundo del perfil del autor, a trav\u00e9s de sus obras, de los escritos de autores coet\u00e1neos de sus personalidad, as\u00ed como de entrevistas con los parientes cercanos de angel acosta, un perfil biogr\u00e1fico muy acertado, en el que destaca la capacidad interpretativa del autor de la tesis. El trabajo supone una recopilaci\u00f3n de documentos que es exhaustiva y suficiente para completar la tarea del escritor y periodista en el peri\u00f3dico vespertino tinerfe\u00f1o la tarde y en otras publicaciones de inter\u00e9s en la isla. As\u00ed mismo, se desarrolla en el trabajo una revisi\u00f3n y una adaptaci\u00f3n de todos los g\u00e9neros period\u00edsticos y period\u00edsticos literarios, a trav\u00e9s de una adaptaci\u00f3n concreta a la forma de elaboraci\u00f3n textual del periodista de principios del pasado siglo, muy adecuada para las ciencias de la informaci\u00f3n y para entender los mecanismos de desarrollo de la informaci\u00f3n local en tenerife.  el an\u00e1lisis biogr\u00e1fico se acompa\u00f1a de trabajo minucioso sobre las distintas etapas y la evoluci\u00f3n de las obras de \u00e1ngel acosta en su contexto y se analiza un corpus documental con identificaciones a trav\u00e9s de las entrevistas, cr\u00f3nicas, literatura en periodismo, con los que se consigue un balance adecuado sobre el periodismo, la literatura y la literatura period\u00edstica del canario periodista.<\/p>\n<p>&nbsp;<\/p>\n<h3>Datos acad\u00e9micos de la tesis doctoral \u00ab<strong>Angel acosta. cincuenta a\u00f1os de labor period\u00edstica<\/strong>\u00ab<\/h3>\n<ul>\n<li><strong>T\u00edtulo de la tesis:<\/strong>\u00a0 Angel acosta. cincuenta a\u00f1os de labor period\u00edstica <\/li>\n<li><strong>Autor:<\/strong>\u00a0  Yanes Mesa Rafael Jos\u00e9 <\/li>\n<li><strong>Universidad:<\/strong>\u00a0 La laguna<\/li>\n<li><strong>Fecha de lectura de la tesis:<\/strong>\u00a0 30\/07\/2002<\/li>\n<\/ul>\n<p>&nbsp;<\/p>\n<h3>Direcci\u00f3n y tribunal<\/h3>\n<ul>\n<li><strong>Director de la tesis<\/strong>\n<ul>\n<li>Humberto Hern\u00e1ndez Hern\u00e1ndez<\/li>\n<\/ul>\n<\/li>\n<li><strong>Tribunal<\/strong>\n<ul>\n<li>Presidente del tribunal: javier Fern\u00e1ndez del moral <\/li>\n<li> Alem\u00e1n de armas adr\u00edan (vocal)<\/li>\n<li>Javier Gal\u00e1n gamero (vocal)<\/li>\n<li>benigno Le\u00f3n  felipe (vocal)<\/li>\n<\/ul>\n<\/li>\n<\/ul>\n<p>&nbsp;<\/p>\n","protected":false},"excerpt":{"rendered":"<p>Tesis doctoral de Yanes Mesa Rafael Jos\u00e9 El presente trabajo se inscribe en una l\u00ednea de investigaci\u00f3n de la historiograf\u00eda [&hellip;]<\/p>\n","protected":false},"author":1,"featured_media":0,"comment_status":"open","ping_status":"open","sticky":false,"template":"","format":"standard","meta":{"site-sidebar-layout":"default","site-content-layout":"","ast-site-content-layout":"","site-content-style":"default","site-sidebar-style":"default","ast-global-header-display":"","ast-banner-title-visibility":"","ast-main-header-display":"","ast-hfb-above-header-display":"","ast-hfb-below-header-display":"","ast-hfb-mobile-header-display":"","site-post-title":"","ast-breadcrumbs-content":"","ast-featured-img":"","footer-sml-layout":"","theme-transparent-header-meta":"","adv-header-id-meta":"","stick-header-meta":"","header-above-stick-meta":"","header-main-stick-meta":"","header-below-stick-meta":"","astra-migrate-meta-layouts":"default","ast-page-background-enabled":"default","ast-page-background-meta":{"desktop":{"background-color":"var(--ast-global-color-4)","background-image":"","background-repeat":"repeat","background-position":"center center","background-size":"auto","background-attachment":"scroll","background-type":"","background-media":"","overlay-type":"","overlay-color":"","overlay-gradient":""},"tablet":{"background-color":"","background-image":"","background-repeat":"repeat","background-position":"center center","background-size":"auto","background-attachment":"scroll","background-type":"","background-media":"","overlay-type":"","overlay-color":"","overlay-gradient":""},"mobile":{"background-color":"","background-image":"","background-repeat":"repeat","background-position":"center center","background-size":"auto","background-attachment":"scroll","background-type":"","background-media":"","overlay-type":"","overlay-color":"","overlay-gradient":""}},"ast-content-background-meta":{"desktop":{"background-color":"var(--ast-global-color-5)","background-image":"","background-repeat":"repeat","background-position":"center center","background-size":"auto","background-attachment":"scroll","background-type":"","background-media":"","overlay-type":"","overlay-color":"","overlay-gradient":""},"tablet":{"background-color":"var(--ast-global-color-5)","background-image":"","background-repeat":"repeat","background-position":"center center","background-size":"auto","background-attachment":"scroll","background-type":"","background-media":"","overlay-type":"","overlay-color":"","overlay-gradient":""},"mobile":{"background-color":"var(--ast-global-color-5)","background-image":"","background-repeat":"repeat","background-position":"center center","background-size":"auto","background-attachment":"scroll","background-type":"","background-media":"","overlay-type":"","overlay-color":"","overlay-gradient":""}},"footnotes":""},"categories":[838,104,5812,222,9915,5051,4840,4841],"tags":[42561,58074,33115,13217,58073,58072],"class_list":["post-18788","post","type-post","status-publish","format-standard","hentry","category-ciencia-politica","category-historia","category-historia-del-periodismo","category-historias-especializadas","category-la-laguna","category-medios-de-comunicacion-de-masas","category-opinion-publica","category-prensa","tag-aleman-de-armas-adrian","tag-benigno-leon-felipe","tag-humberto-hernandez-hernandez","tag-javier-fernandez-del-moral","tag-javier-galan-gamero","tag-yanes-mesa-rafael-jose"],"_links":{"self":[{"href":"https:\/\/www.deberes.net\/tesis\/wp-json\/wp\/v2\/posts\/18788","targetHints":{"allow":["GET"]}}],"collection":[{"href":"https:\/\/www.deberes.net\/tesis\/wp-json\/wp\/v2\/posts"}],"about":[{"href":"https:\/\/www.deberes.net\/tesis\/wp-json\/wp\/v2\/types\/post"}],"author":[{"embeddable":true,"href":"https:\/\/www.deberes.net\/tesis\/wp-json\/wp\/v2\/users\/1"}],"replies":[{"embeddable":true,"href":"https:\/\/www.deberes.net\/tesis\/wp-json\/wp\/v2\/comments?post=18788"}],"version-history":[{"count":0,"href":"https:\/\/www.deberes.net\/tesis\/wp-json\/wp\/v2\/posts\/18788\/revisions"}],"wp:attachment":[{"href":"https:\/\/www.deberes.net\/tesis\/wp-json\/wp\/v2\/media?parent=18788"}],"wp:term":[{"taxonomy":"category","embeddable":true,"href":"https:\/\/www.deberes.net\/tesis\/wp-json\/wp\/v2\/categories?post=18788"},{"taxonomy":"post_tag","embeddable":true,"href":"https:\/\/www.deberes.net\/tesis\/wp-json\/wp\/v2\/tags?post=18788"}],"curies":[{"name":"wp","href":"https:\/\/api.w.org\/{rel}","templated":true}]}}