{"id":18797,"date":"2018-03-09T09:07:29","date_gmt":"2018-03-09T09:07:29","guid":{"rendered":"https:\/\/www.deberes.net\/tesis\/sin-categoria\/evaluacion-de-marcadores-bioqua%c2%admicos-de-remodelacion-osea-en-mujeres-postmenopausicas\/"},"modified":"2018-03-09T09:07:29","modified_gmt":"2018-03-09T09:07:29","slug":"evaluacion-de-marcadores-bioqua%c2%admicos-de-remodelacion-osea-en-mujeres-postmenopausicas","status":"publish","type":"post","link":"https:\/\/www.deberes.net\/tesis\/quimica\/evaluacion-de-marcadores-bioqua%c2%admicos-de-remodelacion-osea-en-mujeres-postmenopausicas\/","title":{"rendered":"Evaluaci\u00f3n de marcadores bioqu\u00edmicos de remodelaci\u00f3n \u00f3sea en mujeres postmenopa\u00fasicas"},"content":{"rendered":"<h2>Tesis doctoral de <strong>  Moreno Mercer Jane M. <\/strong><\/h2>\n<p>Objetivos  la evaluaci\u00f3n de la utilidad de un conjunto de par\u00e1metros bioqu\u00edmicos relacionados con la remodelaci\u00f3n \u00f3sea en el estudio del estado \u00f3seo y su evoluci\u00f3n en la postmenopausia reciente, mediante el estudio, en mujeres con menopausia, natural (mn) o quir\u00fargica (mq), de sus niveles, y de su relaci\u00f3n con los valores de dmo de cuello femoral (cf) y columna lumbar (cl) y su variaci\u00f3n, as\u00ed como su capacidad predictiva de los mismos. Otro objetivo fue definir el umbral de respuesta de estos marcadores a la ths, al comparar mujeres sin tratamiento (st) y con terapia hormonal sustitutiva (ths) v\u00eda transd\u00e9rmica a dosis baja (e25, 25 ug\/d\u00eda de e2) y est\u00e1ndar (e50, 50 ug\/d\u00eda de e2).  m\u00e9todo  se obtuvieron 3 muestras de sangre y orina, separadas 3 a 5 meses, determinando los par\u00e1metros bioqu\u00edmicos seleccionados (ntx, oc, fa ca\/cr, ca, p, mg, cai, e2, t, pth). Se midi\u00f3 su dmo de cd y cl por densitometr\u00eda.  resultados  en el grupo mn se observ\u00f3 una correlaci\u00f3n positiva entre edad e imc y pth, y negativa con dmo cf. La correlaci\u00f3n entre dmo cf y dmo cl fue muy alta. En cuanto a la asociaci\u00f3n entre par\u00e1metros bioqu\u00edmicos y dmo, s\u00f3lo fue clara su relaci\u00f3n negativa con el marcador de resorci\u00f3n ntx. Por an\u00e1lisis de regresi\u00f3n lineal multivariante, s\u00f3lo la edad, pth y ntx entraron en el modelo de rpedicci\u00f3n de dmo cf. Para dmo cl, el e2 fue el \u00fanico predictor. para un subgrupo de mujeres, se c\u00e1lculo su porcentaje de cambio anual de dmo (%dmo), que correlacion\u00f3 altamente entre cf y cl. Tambi\u00e9n se obtuvo una ecuaci\u00f3n de predicci\u00f3n, siendo el \u00fanico predictor la pth, para cf y cl, son signo negativo. Se estudi\u00f3 el efecto de la menopausia quir\u00fargica (mq) sobre el estado \u00f3seo, comparando mn y mq. El an\u00e1lisis se ajust\u00f3 por edad y adm. La edad afect\u00f3 de forma distita a la dmo cf seg\u00fan el tipo de menopausia, observ\u00e1ndose una relaci\u00f3n lineal y negativa s\u00f3lo en mn. Cai, fosfato, oc y de pth mostraron difer<\/p>\n<p>&nbsp;<\/p>\n<h3>Datos acad\u00e9micos de la tesis doctoral \u00ab<strong>Evaluaci\u00f3n de marcadores bioqu\u00edmicos de remodelaci\u00f3n \u00f3sea en mujeres postmenopa\u00fasicas<\/strong>\u00ab<\/h3>\n<ul>\n<li><strong>T\u00edtulo de la tesis:<\/strong>\u00a0 Evaluaci\u00f3n de marcadores bioqu\u00edmicos de remodelaci\u00f3n \u00f3sea en mujeres postmenopa\u00fasicas <\/li>\n<li><strong>Autor:<\/strong>\u00a0  Moreno Mercer Jane M. <\/li>\n<li><strong>Universidad:<\/strong>\u00a0 Universitat de val\u00e9ncia (estudi general)<\/li>\n<li><strong>Fecha de lectura de la tesis:<\/strong>\u00a0 31\/07\/2002<\/li>\n<\/ul>\n<p>&nbsp;<\/p>\n<h3>Direcci\u00f3n y tribunal<\/h3>\n<ul>\n<li><strong>Director de la tesis<\/strong>\n<ul>\n<li>Jos\u00e9 Cabo Soler<\/li>\n<\/ul>\n<\/li>\n<li><strong>Tribunal<\/strong>\n<ul>\n<li>Presidente del tribunal: lorenzo Abad Martinez <\/li>\n<li>Jos\u00e9 Due\u00f1as d\u00edez (vocal)<\/li>\n<li>teresa Barber sanchis (vocal)<\/li>\n<li> Parrilla aparicio Juan  Jos\u00e9 (vocal)<\/li>\n<\/ul>\n<\/li>\n<\/ul>\n<p>&nbsp;<\/p>\n","protected":false},"excerpt":{"rendered":"<p>Tesis doctoral de Moreno Mercer Jane M. Objetivos la evaluaci\u00f3n de la utilidad de un conjunto de par\u00e1metros bioqu\u00edmicos relacionados [&hellip;]<\/p>\n","protected":false},"author":1,"featured_media":0,"comment_status":"open","ping_status":"open","sticky":false,"template":"","format":"standard","meta":{"site-sidebar-layout":"default","site-content-layout":"","ast-site-content-layout":"","site-content-style":"default","site-sidebar-style":"default","ast-global-header-display":"","ast-banner-title-visibility":"","ast-main-header-display":"","ast-hfb-above-header-display":"","ast-hfb-below-header-display":"","ast-hfb-mobile-header-display":"","site-post-title":"","ast-breadcrumbs-content":"","ast-featured-img":"","footer-sml-layout":"","theme-transparent-header-meta":"","adv-header-id-meta":"","stick-header-meta":"","header-above-stick-meta":"","header-main-stick-meta":"","header-below-stick-meta":"","astra-migrate-meta-layouts":"default","ast-page-background-enabled":"default","ast-page-background-meta":{"desktop":{"background-color":"var(--ast-global-color-4)","background-image":"","background-repeat":"repeat","background-position":"center center","background-size":"auto","background-attachment":"scroll","background-type":"","background-media":"","overlay-type":"","overlay-color":"","overlay-gradient":""},"tablet":{"background-color":"","background-image":"","background-repeat":"repeat","background-position":"center center","background-size":"auto","background-attachment":"scroll","background-type":"","background-media":"","overlay-type":"","overlay-color":"","overlay-gradient":""},"mobile":{"background-color":"","background-image":"","background-repeat":"repeat","background-position":"center center","background-size":"auto","background-attachment":"scroll","background-type":"","background-media":"","overlay-type":"","overlay-color":"","overlay-gradient":""}},"ast-content-background-meta":{"desktop":{"background-color":"var(--ast-global-color-5)","background-image":"","background-repeat":"repeat","background-position":"center center","background-size":"auto","background-attachment":"scroll","background-type":"","background-media":"","overlay-type":"","overlay-color":"","overlay-gradient":""},"tablet":{"background-color":"var(--ast-global-color-5)","background-image":"","background-repeat":"repeat","background-position":"center center","background-size":"auto","background-attachment":"scroll","background-type":"","background-media":"","overlay-type":"","overlay-color":"","overlay-gradient":""},"mobile":{"background-color":"var(--ast-global-color-5)","background-image":"","background-repeat":"repeat","background-position":"center center","background-size":"auto","background-attachment":"scroll","background-type":"","background-media":"","overlay-type":"","overlay-color":"","overlay-gradient":""}},"footnotes":""},"categories":[160,115,17,3665],"tags":[11484,10809,5494,58097,57120,58098],"class_list":["post-18797","post","type-post","status-publish","format-standard","hentry","category-bioquimica","category-bioquimica-molecular","category-quimica","category-quimica-clinica","tag-jose-cabo-soler","tag-jose-duenas-diez","tag-lorenzo-abad-Martinez","tag-moreno-mercer-jane-m","tag-parrilla-aparicio-juan-jose","tag-teresa-barber-sanchis"],"_links":{"self":[{"href":"https:\/\/www.deberes.net\/tesis\/wp-json\/wp\/v2\/posts\/18797","targetHints":{"allow":["GET"]}}],"collection":[{"href":"https:\/\/www.deberes.net\/tesis\/wp-json\/wp\/v2\/posts"}],"about":[{"href":"https:\/\/www.deberes.net\/tesis\/wp-json\/wp\/v2\/types\/post"}],"author":[{"embeddable":true,"href":"https:\/\/www.deberes.net\/tesis\/wp-json\/wp\/v2\/users\/1"}],"replies":[{"embeddable":true,"href":"https:\/\/www.deberes.net\/tesis\/wp-json\/wp\/v2\/comments?post=18797"}],"version-history":[{"count":0,"href":"https:\/\/www.deberes.net\/tesis\/wp-json\/wp\/v2\/posts\/18797\/revisions"}],"wp:attachment":[{"href":"https:\/\/www.deberes.net\/tesis\/wp-json\/wp\/v2\/media?parent=18797"}],"wp:term":[{"taxonomy":"category","embeddable":true,"href":"https:\/\/www.deberes.net\/tesis\/wp-json\/wp\/v2\/categories?post=18797"},{"taxonomy":"post_tag","embeddable":true,"href":"https:\/\/www.deberes.net\/tesis\/wp-json\/wp\/v2\/tags?post=18797"}],"curies":[{"name":"wp","href":"https:\/\/api.w.org\/{rel}","templated":true}]}}