{"id":18803,"date":"2002-03-09T00:00:00","date_gmt":"2002-03-09T00:00:00","guid":{"rendered":"https:\/\/www.deberes.net\/tesis\/sin-categoria\/estudio-de-la-luxacion-occa%c2%adpito-cervical-en-el-sa%c2%adndrome-de-dowm\/"},"modified":"2002-03-09T00:00:00","modified_gmt":"2002-03-09T00:00:00","slug":"estudio-de-la-luxacion-occa%c2%adpito-cervical-en-el-sa%c2%adndrome-de-dowm","status":"publish","type":"post","link":"https:\/\/www.deberes.net\/tesis\/ciencias-medicas\/estudio-de-la-luxacion-occa%c2%adpito-cervical-en-el-sa%c2%adndrome-de-dowm\/","title":{"rendered":"Estudio de la luxaci\u00f3n occ\u00edpito-cervical en el s\u00edndrome de dowm"},"content":{"rendered":"<h2>Tesis doctoral de <strong>  Porras Estrada Luis Fernando <\/strong><\/h2>\n<p>Estudios prospectivo efectuado en 130 pacientes afectados con el s\u00edndrome de down con el objetivo de determinar la preValencia de la luxaci\u00f3n atlanto-occipital.  los resultados y conclusiones obtenidas se basaron en los estudios cl\u00ednicos de los pacientes y en los estudios radiol\u00f3gicos cervicales funcionales efectuados mediante radiolog\u00eda simple y tomograf\u00eda axial computerizada.  el diagn\u00f3stico de sospechea de la luxaci\u00f3n se realiz\u00f3 en base al m\u00e9todo de wiesel-rothman aplicado tanto a los estudios radiol\u00f3gicos simples como de tomograf\u00eda axial computerizada. El diagn\u00f3stico de certeza de la luxaci\u00f3n se realiz\u00f3 por examen directo de la articulaci\u00f3n atlanto-occipital mediante tomograf\u00eda axial computerizada en posiciones de flexi\u00f3n y extensi\u00f3n cervical.  la preValencia de la luxaci\u00f3n atlanto-occipital en el s\u00edndrome de down fue de 27,3%.  se describe la luxaci\u00f3n atlanto-occipital unilateral o rotatoria en los pacientes afectados con el s\u00edndrome de down as\u00ed como un m\u00e9todo sencillo y pr\u00e1ctico para su reconocimiento basado en la determinaci\u00f3n de denominado \u00e1ngulo alto-craneal.<\/p>\n<p>&nbsp;<\/p>\n<h3>Datos acad\u00e9micos de la tesis doctoral \u00ab<strong>Estudio de la luxaci\u00f3n occ\u00edpito-cervical en el s\u00edndrome de dowm<\/strong>\u00ab<\/h3>\n<ul>\n<li><strong>T\u00edtulo de la tesis:<\/strong>\u00a0 Estudio de la luxaci\u00f3n occ\u00edpito-cervical en el s\u00edndrome de dowm <\/li>\n<li><strong>Autor:<\/strong>\u00a0  Porras Estrada Luis Fernando <\/li>\n<li><strong>Universidad:<\/strong>\u00a0 Extremadura<\/li>\n<li><strong>Fecha de lectura de la tesis:<\/strong>\u00a0 03\/09\/2002<\/li>\n<\/ul>\n<p>&nbsp;<\/p>\n<h3>Direcci\u00f3n y tribunal<\/h3>\n<ul>\n<li><strong>Director de la tesis<\/strong>\n<ul>\n<li>Enrique Gal\u00e1n G\u00f3mez<\/li>\n<\/ul>\n<\/li>\n<li><strong>Tribunal<\/strong>\n<ul>\n<li>Presidente del tribunal: Juan  jos\u00e9 Cardesa Garc\u00eda <\/li>\n<li>M\u00aa Luisa Mart\u00ednez fr\u00edas (vocal)<\/li>\n<li> Murga sierra (vocal)<\/li>\n<li>virginio Garc\u00eda mart\u00ednez (vocal)<\/li>\n<\/ul>\n<\/li>\n<\/ul>\n<p>&nbsp;<\/p>\n","protected":false},"excerpt":{"rendered":"<p>Tesis doctoral de Porras Estrada Luis Fernando Estudios prospectivo efectuado en 130 pacientes afectados con el s\u00edndrome de down con [&hellip;]<\/p>\n","protected":false},"author":1,"featured_media":0,"comment_status":"open","ping_status":"open","sticky":false,"template":"","format":"standard","meta":{"site-sidebar-layout":"default","site-content-layout":"","ast-site-content-layout":"","site-content-style":"default","site-sidebar-style":"default","ast-global-header-display":"","ast-banner-title-visibility":"","ast-main-header-display":"","ast-hfb-above-header-display":"","ast-hfb-below-header-display":"","ast-hfb-mobile-header-display":"","site-post-title":"","ast-breadcrumbs-content":"","ast-featured-img":"","footer-sml-layout":"","theme-transparent-header-meta":"","adv-header-id-meta":"","stick-header-meta":"","header-above-stick-meta":"","header-main-stick-meta":"","header-below-stick-meta":"","astra-migrate-meta-layouts":"default","ast-page-background-enabled":"default","ast-page-background-meta":{"desktop":{"background-color":"var(--ast-global-color-4)","background-image":"","background-repeat":"repeat","background-position":"center center","background-size":"auto","background-attachment":"scroll","background-type":"","background-media":"","overlay-type":"","overlay-color":"","overlay-gradient":""},"tablet":{"background-color":"","background-image":"","background-repeat":"repeat","background-position":"center center","background-size":"auto","background-attachment":"scroll","background-type":"","background-media":"","overlay-type":"","overlay-color":"","overlay-gradient":""},"mobile":{"background-color":"","background-image":"","background-repeat":"repeat","background-position":"center center","background-size":"auto","background-attachment":"scroll","background-type":"","background-media":"","overlay-type":"","overlay-color":"","overlay-gradient":""}},"ast-content-background-meta":{"desktop":{"background-color":"var(--ast-global-color-5)","background-image":"","background-repeat":"repeat","background-position":"center center","background-size":"auto","background-attachment":"scroll","background-type":"","background-media":"","overlay-type":"","overlay-color":"","overlay-gradient":""},"tablet":{"background-color":"var(--ast-global-color-5)","background-image":"","background-repeat":"repeat","background-position":"center center","background-size":"auto","background-attachment":"scroll","background-type":"","background-media":"","overlay-type":"","overlay-color":"","overlay-gradient":""},"mobile":{"background-color":"var(--ast-global-color-5)","background-image":"","background-repeat":"repeat","background-position":"center center","background-size":"auto","background-attachment":"scroll","background-type":"","background-media":"","overlay-type":"","overlay-color":"","overlay-gradient":""}},"footnotes":""},"categories":[155,9,141,949,392,384,2046],"tags":[58112,21354,10988,23604,58111,55262],"class_list":["post-18803","post","type-post","status-publish","format-standard","hentry","category-ciencias-clinicas","category-ciencias-medicas","category-cirugia","category-extremadura","category-neurocirugia","category-patologia-clinica","category-radiologia","tag-enrique-galan-gomez","tag-juan-jose-cardesa-garcia","tag-murga-sierra","tag-ma-luisa-Martinez-frias","tag-porras-estrada-luis-fernando","tag-virginio-garcia-Martinez"],"_links":{"self":[{"href":"https:\/\/www.deberes.net\/tesis\/wp-json\/wp\/v2\/posts\/18803","targetHints":{"allow":["GET"]}}],"collection":[{"href":"https:\/\/www.deberes.net\/tesis\/wp-json\/wp\/v2\/posts"}],"about":[{"href":"https:\/\/www.deberes.net\/tesis\/wp-json\/wp\/v2\/types\/post"}],"author":[{"embeddable":true,"href":"https:\/\/www.deberes.net\/tesis\/wp-json\/wp\/v2\/users\/1"}],"replies":[{"embeddable":true,"href":"https:\/\/www.deberes.net\/tesis\/wp-json\/wp\/v2\/comments?post=18803"}],"version-history":[{"count":0,"href":"https:\/\/www.deberes.net\/tesis\/wp-json\/wp\/v2\/posts\/18803\/revisions"}],"wp:attachment":[{"href":"https:\/\/www.deberes.net\/tesis\/wp-json\/wp\/v2\/media?parent=18803"}],"wp:term":[{"taxonomy":"category","embeddable":true,"href":"https:\/\/www.deberes.net\/tesis\/wp-json\/wp\/v2\/categories?post=18803"},{"taxonomy":"post_tag","embeddable":true,"href":"https:\/\/www.deberes.net\/tesis\/wp-json\/wp\/v2\/tags?post=18803"}],"curies":[{"name":"wp","href":"https:\/\/api.w.org\/{rel}","templated":true}]}}