{"id":18807,"date":"2002-03-09T00:00:00","date_gmt":"2002-03-09T00:00:00","guid":{"rendered":"https:\/\/www.deberes.net\/tesis\/sin-categoria\/entrenamiento-en-habilidades-sociales-en-poblacion-adolescente\/"},"modified":"2002-03-09T00:00:00","modified_gmt":"2002-03-09T00:00:00","slug":"entrenamiento-en-habilidades-sociales-en-poblacion-adolescente","status":"publish","type":"post","link":"https:\/\/www.deberes.net\/tesis\/psicologia\/entrenamiento-en-habilidades-sociales-en-poblacion-adolescente\/","title":{"rendered":"Entrenamiento en habilidades sociales en poblaci\u00f3n adolescente"},"content":{"rendered":"<h2>Tesis doctoral de <strong> Mar\u00eda Jes\u00fas Irurtia Mu\u00f1iz <\/strong><\/h2>\n<p>El entrenamiento en habilidades sociales (ehs), es una de las t\u00e9cnicas de terapia de conducta de mayor inter\u00e9s, porque adem\u00e1s de ser una de las pr\u00e1cticas que m\u00e1s se utilizan en la actualidad, constituye un procedimiento b\u00e1sico de intervenci\u00f3n y tratamiento.  el trabajo que presentamos se centra en el entrenamiento en hh.Ss., en poblaci\u00f3n adolescente combinado con discusi\u00f3n y orientaci\u00f3n acerca de la ocupaci\u00f3n en el tiempo libre, para valorar su positiva repercusi\u00f3n en \u00e1reas b\u00e1sicas de la vida, como pueden ser adaptaci\u00f3n social, asertividad, y satisfacci\u00f3n en el tiempo libre.  desarrollamos un programa de entrenamiento en hh.Ss., Y de informaci\u00f3n sobre actividades de ocio. Se establecieron tres grupos experimentales y uno de control.  los resultados indican una mejora en los grupos que reciben intervenci\u00f3n, frente al grupo de control.  a modo de conclusi\u00f3n de este estudio cl\u00ednico, indicamos que el ehs y la informaci\u00f3n sobre actividades de ocio, mejoran la calidad de las relaciones sociales y del tiempo libre en la poblaci\u00f3n adolescente.<\/p>\n<p>&nbsp;<\/p>\n<h3>Datos acad\u00e9micos de la tesis doctoral \u00ab<strong>Entrenamiento en habilidades sociales en poblaci\u00f3n adolescente<\/strong>\u00ab<\/h3>\n<ul>\n<li><strong>T\u00edtulo de la tesis:<\/strong>\u00a0 Entrenamiento en habilidades sociales en poblaci\u00f3n adolescente <\/li>\n<li><strong>Autor:<\/strong>\u00a0 Mar\u00eda Jes\u00fas Irurtia Mu\u00f1iz <\/li>\n<li><strong>Universidad:<\/strong>\u00a0 Valladolid<\/li>\n<li><strong>Fecha de lectura de la tesis:<\/strong>\u00a0 03\/09\/2002<\/li>\n<\/ul>\n<p>&nbsp;<\/p>\n<h3>Direcci\u00f3n y tribunal<\/h3>\n<ul>\n<li><strong>Director de la tesis<\/strong>\n<ul>\n<li>Vicente E. Caballo Manrique<\/li>\n<\/ul>\n<\/li>\n<li><strong>Tribunal<\/strong>\n<ul>\n<li>Presidente del tribunal: Jos\u00e9 Mar\u00eda Roman sanchez <\/li>\n<li> Garc\u00eda bacete Francisco Juan (vocal)<\/li>\n<li>Jos\u00e9 Luis Gra\u00f1a g\u00f3mez (vocal)<\/li>\n<li>inmaculada Sureda Garc\u00eda (vocal)<\/li>\n<\/ul>\n<\/li>\n<\/ul>\n<p>&nbsp;<\/p>\n","protected":false},"excerpt":{"rendered":"<p>Tesis doctoral de Mar\u00eda Jes\u00fas Irurtia Mu\u00f1iz El entrenamiento en habilidades sociales (ehs), es una de las t\u00e9cnicas de terapia [&hellip;]<\/p>\n","protected":false},"author":1,"featured_media":0,"comment_status":"open","ping_status":"open","sticky":false,"template":"","format":"standard","meta":{"site-sidebar-layout":"default","site-content-layout":"","ast-site-content-layout":"","site-content-style":"default","site-sidebar-style":"default","ast-global-header-display":"","ast-banner-title-visibility":"","ast-main-header-display":"","ast-hfb-above-header-display":"","ast-hfb-below-header-display":"","ast-hfb-mobile-header-display":"","site-post-title":"","ast-breadcrumbs-content":"","ast-featured-img":"","footer-sml-layout":"","theme-transparent-header-meta":"","adv-header-id-meta":"","stick-header-meta":"","header-above-stick-meta":"","header-main-stick-meta":"","header-below-stick-meta":"","astra-migrate-meta-layouts":"default","ast-page-background-enabled":"default","ast-page-background-meta":{"desktop":{"background-color":"var(--ast-global-color-4)","background-image":"","background-repeat":"repeat","background-position":"center center","background-size":"auto","background-attachment":"scroll","background-type":"","background-media":"","overlay-type":"","overlay-color":"","overlay-gradient":""},"tablet":{"background-color":"","background-image":"","background-repeat":"repeat","background-position":"center center","background-size":"auto","background-attachment":"scroll","background-type":"","background-media":"","overlay-type":"","overlay-color":"","overlay-gradient":""},"mobile":{"background-color":"","background-image":"","background-repeat":"repeat","background-position":"center center","background-size":"auto","background-attachment":"scroll","background-type":"","background-media":"","overlay-type":"","overlay-color":"","overlay-gradient":""}},"ast-content-background-meta":{"desktop":{"background-color":"var(--ast-global-color-5)","background-image":"","background-repeat":"repeat","background-position":"center center","background-size":"auto","background-attachment":"scroll","background-type":"","background-media":"","overlay-type":"","overlay-color":"","overlay-gradient":""},"tablet":{"background-color":"var(--ast-global-color-5)","background-image":"","background-repeat":"repeat","background-position":"center center","background-size":"auto","background-attachment":"scroll","background-type":"","background-media":"","overlay-type":"","overlay-color":"","overlay-gradient":""},"mobile":{"background-color":"var(--ast-global-color-5)","background-image":"","background-repeat":"repeat","background-position":"center center","background-size":"auto","background-attachment":"scroll","background-type":"","background-media":"","overlay-type":"","overlay-color":"","overlay-gradient":""}},"footnotes":""},"categories":[324,961,970,2758,325,12451],"tags":[58118,58120,58119,5139,58117,53319],"class_list":["post-18807","post","type-post","status-publish","format-standard","hentry","category-psicologia","category-psicologia-de-la-anormalidad","category-psicologia-del-nino-y-del-adolescente","category-psicologia-evolutiva","category-psicopatologia","category-valladolid","tag-garcia-bacete-francisco-juan","tag-inmaculada-sureda-garcia","tag-jose-luis-grana-gomez","tag-jose-maria-roman-sanchez","tag-maria-jesus-irurtia-muniz","tag-vicente-e-caballo-manrique"],"_links":{"self":[{"href":"https:\/\/www.deberes.net\/tesis\/wp-json\/wp\/v2\/posts\/18807","targetHints":{"allow":["GET"]}}],"collection":[{"href":"https:\/\/www.deberes.net\/tesis\/wp-json\/wp\/v2\/posts"}],"about":[{"href":"https:\/\/www.deberes.net\/tesis\/wp-json\/wp\/v2\/types\/post"}],"author":[{"embeddable":true,"href":"https:\/\/www.deberes.net\/tesis\/wp-json\/wp\/v2\/users\/1"}],"replies":[{"embeddable":true,"href":"https:\/\/www.deberes.net\/tesis\/wp-json\/wp\/v2\/comments?post=18807"}],"version-history":[{"count":0,"href":"https:\/\/www.deberes.net\/tesis\/wp-json\/wp\/v2\/posts\/18807\/revisions"}],"wp:attachment":[{"href":"https:\/\/www.deberes.net\/tesis\/wp-json\/wp\/v2\/media?parent=18807"}],"wp:term":[{"taxonomy":"category","embeddable":true,"href":"https:\/\/www.deberes.net\/tesis\/wp-json\/wp\/v2\/categories?post=18807"},{"taxonomy":"post_tag","embeddable":true,"href":"https:\/\/www.deberes.net\/tesis\/wp-json\/wp\/v2\/tags?post=18807"}],"curies":[{"name":"wp","href":"https:\/\/api.w.org\/{rel}","templated":true}]}}