{"id":18818,"date":"2002-05-09T00:00:00","date_gmt":"2002-05-09T00:00:00","guid":{"rendered":"https:\/\/www.deberes.net\/tesis\/sin-categoria\/las-corporaciones-romanas-embrion-de-la-persona-jura%c2%addica\/"},"modified":"2002-05-09T00:00:00","modified_gmt":"2002-05-09T00:00:00","slug":"las-corporaciones-romanas-embrion-de-la-persona-jura%c2%addica","status":"publish","type":"post","link":"https:\/\/www.deberes.net\/tesis\/ciencias-juridicas-y-derecho\/las-corporaciones-romanas-embrion-de-la-persona-jura%c2%addica\/","title":{"rendered":"Las corporaciones romanas. embri\u00f3n de la persona jur\u00eddica"},"content":{"rendered":"<h2>Tesis doctoral de <strong> Walenka Ar\u00e9valo Caballero <\/strong><\/h2>\n<p>El tema de investigaci\u00f3n de la tesis doctoral se ha centrado en el estudio del comportamiento desarrollado por algunas entidades, las m\u00e1s relevantes, en el seno del tr\u00e1fico jur\u00eddico romano, para analizar, si en su actuaci\u00f3n pueden reconocerse las facultades que integran, en el derecho actual, la personalidad jur\u00eddica. Facultades como: la capacidad para ser propietario o poseedor de bienes, para concluir contratos, para ser instituido heredero y legatario, para ostentar legitimidad actividad o pasiva en un procedimiento judicial, o para, finalmente estar representado en juicio.  en las entidades examinadas: populus romanus quiritium, los municipios, los colegios y las societates publicanorum, adem\u00e1s de los entes patrimoniales, fiscus, hereditas iacens y fundaciones, se ha estudiado la dificultad que representaba la concesi\u00f3n del corpus habere, que podr\u00eda definirse como la personalidad jur\u00eddica en el ordenamiento jur\u00eddico romano, para ir determinando si en cada una de estos entes se podr\u00edan encontrar las facultades enumeradas con anterioridad y llegar a la conclusi\u00f3n que podr\u00edan contemplarse como el embri\u00f3n de la persona jur\u00eddica, teorizaci\u00f3n posterior en el seno del derecho can\u00f3nico y su culminaci\u00f3n en la pandectistica alemana del siglo xix.<\/p>\n<p>&nbsp;<\/p>\n<h3>Datos acad\u00e9micos de la tesis doctoral \u00ab<strong>Las corporaciones romanas. embri\u00f3n de la persona jur\u00eddica<\/strong>\u00ab<\/h3>\n<ul>\n<li><strong>T\u00edtulo de la tesis:<\/strong>\u00a0 Las corporaciones romanas. embri\u00f3n de la persona jur\u00eddica <\/li>\n<li><strong>Autor:<\/strong>\u00a0 Walenka Ar\u00e9valo Caballero <\/li>\n<li><strong>Universidad:<\/strong>\u00a0 Alicante<\/li>\n<li><strong>Fecha de lectura de la tesis:<\/strong>\u00a0 05\/09\/2002<\/li>\n<\/ul>\n<p>&nbsp;<\/p>\n<h3>Direcci\u00f3n y tribunal<\/h3>\n<ul>\n<li><strong>Director de la tesis<\/strong>\n<ul>\n<li>Armando Torrent Ru\u00edz<\/li>\n<\/ul>\n<\/li>\n<li><strong>Tribunal<\/strong>\n<ul>\n<li>Presidente del tribunal: ricardo Panero gutierrez <\/li>\n<li>alfonso Murillo villar (vocal)<\/li>\n<li>ricardo G\u00f3mez rivero (vocal)<\/li>\n<li> Camacho de los rios ferm\u00edn (vocal)<\/li>\n<\/ul>\n<\/li>\n<\/ul>\n<p>&nbsp;<\/p>\n","protected":false},"excerpt":{"rendered":"<p>Tesis doctoral de Walenka Ar\u00e9valo Caballero El tema de investigaci\u00f3n de la tesis doctoral se ha centrado en el estudio [&hellip;]<\/p>\n","protected":false},"author":1,"featured_media":0,"comment_status":"open","ping_status":"open","sticky":false,"template":"","format":"standard","meta":{"site-sidebar-layout":"default","site-content-layout":"","ast-site-content-layout":"","site-content-style":"default","site-sidebar-style":"default","ast-global-header-display":"","ast-banner-title-visibility":"","ast-main-header-display":"","ast-hfb-above-header-display":"","ast-hfb-below-header-display":"","ast-hfb-mobile-header-display":"","site-post-title":"","ast-breadcrumbs-content":"","ast-featured-img":"","footer-sml-layout":"","theme-transparent-header-meta":"","adv-header-id-meta":"","stick-header-meta":"","header-above-stick-meta":"","header-main-stick-meta":"","header-below-stick-meta":"","astra-migrate-meta-layouts":"default","ast-page-background-enabled":"default","ast-page-background-meta":{"desktop":{"background-color":"var(--ast-global-color-4)","background-image":"","background-repeat":"repeat","background-position":"center center","background-size":"auto","background-attachment":"scroll","background-type":"","background-media":"","overlay-type":"","overlay-color":"","overlay-gradient":""},"tablet":{"background-color":"","background-image":"","background-repeat":"repeat","background-position":"center center","background-size":"auto","background-attachment":"scroll","background-type":"","background-media":"","overlay-type":"","overlay-color":"","overlay-gradient":""},"mobile":{"background-color":"","background-image":"","background-repeat":"repeat","background-position":"center center","background-size":"auto","background-attachment":"scroll","background-type":"","background-media":"","overlay-type":"","overlay-color":"","overlay-gradient":""}},"ast-content-background-meta":{"desktop":{"background-color":"var(--ast-global-color-5)","background-image":"","background-repeat":"repeat","background-position":"center center","background-size":"auto","background-attachment":"scroll","background-type":"","background-media":"","overlay-type":"","overlay-color":"","overlay-gradient":""},"tablet":{"background-color":"var(--ast-global-color-5)","background-image":"","background-repeat":"repeat","background-position":"center center","background-size":"auto","background-attachment":"scroll","background-type":"","background-media":"","overlay-type":"","overlay-color":"","overlay-gradient":""},"mobile":{"background-color":"var(--ast-global-color-5)","background-image":"","background-repeat":"repeat","background-position":"center center","background-size":"auto","background-attachment":"scroll","background-type":"","background-media":"","overlay-type":"","overlay-color":"","overlay-gradient":""}},"footnotes":""},"categories":[19166,612,3895,11777,3193],"tags":[38023,3898,48375,18465,15499,58156],"class_list":["post-18818","post","type-post","status-publish","format-standard","hentry","category-alicante","category-ciencias-juridicas-y-derecho","category-derecho-de-la-antiguedad","category-filosofia-del-derecho","category-teoria-y-metodos-generales-del-derecho","tag-alfonso-murillo-villar","tag-armando-torrent-ruiz","tag-camacho-de-los-rios-fermin","tag-ricardo-gomez-rivero","tag-ricardo-panero-gutierrez","tag-walenka-arevalo-caballero"],"_links":{"self":[{"href":"https:\/\/www.deberes.net\/tesis\/wp-json\/wp\/v2\/posts\/18818","targetHints":{"allow":["GET"]}}],"collection":[{"href":"https:\/\/www.deberes.net\/tesis\/wp-json\/wp\/v2\/posts"}],"about":[{"href":"https:\/\/www.deberes.net\/tesis\/wp-json\/wp\/v2\/types\/post"}],"author":[{"embeddable":true,"href":"https:\/\/www.deberes.net\/tesis\/wp-json\/wp\/v2\/users\/1"}],"replies":[{"embeddable":true,"href":"https:\/\/www.deberes.net\/tesis\/wp-json\/wp\/v2\/comments?post=18818"}],"version-history":[{"count":0,"href":"https:\/\/www.deberes.net\/tesis\/wp-json\/wp\/v2\/posts\/18818\/revisions"}],"wp:attachment":[{"href":"https:\/\/www.deberes.net\/tesis\/wp-json\/wp\/v2\/media?parent=18818"}],"wp:term":[{"taxonomy":"category","embeddable":true,"href":"https:\/\/www.deberes.net\/tesis\/wp-json\/wp\/v2\/categories?post=18818"},{"taxonomy":"post_tag","embeddable":true,"href":"https:\/\/www.deberes.net\/tesis\/wp-json\/wp\/v2\/tags?post=18818"}],"curies":[{"name":"wp","href":"https:\/\/api.w.org\/{rel}","templated":true}]}}