{"id":18824,"date":"2002-05-09T00:00:00","date_gmt":"2002-05-09T00:00:00","guid":{"rendered":"https:\/\/www.deberes.net\/tesis\/sin-categoria\/la-negacion-expletiva-en-frances-un-estudio-argumentativo\/"},"modified":"2002-05-09T00:00:00","modified_gmt":"2002-05-09T00:00:00","slug":"la-negacion-expletiva-en-frances-un-estudio-argumentativo","status":"publish","type":"post","link":"https:\/\/www.deberes.net\/tesis\/historia\/la-negacion-expletiva-en-frances-un-estudio-argumentativo\/","title":{"rendered":"La negaci\u00f3n expletiva en franc\u00e9s. un estudio argumentativo"},"content":{"rendered":"<h2>Tesis doctoral de <strong> Jes\u00fas Francisco V\u00e1zquez Molina <\/strong><\/h2>\n<p>Durante mucho tiempo, la llamada \u00abnegaci\u00f3n expletiva\u00bb ha sido considerada una cuesti\u00f3n marginal y que se hallaba abocada a la desparici\u00f3n en la lengua francesa. Sin embargo, en los \u00faltimos a\u00f1os, estudios m\u00e1s profundos han puesto de manifiesto su vigencia y han desarrollado hip\u00f3tesis para desarrollar su funci\u00f3n.  el presente trabajo pretende aportar un an\u00e1lisis de conjunto de este fen\u00f3meno, as\u00ed como una interpretaci\u00f3n un\u00edvoca de su valor en todos los contextos donde puede hacer su aparici\u00f3n.<\/p>\n<p>&nbsp;<\/p>\n<h3>Datos acad\u00e9micos de la tesis doctoral \u00ab<strong>La negaci\u00f3n expletiva en franc\u00e9s. un estudio argumentativo<\/strong>\u00ab<\/h3>\n<ul>\n<li><strong>T\u00edtulo de la tesis:<\/strong>\u00a0 La negaci\u00f3n expletiva en franc\u00e9s. un estudio argumentativo <\/li>\n<li><strong>Autor:<\/strong>\u00a0 Jes\u00fas Francisco V\u00e1zquez Molina <\/li>\n<li><strong>Universidad:<\/strong>\u00a0 Oviedo<\/li>\n<li><strong>Fecha de lectura de la tesis:<\/strong>\u00a0 05\/09\/2002<\/li>\n<\/ul>\n<p>&nbsp;<\/p>\n<h3>Direcci\u00f3n y tribunal<\/h3>\n<ul>\n<li><strong>Director de la tesis<\/strong>\n<ul>\n<li> Donaire Fern\u00e1ndez M. Luisa<\/li>\n<\/ul>\n<\/li>\n<li><strong>Tribunal<\/strong>\n<ul>\n<li>Presidente del tribunal: ana Gonz\u00e1lez salvador <\/li>\n<li>jean-claude Anscombre (vocal)<\/li>\n<li>federico Ferreres maspl\u00e1 (vocal)<\/li>\n<li>Marta Tordesillas colado (vocal)<\/li>\n<\/ul>\n<\/li>\n<\/ul>\n<p>&nbsp;<\/p>\n","protected":false},"excerpt":{"rendered":"<p>Tesis doctoral de Jes\u00fas Francisco V\u00e1zquez Molina Durante mucho tiempo, la llamada \u00abnegaci\u00f3n expletiva\u00bb ha sido considerada una cuesti\u00f3n marginal [&hellip;]<\/p>\n","protected":false},"author":1,"featured_media":0,"comment_status":"open","ping_status":"open","sticky":false,"template":"","format":"standard","meta":{"site-sidebar-layout":"default","site-content-layout":"","ast-site-content-layout":"","site-content-style":"default","site-sidebar-style":"default","ast-global-header-display":"","ast-banner-title-visibility":"","ast-main-header-display":"","ast-hfb-above-header-display":"","ast-hfb-below-header-display":"","ast-hfb-mobile-header-display":"","site-post-title":"","ast-breadcrumbs-content":"","ast-featured-img":"","footer-sml-layout":"","theme-transparent-header-meta":"","adv-header-id-meta":"","stick-header-meta":"","header-above-stick-meta":"","header-main-stick-meta":"","header-below-stick-meta":"","astra-migrate-meta-layouts":"default","ast-page-background-enabled":"default","ast-page-background-meta":{"desktop":{"background-color":"var(--ast-global-color-4)","background-image":"","background-repeat":"repeat","background-position":"center center","background-size":"auto","background-attachment":"scroll","background-type":"","background-media":"","overlay-type":"","overlay-color":"","overlay-gradient":""},"tablet":{"background-color":"","background-image":"","background-repeat":"repeat","background-position":"center center","background-size":"auto","background-attachment":"scroll","background-type":"","background-media":"","overlay-type":"","overlay-color":"","overlay-gradient":""},"mobile":{"background-color":"","background-image":"","background-repeat":"repeat","background-position":"center center","background-size":"auto","background-attachment":"scroll","background-type":"","background-media":"","overlay-type":"","overlay-color":"","overlay-gradient":""}},"ast-content-background-meta":{"desktop":{"background-color":"var(--ast-global-color-5)","background-image":"","background-repeat":"repeat","background-position":"center center","background-size":"auto","background-attachment":"scroll","background-type":"","background-media":"","overlay-type":"","overlay-color":"","overlay-gradient":""},"tablet":{"background-color":"var(--ast-global-color-5)","background-image":"","background-repeat":"repeat","background-position":"center center","background-size":"auto","background-attachment":"scroll","background-type":"","background-media":"","overlay-type":"","overlay-color":"","overlay-gradient":""},"mobile":{"background-color":"var(--ast-global-color-5)","background-image":"","background-repeat":"repeat","background-position":"center center","background-size":"auto","background-attachment":"scroll","background-type":"","background-media":"","overlay-type":"","overlay-color":"","overlay-gradient":""}},"footnotes":""},"categories":[148,1624,147,149,2142,104,8846,628],"tags":[4795,23676,54713,58173,58172,58174],"class_list":["post-18824","post","type-post","status-publish","format-standard","hentry","category-analisis-literario","category-ciencias-auxiliares-de-la-historia","category-ciencias-de-las-artes-y-las-letras","category-critica-de-textos","category-filologia","category-historia","category-oviedo","category-teoria-analisis-y-critica-literarios","tag-ana-gonzalez-salvador","tag-donaire-fernandez-m-luisa","tag-federico-ferreres-maspla","tag-jean-claude-anscombre","tag-jesus-francisco-vazquez-molina","tag-marta-tordesillas-colado"],"_links":{"self":[{"href":"https:\/\/www.deberes.net\/tesis\/wp-json\/wp\/v2\/posts\/18824","targetHints":{"allow":["GET"]}}],"collection":[{"href":"https:\/\/www.deberes.net\/tesis\/wp-json\/wp\/v2\/posts"}],"about":[{"href":"https:\/\/www.deberes.net\/tesis\/wp-json\/wp\/v2\/types\/post"}],"author":[{"embeddable":true,"href":"https:\/\/www.deberes.net\/tesis\/wp-json\/wp\/v2\/users\/1"}],"replies":[{"embeddable":true,"href":"https:\/\/www.deberes.net\/tesis\/wp-json\/wp\/v2\/comments?post=18824"}],"version-history":[{"count":0,"href":"https:\/\/www.deberes.net\/tesis\/wp-json\/wp\/v2\/posts\/18824\/revisions"}],"wp:attachment":[{"href":"https:\/\/www.deberes.net\/tesis\/wp-json\/wp\/v2\/media?parent=18824"}],"wp:term":[{"taxonomy":"category","embeddable":true,"href":"https:\/\/www.deberes.net\/tesis\/wp-json\/wp\/v2\/categories?post=18824"},{"taxonomy":"post_tag","embeddable":true,"href":"https:\/\/www.deberes.net\/tesis\/wp-json\/wp\/v2\/tags?post=18824"}],"curies":[{"name":"wp","href":"https:\/\/api.w.org\/{rel}","templated":true}]}}