{"id":18838,"date":"2002-06-09T00:00:00","date_gmt":"2002-06-09T00:00:00","guid":{"rendered":"https:\/\/www.deberes.net\/tesis\/sin-categoria\/la-tristeza-analisis-y-propuestas-educativas\/"},"modified":"2002-06-09T00:00:00","modified_gmt":"2002-06-09T00:00:00","slug":"la-tristeza-analisis-y-propuestas-educativas","status":"publish","type":"post","link":"https:\/\/www.deberes.net\/tesis\/psicologia\/la-tristeza-analisis-y-propuestas-educativas\/","title":{"rendered":"La tristeza: an\u00e1lisis y propuestas educativas"},"content":{"rendered":"<h2>Tesis doctoral de <strong>  Siverio Eusebio Miguel \u00e1ngel <\/strong><\/h2>\n<p>La tesis analiza las causas, im\u00e1genes, sentimientos, reacciones y estrategias de superaci\u00f3n de la tristeza en ni\u00f1os, adolescentes y adultos, as\u00ed como sugiere medidas educativas para un afrontamiento adaptativo. La muestra la componen 145 ni\u00f1os, 226 adolescentes y 157 adultos. Los resultados se obtienen v\u00eda cuestionario de preguntas abiertas; adem\u00e1s se utiliza el test autoevaluativo de adaptaci\u00f3n infantil (tamai), el test de aptitudes escolares (tea-3) y el rendimiento acad\u00e9mico.  los resultados muestran una gran riqueza de \u00e1mbitos y categor\u00edas. Los \u00e1mbitos m\u00e1s generadores de tristeza son los referidos a \u00abproblemas personales\u00bb, \u00abla p\u00e9rdida de seres queridos y su propia muerte\u00bb y \u00ablos conflictos familiares\u00bb. se observa la influencia de las etapas evolutivas y la relaci\u00f3n de la tristeza con variables intra e intrapersonales, as\u00ed como con el g\u00e9nero. Pero no con variables contextuales. Se realizan propuestas educativas encaminadas a promover el bienestar emocional.<\/p>\n<p>&nbsp;<\/p>\n<h3>Datos acad\u00e9micos de la tesis doctoral \u00ab<strong>La tristeza: an\u00e1lisis y propuestas educativas<\/strong>\u00ab<\/h3>\n<ul>\n<li><strong>T\u00edtulo de la tesis:<\/strong>\u00a0 La tristeza: an\u00e1lisis y propuestas educativas <\/li>\n<li><strong>Autor:<\/strong>\u00a0  Siverio Eusebio Miguel \u00e1ngel <\/li>\n<li><strong>Universidad:<\/strong>\u00a0 La laguna<\/li>\n<li><strong>Fecha de lectura de la tesis:<\/strong>\u00a0 06\/09\/2002<\/li>\n<\/ul>\n<p>&nbsp;<\/p>\n<h3>Direcci\u00f3n y tribunal<\/h3>\n<ul>\n<li><strong>Director de la tesis<\/strong>\n<ul>\n<li> Garc\u00eda Hern\u00e1ndez M. Dolores<\/li>\n<\/ul>\n<\/li>\n<li><strong>Tribunal<\/strong>\n<ul>\n<li>Presidente del tribunal: pedro Hern\u00e1ndez hern\u00e1ndez <\/li>\n<li>Francisco Rodr\u00edguez pulido (vocal)<\/li>\n<li>\u00e1ngela Mu\u00f1oz s\u00e1nchez (vocal)<\/li>\n<li>eva K\u00f1allinsy ejdelman (vocal)<\/li>\n<\/ul>\n<\/li>\n<\/ul>\n<p>&nbsp;<\/p>\n","protected":false},"excerpt":{"rendered":"<p>Tesis doctoral de Siverio Eusebio Miguel \u00e1ngel La tesis analiza las causas, im\u00e1genes, sentimientos, reacciones y estrategias de superaci\u00f3n de [&hellip;]<\/p>\n","protected":false},"author":1,"featured_media":0,"comment_status":"open","ping_status":"open","sticky":false,"template":"","format":"standard","meta":{"site-sidebar-layout":"default","site-content-layout":"","ast-site-content-layout":"","site-content-style":"default","site-sidebar-style":"default","ast-global-header-display":"","ast-banner-title-visibility":"","ast-main-header-display":"","ast-hfb-above-header-display":"","ast-hfb-below-header-display":"","ast-hfb-mobile-header-display":"","site-post-title":"","ast-breadcrumbs-content":"","ast-featured-img":"","footer-sml-layout":"","theme-transparent-header-meta":"","adv-header-id-meta":"","stick-header-meta":"","header-above-stick-meta":"","header-main-stick-meta":"","header-below-stick-meta":"","astra-migrate-meta-layouts":"default","ast-page-background-enabled":"default","ast-page-background-meta":{"desktop":{"background-color":"var(--ast-global-color-4)","background-image":"","background-repeat":"repeat","background-position":"center center","background-size":"auto","background-attachment":"scroll","background-type":"","background-media":"","overlay-type":"","overlay-color":"","overlay-gradient":""},"tablet":{"background-color":"","background-image":"","background-repeat":"repeat","background-position":"center center","background-size":"auto","background-attachment":"scroll","background-type":"","background-media":"","overlay-type":"","overlay-color":"","overlay-gradient":""},"mobile":{"background-color":"","background-image":"","background-repeat":"repeat","background-position":"center center","background-size":"auto","background-attachment":"scroll","background-type":"","background-media":"","overlay-type":"","overlay-color":"","overlay-gradient":""}},"ast-content-background-meta":{"desktop":{"background-color":"var(--ast-global-color-5)","background-image":"","background-repeat":"repeat","background-position":"center center","background-size":"auto","background-attachment":"scroll","background-type":"","background-media":"","overlay-type":"","overlay-color":"","overlay-gradient":""},"tablet":{"background-color":"var(--ast-global-color-5)","background-image":"","background-repeat":"repeat","background-position":"center center","background-size":"auto","background-attachment":"scroll","background-type":"","background-media":"","overlay-type":"","overlay-color":"","overlay-gradient":""},"mobile":{"background-color":"var(--ast-global-color-5)","background-image":"","background-repeat":"repeat","background-position":"center center","background-size":"auto","background-attachment":"scroll","background-type":"","background-media":"","overlay-type":"","overlay-color":"","overlay-gradient":""}},"footnotes":""},"categories":[32400,9915,6894,324,970,460],"tags":[58211,58212,10711,26146,10241,58210],"class_list":["post-18838","post","type-post","status-publish","format-standard","hentry","category-desarrollo-de-la-personalidad","category-la-laguna","category-personalidad","category-psicologia","category-psicologia-del-nino-y-del-adolescente","category-psicologia-escolar","tag-angela-munoz-sanchez","tag-eva-knallinsy-ejdelman","tag-francisco-rodriguez-pulido","tag-garcia-hernandez-m-dolores","tag-pedro-hernandez-hernandez","tag-siverio-eusebio-miguel-angel"],"_links":{"self":[{"href":"https:\/\/www.deberes.net\/tesis\/wp-json\/wp\/v2\/posts\/18838","targetHints":{"allow":["GET"]}}],"collection":[{"href":"https:\/\/www.deberes.net\/tesis\/wp-json\/wp\/v2\/posts"}],"about":[{"href":"https:\/\/www.deberes.net\/tesis\/wp-json\/wp\/v2\/types\/post"}],"author":[{"embeddable":true,"href":"https:\/\/www.deberes.net\/tesis\/wp-json\/wp\/v2\/users\/1"}],"replies":[{"embeddable":true,"href":"https:\/\/www.deberes.net\/tesis\/wp-json\/wp\/v2\/comments?post=18838"}],"version-history":[{"count":0,"href":"https:\/\/www.deberes.net\/tesis\/wp-json\/wp\/v2\/posts\/18838\/revisions"}],"wp:attachment":[{"href":"https:\/\/www.deberes.net\/tesis\/wp-json\/wp\/v2\/media?parent=18838"}],"wp:term":[{"taxonomy":"category","embeddable":true,"href":"https:\/\/www.deberes.net\/tesis\/wp-json\/wp\/v2\/categories?post=18838"},{"taxonomy":"post_tag","embeddable":true,"href":"https:\/\/www.deberes.net\/tesis\/wp-json\/wp\/v2\/tags?post=18838"}],"curies":[{"name":"wp","href":"https:\/\/api.w.org\/{rel}","templated":true}]}}