{"id":18857,"date":"2002-06-09T00:00:00","date_gmt":"2002-06-09T00:00:00","guid":{"rendered":"https:\/\/www.deberes.net\/tesis\/sin-categoria\/contribucion-al-analisis-y-modelado-de-parches-apilados\/"},"modified":"2002-06-09T00:00:00","modified_gmt":"2002-06-09T00:00:00","slug":"contribucion-al-analisis-y-modelado-de-parches-apilados","status":"publish","type":"post","link":"https:\/\/www.deberes.net\/tesis\/ciencias-tecnologicas\/contribucion-al-analisis-y-modelado-de-parches-apilados\/","title":{"rendered":"Contribuci\u00f3n al an\u00e1lisis y modelado de parches apilados"},"content":{"rendered":"<h2>Tesis doctoral de <strong> Eva Rajo Iglesias <\/strong><\/h2>\n<p>El objetivo general de esta tesis es proporcionar nuevos avances que puedan ser \u00fatiles para el dise\u00f1o de antenas de parches apilados. Con este fin se realizan estudios, tanto frecuenciales como de radiaci\u00f3n de parches apilados en funci\u00f3n de la posici\u00f3n y tama\u00f1o del par\u00e1sito. Esto nos conduce a una nueva versi\u00f3n de estas antenas: los parches apilados asim\u00e9tricos cuyas ventajas estriban en que presentan una banda considerablemente m\u00e1s ancha y son \u00fatiles para la simetrizaci\u00f3n del diagrama de radiaci\u00f3n. Esta \u00faltima aplicaci\u00f3n ser\u00e1 probada con \u00e9xito y en un array de estas antenas asim\u00e9tricas. Adem\u00e1s, se desarrolla un nuevo modelo de radiaci\u00f3n para parches apilados con plano de masa finito (aplicable tambi\u00e9n a sus versiones asim\u00e9tricas) que constituye una herramienta de utilidad para analizar algunos par\u00e1metros de la antena (fundamentalmente: coeficiente de acoplo vertical, despuntamiento de haz y coeficiente de dispersi\u00f3n de ondas de superficie) que, adem\u00e1s, permitir\u00e1 en un futuro elaborar leyes emp\u00edricas de variaci\u00f3n de los mismos que nos conduzcan, junto con el citado modelo, a un m\u00e9todo general de dise\u00f1o de antenas de parches apilados.<\/p>\n<p>&nbsp;<\/p>\n<h3>Datos acad\u00e9micos de la tesis doctoral \u00ab<strong>Contribuci\u00f3n al an\u00e1lisis y modelado de parches apilados<\/strong>\u00ab<\/h3>\n<ul>\n<li><strong>T\u00edtulo de la tesis:<\/strong>\u00a0 Contribuci\u00f3n al an\u00e1lisis y modelado de parches apilados <\/li>\n<li><strong>Autor:<\/strong>\u00a0 Eva Rajo Iglesias <\/li>\n<li><strong>Universidad:<\/strong>\u00a0 Carlos III de Madrid<\/li>\n<li><strong>Fecha de lectura de la tesis:<\/strong>\u00a0 06\/09\/2002<\/li>\n<\/ul>\n<p>&nbsp;<\/p>\n<h3>Direcci\u00f3n y tribunal<\/h3>\n<ul>\n<li><strong>Director de la tesis<\/strong>\n<ul>\n<li>Carlos Mart\u00edn Pascual<\/li>\n<\/ul>\n<\/li>\n<li><strong>Tribunal<\/strong>\n<ul>\n<li>Presidente del tribunal: manuel Sierra perez <\/li>\n<li>anselmo Seoane-pamp\u00edn montenegro (vocal)<\/li>\n<li>Antonio Artes rodriguez (vocal)<\/li>\n<li>vicente Gonzalez posadas (vocal)<\/li>\n<\/ul>\n<\/li>\n<\/ul>\n<p>&nbsp;<\/p>\n","protected":false},"excerpt":{"rendered":"<p>Tesis doctoral de Eva Rajo Iglesias El objetivo general de esta tesis es proporcionar nuevos avances que puedan ser \u00fatiles [&hellip;]<\/p>\n","protected":false},"author":1,"featured_media":0,"comment_status":"open","ping_status":"open","sticky":false,"template":"","format":"standard","meta":{"site-sidebar-layout":"default","site-content-layout":"","ast-site-content-layout":"","site-content-style":"default","site-sidebar-style":"default","ast-global-header-display":"","ast-banner-title-visibility":"","ast-main-header-display":"","ast-hfb-above-header-display":"","ast-hfb-below-header-display":"","ast-hfb-mobile-header-display":"","site-post-title":"","ast-breadcrumbs-content":"","ast-featured-img":"","footer-sml-layout":"","theme-transparent-header-meta":"","adv-header-id-meta":"","stick-header-meta":"","header-above-stick-meta":"","header-main-stick-meta":"","header-below-stick-meta":"","astra-migrate-meta-layouts":"default","ast-page-background-enabled":"default","ast-page-background-meta":{"desktop":{"background-color":"var(--ast-global-color-4)","background-image":"","background-repeat":"repeat","background-position":"center center","background-size":"auto","background-attachment":"scroll","background-type":"","background-media":"","overlay-type":"","overlay-color":"","overlay-gradient":""},"tablet":{"background-color":"","background-image":"","background-repeat":"repeat","background-position":"center center","background-size":"auto","background-attachment":"scroll","background-type":"","background-media":"","overlay-type":"","overlay-color":"","overlay-gradient":""},"mobile":{"background-color":"","background-image":"","background-repeat":"repeat","background-position":"center center","background-size":"auto","background-attachment":"scroll","background-type":"","background-media":"","overlay-type":"","overlay-color":"","overlay-gradient":""}},"ast-content-background-meta":{"desktop":{"background-color":"var(--ast-global-color-5)","background-image":"","background-repeat":"repeat","background-position":"center center","background-size":"auto","background-attachment":"scroll","background-type":"","background-media":"","overlay-type":"","overlay-color":"","overlay-gradient":""},"tablet":{"background-color":"var(--ast-global-color-5)","background-image":"","background-repeat":"repeat","background-position":"center center","background-size":"auto","background-attachment":"scroll","background-type":"","background-media":"","overlay-type":"","overlay-color":"","overlay-gradient":""},"mobile":{"background-color":"var(--ast-global-color-5)","background-image":"","background-repeat":"repeat","background-position":"center center","background-size":"auto","background-attachment":"scroll","background-type":"","background-media":"","overlay-type":"","overlay-color":"","overlay-gradient":""}},"footnotes":""},"categories":[18550,332,41336,3706],"tags":[58257,16166,26372,58256,40900,58258],"class_list":["post-18857","post","type-post","status-publish","format-standard","hentry","category-carlos-iii-de-madrid","category-ciencias-tecnologicas","category-receptores-de-radio","category-tecnologia-electronica","tag-anselmo-seoane-pampin-montenegro","tag-antonio-artes-rodriguez","tag-carlos-martin-pascual","tag-eva-rajo-iglesias","tag-manuel-sierra-perez","tag-vicente-gonzalez-posadas"],"_links":{"self":[{"href":"https:\/\/www.deberes.net\/tesis\/wp-json\/wp\/v2\/posts\/18857","targetHints":{"allow":["GET"]}}],"collection":[{"href":"https:\/\/www.deberes.net\/tesis\/wp-json\/wp\/v2\/posts"}],"about":[{"href":"https:\/\/www.deberes.net\/tesis\/wp-json\/wp\/v2\/types\/post"}],"author":[{"embeddable":true,"href":"https:\/\/www.deberes.net\/tesis\/wp-json\/wp\/v2\/users\/1"}],"replies":[{"embeddable":true,"href":"https:\/\/www.deberes.net\/tesis\/wp-json\/wp\/v2\/comments?post=18857"}],"version-history":[{"count":0,"href":"https:\/\/www.deberes.net\/tesis\/wp-json\/wp\/v2\/posts\/18857\/revisions"}],"wp:attachment":[{"href":"https:\/\/www.deberes.net\/tesis\/wp-json\/wp\/v2\/media?parent=18857"}],"wp:term":[{"taxonomy":"category","embeddable":true,"href":"https:\/\/www.deberes.net\/tesis\/wp-json\/wp\/v2\/categories?post=18857"},{"taxonomy":"post_tag","embeddable":true,"href":"https:\/\/www.deberes.net\/tesis\/wp-json\/wp\/v2\/tags?post=18857"}],"curies":[{"name":"wp","href":"https:\/\/api.w.org\/{rel}","templated":true}]}}