{"id":18866,"date":"2002-09-09T00:00:00","date_gmt":"2002-09-09T00:00:00","guid":{"rendered":"https:\/\/www.deberes.net\/tesis\/sin-categoria\/el-enfoque-comunicativo-interaccion-y-autonoma%c2%ada-en-el-aula-en-las-escuelas-publicas-de-la-ciudad-de-pelotas-rs\/"},"modified":"2002-09-09T00:00:00","modified_gmt":"2002-09-09T00:00:00","slug":"el-enfoque-comunicativo-interaccion-y-autonoma%c2%ada-en-el-aula-en-las-escuelas-publicas-de-la-ciudad-de-pelotas-rs","status":"publish","type":"post","link":"https:\/\/www.deberes.net\/tesis\/linguistica\/el-enfoque-comunicativo-interaccion-y-autonoma%c2%ada-en-el-aula-en-las-escuelas-publicas-de-la-ciudad-de-pelotas-rs\/","title":{"rendered":"El enfoque comunicativo: interacci\u00f3n y autonom\u00edaen el aula (en las escuelas p\u00fablicas de la ciudad de pelotas\/rs)"},"content":{"rendered":"<h2>Tesis doctoral de <strong>  Mendoza Sassi M. Pia <\/strong><\/h2>\n<p>&nbsp;<\/p>\n<h3>Datos acad\u00e9micos de la tesis doctoral \u00ab<strong>El enfoque comunicativo: interacci\u00f3n y autonom\u00edaen el aula (en las escuelas p\u00fablicas de la ciudad de pelotas\/rs)<\/strong>\u00ab<\/h3>\n<ul>\n<li><strong>T\u00edtulo de la tesis:<\/strong>\u00a0 El enfoque comunicativo: interacci\u00f3n y autonom\u00edaen el aula (en las escuelas p\u00fablicas de la ciudad de pelotas\/rs) <\/li>\n<li><strong>Autor:<\/strong>\u00a0  Mendoza Sassi M. Pia <\/li>\n<li><strong>Universidad:<\/strong>\u00a0 Le\u00f3n<\/li>\n<li><strong>Fecha de lectura de la tesis:<\/strong>\u00a0 09\/09\/2002<\/li>\n<\/ul>\n<p>&nbsp;<\/p>\n<h3>Direcci\u00f3n y tribunal<\/h3>\n<ul>\n<li><strong>Director de la tesis<\/strong>\n<ul>\n<li>Mar\u00eda Maquieira Rodr\u00edguez<\/li>\n<\/ul>\n<\/li>\n<li><strong>Tribunal<\/strong>\n<ul>\n<li>Presidente del tribunal: bonifacio Rodr\u00edguez d\u00edez <\/li>\n<li>Luis Chamosa jose (vocal)<\/li>\n<li>Francisco Ruiz (vocal)<\/li>\n<li>Manuel Uri (vocal)<\/li>\n<\/ul>\n<\/li>\n<\/ul>\n<p>&nbsp;<\/p>\n","protected":false},"excerpt":{"rendered":"<p>Tesis doctoral de Mendoza Sassi M. Pia &nbsp; Datos acad\u00e9micos de la tesis doctoral \u00abEl enfoque comunicativo: interacci\u00f3n y autonom\u00edaen [&hellip;]<\/p>\n","protected":false},"author":1,"featured_media":0,"comment_status":"open","ping_status":"open","sticky":false,"template":"","format":"standard","meta":{"site-sidebar-layout":"default","site-content-layout":"","ast-site-content-layout":"","site-content-style":"default","site-sidebar-style":"default","ast-global-header-display":"","ast-banner-title-visibility":"","ast-main-header-display":"","ast-hfb-above-header-display":"","ast-hfb-below-header-display":"","ast-hfb-mobile-header-display":"","site-post-title":"","ast-breadcrumbs-content":"","ast-featured-img":"","footer-sml-layout":"","theme-transparent-header-meta":"","adv-header-id-meta":"","stick-header-meta":"","header-above-stick-meta":"","header-main-stick-meta":"","header-below-stick-meta":"","astra-migrate-meta-layouts":"default","ast-page-background-enabled":"default","ast-page-background-meta":{"desktop":{"background-color":"var(--ast-global-color-4)","background-image":"","background-repeat":"repeat","background-position":"center center","background-size":"auto","background-attachment":"scroll","background-type":"","background-media":"","overlay-type":"","overlay-color":"","overlay-gradient":""},"tablet":{"background-color":"","background-image":"","background-repeat":"repeat","background-position":"center center","background-size":"auto","background-attachment":"scroll","background-type":"","background-media":"","overlay-type":"","overlay-color":"","overlay-gradient":""},"mobile":{"background-color":"","background-image":"","background-repeat":"repeat","background-position":"center center","background-size":"auto","background-attachment":"scroll","background-type":"","background-media":"","overlay-type":"","overlay-color":"","overlay-gradient":""}},"ast-content-background-meta":{"desktop":{"background-color":"var(--ast-global-color-5)","background-image":"","background-repeat":"repeat","background-position":"center center","background-size":"auto","background-attachment":"scroll","background-type":"","background-media":"","overlay-type":"","overlay-color":"","overlay-gradient":""},"tablet":{"background-color":"var(--ast-global-color-5)","background-image":"","background-repeat":"repeat","background-position":"center center","background-size":"auto","background-attachment":"scroll","background-type":"","background-media":"","overlay-type":"","overlay-color":"","overlay-gradient":""},"mobile":{"background-color":"var(--ast-global-color-5)","background-image":"","background-repeat":"repeat","background-position":"center center","background-size":"auto","background-attachment":"scroll","background-type":"","background-media":"","overlay-type":"","overlay-color":"","overlay-gradient":""}},"footnotes":""},"categories":[636,4430,59,60],"tags":[21060,58281,58280,58282,58279,58278],"class_list":["post-18866","post","type-post","status-publish","format-standard","hentry","category-lengua-y-literatura","category-leon","category-linguistica","category-linguistica-aplicada","tag-bonifacio-rodriguez-diez","tag-francisco-ruiz","tag-luis-chamosa-jose","tag-manuel-uri","tag-maria-maquieira-rodriguez","tag-mendoza-sassi-m-pia"],"_links":{"self":[{"href":"https:\/\/www.deberes.net\/tesis\/wp-json\/wp\/v2\/posts\/18866","targetHints":{"allow":["GET"]}}],"collection":[{"href":"https:\/\/www.deberes.net\/tesis\/wp-json\/wp\/v2\/posts"}],"about":[{"href":"https:\/\/www.deberes.net\/tesis\/wp-json\/wp\/v2\/types\/post"}],"author":[{"embeddable":true,"href":"https:\/\/www.deberes.net\/tesis\/wp-json\/wp\/v2\/users\/1"}],"replies":[{"embeddable":true,"href":"https:\/\/www.deberes.net\/tesis\/wp-json\/wp\/v2\/comments?post=18866"}],"version-history":[{"count":0,"href":"https:\/\/www.deberes.net\/tesis\/wp-json\/wp\/v2\/posts\/18866\/revisions"}],"wp:attachment":[{"href":"https:\/\/www.deberes.net\/tesis\/wp-json\/wp\/v2\/media?parent=18866"}],"wp:term":[{"taxonomy":"category","embeddable":true,"href":"https:\/\/www.deberes.net\/tesis\/wp-json\/wp\/v2\/categories?post=18866"},{"taxonomy":"post_tag","embeddable":true,"href":"https:\/\/www.deberes.net\/tesis\/wp-json\/wp\/v2\/tags?post=18866"}],"curies":[{"name":"wp","href":"https:\/\/api.w.org\/{rel}","templated":true}]}}