{"id":18887,"date":"2002-10-09T00:00:00","date_gmt":"2002-10-09T00:00:00","guid":{"rendered":"https:\/\/www.deberes.net\/tesis\/sin-categoria\/la-eficacia-de-la-pola%c2%adtica-de-la-vivienda-en-espana-en-los-anos-noventa\/"},"modified":"2002-10-09T00:00:00","modified_gmt":"2002-10-09T00:00:00","slug":"la-eficacia-de-la-pola%c2%adtica-de-la-vivienda-en-espana-en-los-anos-noventa","status":"publish","type":"post","link":"https:\/\/www.deberes.net\/tesis\/ciencias-economicas\/la-eficacia-de-la-pola%c2%adtica-de-la-vivienda-en-espana-en-los-anos-noventa\/","title":{"rendered":"La eficacia de la pol\u00edtica de la vivienda en espa\u00f1a en los a\u00f1os noventa"},"content":{"rendered":"<h2>Tesis doctoral de <strong> Marta Ramos Aguilar <\/strong><\/h2>\n<p>La tesis trata de analizar la pol\u00edtica de la vivienda implementada en espa\u00f1a en la d\u00e9cada de los noventa, juzgando el grado de eficacia alcanzado por la misma. Tras un estudio te\u00f3rico de la vivienda como bien econ\u00f3mico se ha procedido a realizar un an\u00e1lisis emp\u00edrico de la situaci\u00f3n de la vivienda en espa\u00f1a. Posteriormente se ha estudiado el marco normativo m\u00e1s relevante que ata\u00f1e a la vivienda protegida. Finalmente se ha analizado los resultados pr\u00e1cticos de la politica de la vivienda y se ha medido su eficacia obteniendo un grado de eficacia reltativo se han recomendado algunas medidas de mejora de la misma.<\/p>\n<p>&nbsp;<\/p>\n<h3>Datos acad\u00e9micos de la tesis doctoral \u00ab<strong>La eficacia de la pol\u00edtica de la vivienda en espa\u00f1a en los a\u00f1os noventa<\/strong>\u00ab<\/h3>\n<ul>\n<li><strong>T\u00edtulo de la tesis:<\/strong>\u00a0 La eficacia de la pol\u00edtica de la vivienda en espa\u00f1a en los a\u00f1os noventa <\/li>\n<li><strong>Autor:<\/strong>\u00a0 Marta Ramos Aguilar <\/li>\n<li><strong>Universidad:<\/strong>\u00a0 Pontificia comillas<\/li>\n<li><strong>Fecha de lectura de la tesis:<\/strong>\u00a0 10\/09\/2002<\/li>\n<\/ul>\n<p>&nbsp;<\/p>\n<h3>Direcci\u00f3n y tribunal<\/h3>\n<ul>\n<li><strong>Director de la tesis<\/strong>\n<ul>\n<li> Espinola Salazar Jos\u00e9 Ram\u00f3n De<\/li>\n<\/ul>\n<\/li>\n<li><strong>Tribunal<\/strong>\n<ul>\n<li>Presidente del tribunal: alejandro Lorca corrons <\/li>\n<li>paloma Taltavull de la paz (vocal)<\/li>\n<li>Jes\u00fas Leal maldonado (vocal)<\/li>\n<li>margarita Prat rodrigo (vocal)<\/li>\n<\/ul>\n<\/li>\n<\/ul>\n<p>&nbsp;<\/p>\n","protected":false},"excerpt":{"rendered":"<p>Tesis doctoral de Marta Ramos Aguilar La tesis trata de analizar la pol\u00edtica de la vivienda implementada en espa\u00f1a en [&hellip;]<\/p>\n","protected":false},"author":1,"featured_media":0,"comment_status":"open","ping_status":"open","sticky":false,"template":"","format":"standard","meta":{"site-sidebar-layout":"default","site-content-layout":"","ast-site-content-layout":"","site-content-style":"default","site-sidebar-style":"default","ast-global-header-display":"","ast-banner-title-visibility":"","ast-main-header-display":"","ast-hfb-above-header-display":"","ast-hfb-below-header-display":"","ast-hfb-mobile-header-display":"","site-post-title":"","ast-breadcrumbs-content":"","ast-featured-img":"","footer-sml-layout":"","theme-transparent-header-meta":"","adv-header-id-meta":"","stick-header-meta":"","header-above-stick-meta":"","header-main-stick-meta":"","header-below-stick-meta":"","astra-migrate-meta-layouts":"default","ast-page-background-enabled":"default","ast-page-background-meta":{"desktop":{"background-color":"var(--ast-global-color-4)","background-image":"","background-repeat":"repeat","background-position":"center center","background-size":"auto","background-attachment":"scroll","background-type":"","background-media":"","overlay-type":"","overlay-color":"","overlay-gradient":""},"tablet":{"background-color":"","background-image":"","background-repeat":"repeat","background-position":"center center","background-size":"auto","background-attachment":"scroll","background-type":"","background-media":"","overlay-type":"","overlay-color":"","overlay-gradient":""},"mobile":{"background-color":"","background-image":"","background-repeat":"repeat","background-position":"center center","background-size":"auto","background-attachment":"scroll","background-type":"","background-media":"","overlay-type":"","overlay-color":"","overlay-gradient":""}},"ast-content-background-meta":{"desktop":{"background-color":"var(--ast-global-color-5)","background-image":"","background-repeat":"repeat","background-position":"center center","background-size":"auto","background-attachment":"scroll","background-type":"","background-media":"","overlay-type":"","overlay-color":"","overlay-gradient":""},"tablet":{"background-color":"var(--ast-global-color-5)","background-image":"","background-repeat":"repeat","background-position":"center center","background-size":"auto","background-attachment":"scroll","background-type":"","background-media":"","overlay-type":"","overlay-color":"","overlay-gradient":""},"mobile":{"background-color":"var(--ast-global-color-5)","background-image":"","background-repeat":"repeat","background-position":"center center","background-size":"auto","background-attachment":"scroll","background-type":"","background-media":"","overlay-type":"","overlay-color":"","overlay-gradient":""}},"footnotes":""},"categories":[838,82,963,2825,3984,839,18397,17315],"tags":[15272,45582,4654,43269,58337,39581],"class_list":["post-18887","post","type-post","status-publish","format-standard","hentry","category-ciencia-politica","category-ciencias-economicas","category-economia-sectorial","category-organizacion-industrial-y-sector-publico","category-politica-social","category-politicas-sectoriales","category-pontificia-comillas","category-sector-de-la-construccion","tag-alejandro-lorca-corrons","tag-espinola-salazar-jose-ramon-de","tag-jesus-leal-maldonado","tag-margarita-prat-rodrigo","tag-marta-ramos-aguilar","tag-paloma-taltavull-de-la-paz"],"_links":{"self":[{"href":"https:\/\/www.deberes.net\/tesis\/wp-json\/wp\/v2\/posts\/18887","targetHints":{"allow":["GET"]}}],"collection":[{"href":"https:\/\/www.deberes.net\/tesis\/wp-json\/wp\/v2\/posts"}],"about":[{"href":"https:\/\/www.deberes.net\/tesis\/wp-json\/wp\/v2\/types\/post"}],"author":[{"embeddable":true,"href":"https:\/\/www.deberes.net\/tesis\/wp-json\/wp\/v2\/users\/1"}],"replies":[{"embeddable":true,"href":"https:\/\/www.deberes.net\/tesis\/wp-json\/wp\/v2\/comments?post=18887"}],"version-history":[{"count":0,"href":"https:\/\/www.deberes.net\/tesis\/wp-json\/wp\/v2\/posts\/18887\/revisions"}],"wp:attachment":[{"href":"https:\/\/www.deberes.net\/tesis\/wp-json\/wp\/v2\/media?parent=18887"}],"wp:term":[{"taxonomy":"category","embeddable":true,"href":"https:\/\/www.deberes.net\/tesis\/wp-json\/wp\/v2\/categories?post=18887"},{"taxonomy":"post_tag","embeddable":true,"href":"https:\/\/www.deberes.net\/tesis\/wp-json\/wp\/v2\/tags?post=18887"}],"curies":[{"name":"wp","href":"https:\/\/api.w.org\/{rel}","templated":true}]}}