{"id":18906,"date":"2002-12-09T00:00:00","date_gmt":"2002-12-09T00:00:00","guid":{"rendered":"https:\/\/www.deberes.net\/tesis\/sin-categoria\/la-guerra-civil-espanola-y-la-pola%c2%adtica-argentina\/"},"modified":"2002-12-09T00:00:00","modified_gmt":"2002-12-09T00:00:00","slug":"la-guerra-civil-espanola-y-la-pola%c2%adtica-argentina","status":"publish","type":"post","link":"https:\/\/www.deberes.net\/tesis\/historia\/la-guerra-civil-espanola-y-la-pola%c2%adtica-argentina\/","title":{"rendered":"La guerra civil espa\u00f1ola y la pol\u00edtica argentina"},"content":{"rendered":"<h2>Tesis doctoral de <strong> Silvina Montenegro <\/strong><\/h2>\n<p>Esta tesis estudia el entramado pol\u00edtico argentino de la segunda mitad de la d\u00e9cada de 1930 poniendo el foco del an\u00e1lisis en la movilizaci\u00f3n que floreci\u00f3 en ese pa\u00eds en torno a la guerra civil espa\u00f1ola. La elecci\u00f3n es intencionada, porque creemos que una serie de problemas del campo pol\u00edtico e ideol\u00f3gico argentino de aquellos a\u00f1os cobraron cuerpo gracias a que la particular recepci\u00f3n de la guerra de espa\u00f1a les dio unas herramientas, un lenguaje y unas formas de expresi\u00f3n.  las m\u00faltiples manifestaciones que asumieron las recpercusiones de la guerra civil espa\u00f1ola en la argentina y su estrecha imbricaci\u00f3n con la pol\u00edtica local contribuyeron a configurar una cultura pol\u00edtica renovda mediante tres elementos esenciales que se demostrar\u00edan perdurables: en primer lugar, la instrumentaci\u00f3n -a partir de los comit\u00e9s- de una pedagog\u00eda pol\u00edtica ampliamente extendida y con extraordinaria capacidad de permeaci\u00f3n masiva. Segundo, una cultura de la movilizaci\u00f3n y de la ocupaci\u00f3n del espacio p\u00fablico utilizada por todos -gobierno u oposici\u00f3n- con independencia de la ideolog\u00eda defendida, que hizo de ese medio el instrumento por excelencia para la acci\u00f3n pol\u00edtica. Y finalmente, una forma de hacer, pensar y decir la pol\u00edtica basada no en el juego de la oposici\u00f3n entre partidos, corrientes o tendencias, sino en la negaci\u00f3n de la legitimidad del contrario.<\/p>\n<p>&nbsp;<\/p>\n<h3>Datos acad\u00e9micos de la tesis doctoral \u00ab<strong>La guerra civil espa\u00f1ola y la pol\u00edtica argentina<\/strong>\u00ab<\/h3>\n<ul>\n<li><strong>T\u00edtulo de la tesis:<\/strong>\u00a0 La guerra civil espa\u00f1ola y la pol\u00edtica argentina <\/li>\n<li><strong>Autor:<\/strong>\u00a0 Silvina Montenegro <\/li>\n<li><strong>Universidad:<\/strong>\u00a0 Complutense de Madrid<\/li>\n<li><strong>Fecha de lectura de la tesis:<\/strong>\u00a0 12\/09\/2002<\/li>\n<\/ul>\n<p>&nbsp;<\/p>\n<h3>Direcci\u00f3n y tribunal<\/h3>\n<ul>\n<li><strong>Director de la tesis<\/strong>\n<ul>\n<li>Monica Quijada Mauri\u00f1o<\/li>\n<\/ul>\n<\/li>\n<li><strong>Tribunal<\/strong>\n<ul>\n<li>Presidente del tribunal: angel Bahamonde magro <\/li>\n<li>eduardo Gonzalez calleja (vocal)<\/li>\n<li>concepci\u00f3n Navarro azcue (vocal)<\/li>\n<li> Gonz\u00e1les oleaga marisa n. (vocal)<\/li>\n<\/ul>\n<\/li>\n<\/ul>\n<p>&nbsp;<\/p>\n","protected":false},"excerpt":{"rendered":"<p>Tesis doctoral de Silvina Montenegro Esta tesis estudia el entramado pol\u00edtico argentino de la segunda mitad de la d\u00e9cada de [&hellip;]<\/p>\n","protected":false},"author":1,"featured_media":0,"comment_status":"open","ping_status":"open","sticky":false,"template":"","format":"standard","meta":{"site-sidebar-layout":"default","site-content-layout":"","ast-site-content-layout":"","site-content-style":"default","site-sidebar-style":"default","ast-global-header-display":"","ast-banner-title-visibility":"","ast-main-header-display":"","ast-hfb-above-header-display":"","ast-hfb-below-header-display":"","ast-hfb-mobile-header-display":"","site-post-title":"","ast-breadcrumbs-content":"","ast-featured-img":"","footer-sml-layout":"","theme-transparent-header-meta":"","adv-header-id-meta":"","stick-header-meta":"","header-above-stick-meta":"","header-main-stick-meta":"","header-below-stick-meta":"","astra-migrate-meta-layouts":"default","ast-page-background-enabled":"default","ast-page-background-meta":{"desktop":{"background-color":"var(--ast-global-color-4)","background-image":"","background-repeat":"repeat","background-position":"center center","background-size":"auto","background-attachment":"scroll","background-type":"","background-media":"","overlay-type":"","overlay-color":"","overlay-gradient":""},"tablet":{"background-color":"","background-image":"","background-repeat":"repeat","background-position":"center center","background-size":"auto","background-attachment":"scroll","background-type":"","background-media":"","overlay-type":"","overlay-color":"","overlay-gradient":""},"mobile":{"background-color":"","background-image":"","background-repeat":"repeat","background-position":"center center","background-size":"auto","background-attachment":"scroll","background-type":"","background-media":"","overlay-type":"","overlay-color":"","overlay-gradient":""}},"ast-content-background-meta":{"desktop":{"background-color":"var(--ast-global-color-5)","background-image":"","background-repeat":"repeat","background-position":"center center","background-size":"auto","background-attachment":"scroll","background-type":"","background-media":"","overlay-type":"","overlay-color":"","overlay-gradient":""},"tablet":{"background-color":"var(--ast-global-color-5)","background-image":"","background-repeat":"repeat","background-position":"center center","background-size":"auto","background-attachment":"scroll","background-type":"","background-media":"","overlay-type":"","overlay-color":"","overlay-gradient":""},"mobile":{"background-color":"var(--ast-global-color-5)","background-image":"","background-repeat":"repeat","background-position":"center center","background-size":"auto","background-attachment":"scroll","background-type":"","background-media":"","overlay-type":"","overlay-color":"","overlay-gradient":""}},"footnotes":""},"categories":[104,1816,220],"tags":[5977,6903,58375,58376,45036,58374],"class_list":["post-18906","post","type-post","status-publish","format-standard","hentry","category-historia","category-historia-contemporanea","category-historia-por-epocas","tag-angel-bahamonde-magro","tag-concepcion-navarro-azcue","tag-eduardo-gonzalez-calleja","tag-gonzales-oleaga-marisa-n","tag-monica-quijada-maurino","tag-silvina-montenegro"],"_links":{"self":[{"href":"https:\/\/www.deberes.net\/tesis\/wp-json\/wp\/v2\/posts\/18906","targetHints":{"allow":["GET"]}}],"collection":[{"href":"https:\/\/www.deberes.net\/tesis\/wp-json\/wp\/v2\/posts"}],"about":[{"href":"https:\/\/www.deberes.net\/tesis\/wp-json\/wp\/v2\/types\/post"}],"author":[{"embeddable":true,"href":"https:\/\/www.deberes.net\/tesis\/wp-json\/wp\/v2\/users\/1"}],"replies":[{"embeddable":true,"href":"https:\/\/www.deberes.net\/tesis\/wp-json\/wp\/v2\/comments?post=18906"}],"version-history":[{"count":0,"href":"https:\/\/www.deberes.net\/tesis\/wp-json\/wp\/v2\/posts\/18906\/revisions"}],"wp:attachment":[{"href":"https:\/\/www.deberes.net\/tesis\/wp-json\/wp\/v2\/media?parent=18906"}],"wp:term":[{"taxonomy":"category","embeddable":true,"href":"https:\/\/www.deberes.net\/tesis\/wp-json\/wp\/v2\/categories?post=18906"},{"taxonomy":"post_tag","embeddable":true,"href":"https:\/\/www.deberes.net\/tesis\/wp-json\/wp\/v2\/tags?post=18906"}],"curies":[{"name":"wp","href":"https:\/\/api.w.org\/{rel}","templated":true}]}}