{"id":18931,"date":"2018-03-09T09:07:42","date_gmt":"2018-03-09T09:07:42","guid":{"rendered":"https:\/\/www.deberes.net\/tesis\/sin-categoria\/evaluacion-de-la-intervencion-en-sujetos-con-dano-cerebral-mediante-el-programa-cyt-l\/"},"modified":"2018-03-09T09:07:42","modified_gmt":"2018-03-09T09:07:42","slug":"evaluacion-de-la-intervencion-en-sujetos-con-dano-cerebral-mediante-el-programa-cyt-l","status":"publish","type":"post","link":"https:\/\/www.deberes.net\/tesis\/psicologia\/evaluacion-de-la-intervencion-en-sujetos-con-dano-cerebral-mediante-el-programa-cyt-l\/","title":{"rendered":"Evaluaci\u00f3n de la intervenci\u00f3n en sujetos con da\u00f1o cerebral mediante el programa cyt-l"},"content":{"rendered":"<h2>Tesis doctoral de <strong> Francisco Javier Moreno P\u00e9rez <\/strong><\/h2>\n<p>En las \u00faltimas d\u00e9cadas se ha producido la introducci\u00f3n progresiva de recursos inform\u00e1ticos en los contextos de actuaci\u00f3n psicol\u00f3gica y quiz\u00e1s sea el \u00e1mbito de la rehabilitaci\u00f3n cognitiva uno de los contextos donde esta progresi\u00f3n se haya dado de una forma m\u00e1s intensa. El desarrollo continuo de los sistemas inform\u00e1ticos, la acumulaci\u00f3n de resultados positivos de los programas de intervenci\u00f3n cognitiva y una mayor demanda social de asistencia para las personas con discapacidad son algunos de los factores que han despertado el inter\u00e9s de numerosos profesionales de distintas especialidades por este campo. En este sentido la tesis pretende ser una aproximaci\u00f3n al conocimiento del software de rehabilitaci\u00f3n cognitiva mediante la discusi\u00f3n de algunos conceptos te\u00f3ricos esenciales y el an\u00e1lisis de una serie de instrumentos concretos que consideramos representativos de las tendencias actuales en este \u00e1mbito de intervenci\u00f3n. Adem\u00e1s, supone el dise\u00f1o y evaluaci\u00f3n de una versi\u00f3n informatizada del programa \u00abcomprender y transformar\u00bb especialmente indicada para sujetos con afectaci\u00f3n cognitiva de etiolog\u00eda org\u00e1nica y denominada cyt-l. La evaluaci\u00f3n del nuevo instrumento de intervenci\u00f3n se ha llevado a cabo mediante un dise\u00f1o experimental pretest-postest con grupo control y medida de seguimiento, empleando una muestra de sujetos con da\u00f1o cerebral. Los resultados obtenidos han puesto de manifiesto que la muestra experimental ha mejorado significativamente en postest de forma global, respecto del pretest, en cada una de las dimensiones evaluadas y que esta mejora contrasta claramente con la evoluci\u00f3n observada en el grupo control, en el sentido de que es mucho m\u00e1s sensible la primera que la segunda. Por otro lado, los resultados tambi\u00e9n indican que se da un mantenimiento de los efectos del programa tras seis meses de demora. Tambi\u00e9n se discuten los resultados de otros an\u00e1lisis complementarios y sus implicaciones para el<\/p>\n<p>&nbsp;<\/p>\n<h3>Datos acad\u00e9micos de la tesis doctoral \u00ab<strong>Evaluaci\u00f3n de la intervenci\u00f3n en sujetos con da\u00f1o cerebral mediante el programa cyt-l<\/strong>\u00ab<\/h3>\n<ul>\n<li><strong>T\u00edtulo de la tesis:<\/strong>\u00a0 Evaluaci\u00f3n de la intervenci\u00f3n en sujetos con da\u00f1o cerebral mediante el programa cyt-l <\/li>\n<li><strong>Autor:<\/strong>\u00a0 Francisco Javier Moreno P\u00e9rez <\/li>\n<li><strong>Universidad:<\/strong>\u00a0 Sevilla<\/li>\n<li><strong>Fecha de lectura de la tesis:<\/strong>\u00a0 13\/09\/2002<\/li>\n<\/ul>\n<p>&nbsp;<\/p>\n<h3>Direcci\u00f3n y tribunal<\/h3>\n<ul>\n<li><strong>Director de la tesis<\/strong>\n<ul>\n<li>Joaquin Mora Roche<\/li>\n<\/ul>\n<\/li>\n<li><strong>Tribunal<\/strong>\n<ul>\n<li>Presidente del tribunal: Jes\u00fas Palacios gonz\u00e1lez <\/li>\n<li>Manuel Dea\u00f1o dea\u00f1o (vocal)<\/li>\n<li>  (vocal)<\/li>\n<li>  (vocal)<\/li>\n<\/ul>\n<\/li>\n<\/ul>\n<p>&nbsp;<\/p>\n","protected":false},"excerpt":{"rendered":"<p>Tesis doctoral de Francisco Javier Moreno P\u00e9rez En las \u00faltimas d\u00e9cadas se ha producido la introducci\u00f3n progresiva de recursos inform\u00e1ticos [&hellip;]<\/p>\n","protected":false},"author":1,"featured_media":0,"comment_status":"open","ping_status":"open","sticky":false,"template":"","format":"standard","meta":{"site-sidebar-layout":"default","site-content-layout":"","ast-site-content-layout":"","site-content-style":"default","site-sidebar-style":"default","ast-global-header-display":"","ast-banner-title-visibility":"","ast-main-header-display":"","ast-hfb-above-header-display":"","ast-hfb-below-header-display":"","ast-hfb-mobile-header-display":"","site-post-title":"","ast-breadcrumbs-content":"","ast-featured-img":"","footer-sml-layout":"","theme-transparent-header-meta":"","adv-header-id-meta":"","stick-header-meta":"","header-above-stick-meta":"","header-main-stick-meta":"","header-below-stick-meta":"","astra-migrate-meta-layouts":"default","ast-page-background-enabled":"default","ast-page-background-meta":{"desktop":{"background-color":"var(--ast-global-color-4)","background-image":"","background-repeat":"repeat","background-position":"center center","background-size":"auto","background-attachment":"scroll","background-type":"","background-media":"","overlay-type":"","overlay-color":"","overlay-gradient":""},"tablet":{"background-color":"","background-image":"","background-repeat":"repeat","background-position":"center center","background-size":"auto","background-attachment":"scroll","background-type":"","background-media":"","overlay-type":"","overlay-color":"","overlay-gradient":""},"mobile":{"background-color":"","background-image":"","background-repeat":"repeat","background-position":"center center","background-size":"auto","background-attachment":"scroll","background-type":"","background-media":"","overlay-type":"","overlay-color":"","overlay-gradient":""}},"ast-content-background-meta":{"desktop":{"background-color":"var(--ast-global-color-5)","background-image":"","background-repeat":"repeat","background-position":"center center","background-size":"auto","background-attachment":"scroll","background-type":"","background-media":"","overlay-type":"","overlay-color":"","overlay-gradient":""},"tablet":{"background-color":"var(--ast-global-color-5)","background-image":"","background-repeat":"repeat","background-position":"center center","background-size":"auto","background-attachment":"scroll","background-type":"","background-media":"","overlay-type":"","overlay-color":"","overlay-gradient":""},"mobile":{"background-color":"var(--ast-global-color-5)","background-image":"","background-repeat":"repeat","background-position":"center center","background-size":"auto","background-attachment":"scroll","background-type":"","background-media":"","overlay-type":"","overlay-color":"","overlay-gradient":""}},"footnotes":""},"categories":[15568,3289,1175,7302,324,961,970,5174,10715,4128],"tags":[58439,11065,51708,2763],"class_list":["post-18931","post","type-post","status-publish","format-standard","hentry","category-deficiencia-mental","category-deficiencia-mental-del-nino-y-del-adolescente","category-evaluacion-y-diagnostico-en-psicologia","category-procesos-cognitivos","category-psicologia","category-psicologia-de-la-anormalidad","category-psicologia-del-nino-y-del-adolescente","category-psicopedagogia","category-sevilla","category-validacion-del-test","tag-francisco-javier-moreno-perez","tag-jesus-palacios-gonzalez","tag-joaquin-mora-roche","tag-manuel-deano-deano"],"_links":{"self":[{"href":"https:\/\/www.deberes.net\/tesis\/wp-json\/wp\/v2\/posts\/18931","targetHints":{"allow":["GET"]}}],"collection":[{"href":"https:\/\/www.deberes.net\/tesis\/wp-json\/wp\/v2\/posts"}],"about":[{"href":"https:\/\/www.deberes.net\/tesis\/wp-json\/wp\/v2\/types\/post"}],"author":[{"embeddable":true,"href":"https:\/\/www.deberes.net\/tesis\/wp-json\/wp\/v2\/users\/1"}],"replies":[{"embeddable":true,"href":"https:\/\/www.deberes.net\/tesis\/wp-json\/wp\/v2\/comments?post=18931"}],"version-history":[{"count":0,"href":"https:\/\/www.deberes.net\/tesis\/wp-json\/wp\/v2\/posts\/18931\/revisions"}],"wp:attachment":[{"href":"https:\/\/www.deberes.net\/tesis\/wp-json\/wp\/v2\/media?parent=18931"}],"wp:term":[{"taxonomy":"category","embeddable":true,"href":"https:\/\/www.deberes.net\/tesis\/wp-json\/wp\/v2\/categories?post=18931"},{"taxonomy":"post_tag","embeddable":true,"href":"https:\/\/www.deberes.net\/tesis\/wp-json\/wp\/v2\/tags?post=18931"}],"curies":[{"name":"wp","href":"https:\/\/api.w.org\/{rel}","templated":true}]}}