{"id":18938,"date":"2018-03-09T09:07:43","date_gmt":"2018-03-09T09:07:43","guid":{"rendered":"https:\/\/www.deberes.net\/tesis\/sin-categoria\/comportamiento-grafico-durante-el-paleola%c2%adtico-superior-en-el-alto-ason-analisis-de-los-dispositivos-iconograficos-rupestres\/"},"modified":"2018-03-09T09:07:43","modified_gmt":"2018-03-09T09:07:43","slug":"comportamiento-grafico-durante-el-paleola%c2%adtico-superior-en-el-alto-ason-analisis-de-los-dispositivos-iconograficos-rupestres","status":"publish","type":"post","link":"https:\/\/www.deberes.net\/tesis\/historia\/comportamiento-grafico-durante-el-paleola%c2%adtico-superior-en-el-alto-ason-analisis-de-los-dispositivos-iconograficos-rupestres\/","title":{"rendered":"Comportamiento gr\u00e1fico durante el paleol\u00edtico superior en el alto as\u00f3n: an\u00e1lisis de los dispositivos iconogr\u00e1ficos rupestres"},"content":{"rendered":"<h2>Tesis doctoral de <strong> Marcos Garc\u00eda Diez <\/strong><\/h2>\n<p>El objetivo que gu\u00eda el trabajo es un acercamiento a la diversidad gr\u00e1fica de los conjuntos rupestres de las sociedades del paleol\u00edtico superior en el frente cant\u00e1brico. Se opt\u00f3 por abordar el problema desde una \u00f3ptica de aplicaci\u00f3n centrada en una zona geogr\u00e1fica muy concreta, el alto as\u00f3n, concretamente se trabaj\u00f3 en los conjuntos rupestres de los valles de el calera y el carranza, que son un total de once estaciones, a las que deben sumarse dos estaciones que han sido caracterizadas como probables falsificaciones de \u00e9poca contempor\u00e1nea.  el trabajo se ha articulado en cuatro partes: tras unas breves referencias a acontecimientos de car\u00e1cter administrativo-burocr\u00e1tico que han envolvido la realizaci\u00f3n del estudio, se inicia la primera parte, dedicada a cuestiones de \u00edndole metodol\u00f3gica y te\u00f3rica. Una segunda parte se centra en la presentaci\u00f3n de los datos arqueol\u00f3gicos utilizados. La tercera parte, centrada en el estudio de conjunto de las graf\u00edas paleol\u00edticas del alto as\u00f3n, se ha articulado en cinco grandes apartados:  a,- se ha considerado pertinente discutir sobre la cronolog\u00eda prehist\u00f3rica de los dispositivos iconogr\u00e1ficos.  b,- se trata sobre la posici\u00f3n cronol\u00f3gica que deben ocupar las manifestaciones paleol\u00edticas.  c,- partiendo del concepto de cadena operativa, se estudian cada una de las variables retenidas de manera conjunta.  d,- se realiza una valoraci\u00f3n de los datos enfocada a la comprensi\u00f3n de la variabilidad gr\u00e1fica en el alto as\u00f3n.  e,- se procede a la integraci\u00f3n de los datos obtenidos en el contexto cant\u00e1brico desde una vertiente de conocimiento geogr\u00e1fico-social, reflexionando sobre dos cuestiones: el significado concreto de los conjuntos grabados y pinturas y la relaci\u00f3n entre comportamiento gr\u00e1fico y las relaciones geogr\u00e1fico-sociales (territorios gr\u00e1ficos) desde una visi\u00f3n diacr\u00f3nica. una \u00faltima parte se dedica a las conclusiones. Cierra el texto la presentaci\u00f3n de<\/p>\n<p>&nbsp;<\/p>\n<h3>Datos acad\u00e9micos de la tesis doctoral \u00ab<strong>Comportamiento gr\u00e1fico durante el paleol\u00edtico superior en el alto as\u00f3n: an\u00e1lisis de los dispositivos iconogr\u00e1ficos rupestres<\/strong>\u00ab<\/h3>\n<ul>\n<li><strong>T\u00edtulo de la tesis:<\/strong>\u00a0 Comportamiento gr\u00e1fico durante el paleol\u00edtico superior en el alto as\u00f3n: an\u00e1lisis de los dispositivos iconogr\u00e1ficos rupestres <\/li>\n<li><strong>Autor:<\/strong>\u00a0 Marcos Garc\u00eda Diez <\/li>\n<li><strong>Universidad:<\/strong>\u00a0 Pa\u00eds vasco\/euskal herriko unibertsitatea<\/li>\n<li><strong>Fecha de lectura de la tesis:<\/strong>\u00a0 13\/09\/2002<\/li>\n<\/ul>\n<p>&nbsp;<\/p>\n<h3>Direcci\u00f3n y tribunal<\/h3>\n<ul>\n<li><strong>Director de la tesis<\/strong>\n<ul>\n<li>Ignacio Barandiaran Maestu<\/li>\n<\/ul>\n<\/li>\n<li><strong>Tribunal<\/strong>\n<ul>\n<li>Presidente del tribunal:  Fortea p\u00e9rez Francisco javier <\/li>\n<li>c\u00e9sar Gonz\u00e1lez sainz (vocal)<\/li>\n<li>valentin Villaverde bonilla (vocal)<\/li>\n<li>joaqu\u00edn Gonz\u00e1lez echegaray (vocal)<\/li>\n<\/ul>\n<\/li>\n<\/ul>\n<p>&nbsp;<\/p>\n","protected":false},"excerpt":{"rendered":"<p>Tesis doctoral de Marcos Garc\u00eda Diez El objetivo que gu\u00eda el trabajo es un acercamiento a la diversidad gr\u00e1fica de [&hellip;]<\/p>\n","protected":false},"author":1,"featured_media":0,"comment_status":"open","ping_status":"open","sticky":false,"template":"","format":"standard","meta":{"site-sidebar-layout":"default","site-content-layout":"","ast-site-content-layout":"","site-content-style":"default","site-sidebar-style":"default","ast-global-header-display":"","ast-banner-title-visibility":"","ast-main-header-display":"","ast-hfb-above-header-display":"","ast-hfb-below-header-display":"","ast-hfb-mobile-header-display":"","site-post-title":"","ast-breadcrumbs-content":"","ast-featured-img":"","footer-sml-layout":"","theme-transparent-header-meta":"","adv-header-id-meta":"","stick-header-meta":"","header-above-stick-meta":"","header-main-stick-meta":"","header-below-stick-meta":"","astra-migrate-meta-layouts":"default","ast-page-background-enabled":"default","ast-page-background-meta":{"desktop":{"background-color":"var(--ast-global-color-4)","background-image":"","background-repeat":"repeat","background-position":"center center","background-size":"auto","background-attachment":"scroll","background-type":"","background-media":"","overlay-type":"","overlay-color":"","overlay-gradient":""},"tablet":{"background-color":"","background-image":"","background-repeat":"repeat","background-position":"center center","background-size":"auto","background-attachment":"scroll","background-type":"","background-media":"","overlay-type":"","overlay-color":"","overlay-gradient":""},"mobile":{"background-color":"","background-image":"","background-repeat":"repeat","background-position":"center center","background-size":"auto","background-attachment":"scroll","background-type":"","background-media":"","overlay-type":"","overlay-color":"","overlay-gradient":""}},"ast-content-background-meta":{"desktop":{"background-color":"var(--ast-global-color-5)","background-image":"","background-repeat":"repeat","background-position":"center center","background-size":"auto","background-attachment":"scroll","background-type":"","background-media":"","overlay-type":"","overlay-color":"","overlay-gradient":""},"tablet":{"background-color":"var(--ast-global-color-5)","background-image":"","background-repeat":"repeat","background-position":"center center","background-size":"auto","background-attachment":"scroll","background-type":"","background-media":"","overlay-type":"","overlay-color":"","overlay-gradient":""},"mobile":{"background-color":"var(--ast-global-color-5)","background-image":"","background-repeat":"repeat","background-position":"center center","background-size":"auto","background-attachment":"scroll","background-type":"","background-media":"","overlay-type":"","overlay-color":"","overlay-gradient":""}},"footnotes":""},"categories":[1623,1624,104,220,2073,12909,2635],"tags":[28070,55332,25634,28069,58454,19457],"class_list":["post-18938","post","type-post","status-publish","format-standard","hentry","category-arqueologia","category-ciencias-auxiliares-de-la-historia","category-historia","category-historia-por-epocas","category-iconografia","category-pais-vasco-euskal-herriko-unibertsitatea","category-prehistoria","tag-cesar-gonzalez-sainz","tag-fortea-perez-francisco-javier","tag-ignacio-barandiaran-maestu","tag-joaquin-gonzalez-echegaray","tag-marcos-garcia-diez","tag-valentin-villaverde-bonilla"],"_links":{"self":[{"href":"https:\/\/www.deberes.net\/tesis\/wp-json\/wp\/v2\/posts\/18938","targetHints":{"allow":["GET"]}}],"collection":[{"href":"https:\/\/www.deberes.net\/tesis\/wp-json\/wp\/v2\/posts"}],"about":[{"href":"https:\/\/www.deberes.net\/tesis\/wp-json\/wp\/v2\/types\/post"}],"author":[{"embeddable":true,"href":"https:\/\/www.deberes.net\/tesis\/wp-json\/wp\/v2\/users\/1"}],"replies":[{"embeddable":true,"href":"https:\/\/www.deberes.net\/tesis\/wp-json\/wp\/v2\/comments?post=18938"}],"version-history":[{"count":0,"href":"https:\/\/www.deberes.net\/tesis\/wp-json\/wp\/v2\/posts\/18938\/revisions"}],"wp:attachment":[{"href":"https:\/\/www.deberes.net\/tesis\/wp-json\/wp\/v2\/media?parent=18938"}],"wp:term":[{"taxonomy":"category","embeddable":true,"href":"https:\/\/www.deberes.net\/tesis\/wp-json\/wp\/v2\/categories?post=18938"},{"taxonomy":"post_tag","embeddable":true,"href":"https:\/\/www.deberes.net\/tesis\/wp-json\/wp\/v2\/tags?post=18938"}],"curies":[{"name":"wp","href":"https:\/\/api.w.org\/{rel}","templated":true}]}}