{"id":18942,"date":"2018-03-09T09:07:43","date_gmt":"2018-03-09T09:07:43","guid":{"rendered":"https:\/\/www.deberes.net\/tesis\/sin-categoria\/caracterizacion-funcional-y-estructural-de-la-protea%c2%adna-p16-7-del-bacteriofago-029\/"},"modified":"2018-03-09T09:07:43","modified_gmt":"2018-03-09T09:07:43","slug":"caracterizacion-funcional-y-estructural-de-la-protea%c2%adna-p16-7-del-bacteriofago-029","status":"publish","type":"post","link":"https:\/\/www.deberes.net\/tesis\/quimica\/caracterizacion-funcional-y-estructural-de-la-protea%c2%adna-p16-7-del-bacteriofago-029\/","title":{"rendered":"Caracterizaci\u00f3n funcional y estructural de la prote\u00edna p16.7 del bacteri\u00f3fago 029."},"content":{"rendered":"<h2>Tesis doctoral de <strong> Alejandro Serna Rico <\/strong><\/h2>\n<p>Para la realizaci\u00f3n de esta tesis, se analizo la orf16.7 del bacteri\u00f3fago 029 con los siguientes objetivos:  determinar si la orf16.7 constituye un gen y analizar la s\u00edntesis de la prote\u00edna p16.7 durante el ciclo viral.  determinar el sitio de la c\u00e9lula infectada en la que se localiza la prote\u00edna p16.7 y determinar la regi\u00f3n de la prote\u00edna p16.7 responsable de esta localizaci\u00f3n.  el an\u00e1lisis de la conformaci\u00f3n global de la prote\u00edna p16.7 de 029 en soluci\u00f3n. Determinar su grado de oligomerizaci\u00f3n y las regiones de la prote\u00edna responsables del estado de asociaci\u00f3n de la misma.  estudio de la funci\u00f3n de la prote\u00edna p16.7 en la replicaci\u00f3n in vivo e in vitro as\u00ed como las interacciones de la prote\u00edna p16.7 con los componentes presentes durante el ciclo infectivo del bacteri\u00f3fago 029.  determinar las regiones de la prote\u00edna p16.7 responsables de las distintas funciones de la misma.  con el trabajo realizado y que se muestra en la tesis se demostr\u00f3 que:  la orf16.7 codofica una prote\u00edna de 130 amino\u00e1cidos denominada p16.7. dicha prote\u00edna se expresa en cantidades altas a tiempos tempranos de la infecci\u00f3n y permanece estable durante todo el ciclo infectivo de 029.  la p16.7 es una prote\u00edna integral de membrana. Los 20 amino\u00e1cidos del extremo n-terminal son los responsables de la localizaci\u00f3n de la prote\u00edna en la membrana celular.  la eficiencia de la replicaci\u00f3n del dna de 029 in vivo est\u00e1 afectada en ausencia de la prote\u00edna p16.7, especialmente a tiempos tempranos del a infecci\u00f3n.  la prote\u00edna p16.7\u00aa interacciona con la prote\u00edna terminal (tp) in vitro. dicha interacci\u00f3n no se produce cuando la tp est\u00e1 formando un heterod\u00edmero con la dna polimerasa.  la prote\u00edna p16.7\u00aa tiene afinidad por dna, siendo la afinidad por ssdna unas veinte veces mayor que poe dsdna.  la prote\u00edna p16.7\u00aa se une a la banda simple desplazada de los intermedios replicativos generados durante la replicaci\u00f3n del dna<\/p>\n<p>&nbsp;<\/p>\n<h3>Datos acad\u00e9micos de la tesis doctoral \u00ab<strong>Caracterizaci\u00f3n funcional y estructural de la prote\u00edna p16.7 del bacteri\u00f3fago 029.<\/strong>\u00ab<\/h3>\n<ul>\n<li><strong>T\u00edtulo de la tesis:<\/strong>\u00a0 Caracterizaci\u00f3n funcional y estructural de la prote\u00edna p16.7 del bacteri\u00f3fago 029. <\/li>\n<li><strong>Autor:<\/strong>\u00a0 Alejandro Serna Rico <\/li>\n<li><strong>Universidad:<\/strong>\u00a0 Aut\u00f3noma de Madrid<\/li>\n<li><strong>Fecha de lectura de la tesis:<\/strong>\u00a0 13\/09\/2002<\/li>\n<\/ul>\n<p>&nbsp;<\/p>\n<h3>Direcci\u00f3n y tribunal<\/h3>\n<ul>\n<li><strong>Director de la tesis<\/strong>\n<ul>\n<li> Meijer Wilhelmus Johannes Jozef<\/li>\n<\/ul>\n<\/li>\n<li><strong>Tribunal<\/strong>\n<ul>\n<li>Presidente del tribunal: Juan Ortin monton <\/li>\n<li>Jos\u00e9 Berenguer Carlos (vocal)<\/li>\n<li>crisanto Gutierrez armenta (vocal)<\/li>\n<li>gloria Del solar  dongil (vocal)<\/li>\n<\/ul>\n<\/li>\n<\/ul>\n<p>&nbsp;<\/p>\n","protected":false},"excerpt":{"rendered":"<p>Tesis doctoral de Alejandro Serna Rico Para la realizaci\u00f3n de esta tesis, se analizo la orf16.7 del bacteri\u00f3fago 029 con [&hellip;]<\/p>\n","protected":false},"author":1,"featured_media":0,"comment_status":"open","ping_status":"open","sticky":false,"template":"","format":"standard","meta":{"site-sidebar-layout":"default","site-content-layout":"","ast-site-content-layout":"","site-content-style":"default","site-sidebar-style":"default","ast-global-header-display":"","ast-banner-title-visibility":"","ast-main-header-display":"","ast-hfb-above-header-display":"","ast-hfb-below-header-display":"","ast-hfb-mobile-header-display":"","site-post-title":"","ast-breadcrumbs-content":"","ast-featured-img":"","footer-sml-layout":"","theme-transparent-header-meta":"","adv-header-id-meta":"","stick-header-meta":"","header-above-stick-meta":"","header-main-stick-meta":"","header-below-stick-meta":"","astra-migrate-meta-layouts":"default","ast-page-background-enabled":"default","ast-page-background-meta":{"desktop":{"background-color":"var(--ast-global-color-4)","background-image":"","background-repeat":"repeat","background-position":"center center","background-size":"auto","background-attachment":"scroll","background-type":"","background-media":"","overlay-type":"","overlay-color":"","overlay-gradient":""},"tablet":{"background-color":"","background-image":"","background-repeat":"repeat","background-position":"center center","background-size":"auto","background-attachment":"scroll","background-type":"","background-media":"","overlay-type":"","overlay-color":"","overlay-gradient":""},"mobile":{"background-color":"","background-image":"","background-repeat":"repeat","background-position":"center center","background-size":"auto","background-attachment":"scroll","background-type":"","background-media":"","overlay-type":"","overlay-color":"","overlay-gradient":""}},"ast-content-background-meta":{"desktop":{"background-color":"var(--ast-global-color-5)","background-image":"","background-repeat":"repeat","background-position":"center center","background-size":"auto","background-attachment":"scroll","background-type":"","background-media":"","overlay-type":"","overlay-color":"","overlay-gradient":""},"tablet":{"background-color":"var(--ast-global-color-5)","background-image":"","background-repeat":"repeat","background-position":"center center","background-size":"auto","background-attachment":"scroll","background-type":"","background-media":"","overlay-type":"","overlay-color":"","overlay-gradient":""},"mobile":{"background-color":"var(--ast-global-color-5)","background-image":"","background-repeat":"repeat","background-position":"center center","background-size":"auto","background-attachment":"scroll","background-type":"","background-media":"","overlay-type":"","overlay-color":"","overlay-gradient":""}},"footnotes":""},"categories":[9239,279,36483,36606,160,35,278,3178,17,280],"tags":[58465,45238,58467,6063,14725,58466],"class_list":["post-18942","post","type-post","status-publish","format-standard","hentry","category-bacteriofagia","category-bacteriofagos","category-biologia-molecular","category-biologia-molecular-de-microorganismos","category-bioquimica","category-ciencias-de-la-vida","category-microbiologia","category-proteinas","category-quimica","category-virologia","tag-alejandro-serna-rico","tag-crisanto-gutierrez-armenta","tag-gloria-del-solar-dongil","tag-jose-berenguer-carlos","tag-juan-ortin-monton","tag-meijer-wilhelmus-johannes-jozef"],"_links":{"self":[{"href":"https:\/\/www.deberes.net\/tesis\/wp-json\/wp\/v2\/posts\/18942","targetHints":{"allow":["GET"]}}],"collection":[{"href":"https:\/\/www.deberes.net\/tesis\/wp-json\/wp\/v2\/posts"}],"about":[{"href":"https:\/\/www.deberes.net\/tesis\/wp-json\/wp\/v2\/types\/post"}],"author":[{"embeddable":true,"href":"https:\/\/www.deberes.net\/tesis\/wp-json\/wp\/v2\/users\/1"}],"replies":[{"embeddable":true,"href":"https:\/\/www.deberes.net\/tesis\/wp-json\/wp\/v2\/comments?post=18942"}],"version-history":[{"count":0,"href":"https:\/\/www.deberes.net\/tesis\/wp-json\/wp\/v2\/posts\/18942\/revisions"}],"wp:attachment":[{"href":"https:\/\/www.deberes.net\/tesis\/wp-json\/wp\/v2\/media?parent=18942"}],"wp:term":[{"taxonomy":"category","embeddable":true,"href":"https:\/\/www.deberes.net\/tesis\/wp-json\/wp\/v2\/categories?post=18942"},{"taxonomy":"post_tag","embeddable":true,"href":"https:\/\/www.deberes.net\/tesis\/wp-json\/wp\/v2\/tags?post=18942"}],"curies":[{"name":"wp","href":"https:\/\/api.w.org\/{rel}","templated":true}]}}