{"id":18960,"date":"2018-03-09T09:07:45","date_gmt":"2018-03-09T09:07:45","guid":{"rendered":"https:\/\/www.deberes.net\/tesis\/sin-categoria\/comprension-lectora-y-contexto-social\/"},"modified":"2018-03-09T09:07:45","modified_gmt":"2018-03-09T09:07:45","slug":"comprension-lectora-y-contexto-social","status":"publish","type":"post","link":"https:\/\/www.deberes.net\/tesis\/linguistica\/comprension-lectora-y-contexto-social\/","title":{"rendered":"Comprensi\u00f3n lectora y contexto social"},"content":{"rendered":"<h2>Tesis doctoral de <strong> Josefina Bravo Urrea <\/strong><\/h2>\n<p>Este trabajo de investigaci\u00f3n se inicia con un enfoque paradigm\u00e1tico de la lectura y la comprensi\u00f3n lectora. Comprende una revisi\u00f3n bibliogr\u00e1fica focalizada en diversos conceptos que posibilitan conocer el estado de la cuesti\u00f3n y los distintos enfoques sobre el tema. Se detectan las diversas situaciones referidas a la lectura presentes en chile y en hispanoam\u00e9rica.  existe una valoraci\u00f3n social de la comprensi\u00f3n lectora que muestra el rendimiento escolar, la reforma educacional, su impacto social y las investigaciones realizadas en el \u00e1rea del lenguaje y la comprensi\u00f3n lectora.  el problema objeto de estudios es la comprensi\u00f3n lectora en sectores de ingresos altos, medios y bajos, en las \u00e1reas metropolitana, urbana-regional y rural, estableciendo distinci\u00f3n por g\u00e9nero, desde la perspectiva educacional y social.  el trabajo se ha llevado a cabo con una metodolog\u00eda de car\u00e1cter tanto cualitativa como cuantitativa.  se concluye que los sectores de ingreso medio y bajo no alcanzan un logro suficiente y los de alto ingreso lo sobrepasan levemente. El logro por g\u00e9nero es muy similar entre ni\u00f1os y ni\u00f1as. Por \u00e1reas geogr\u00e1ficas las diferencias son m\u00ednimas entre la metropolitana y la urbana-regional; en el \u00e1rea rural se muestra un diferencia levemente mayor con respecto a las dos anteriores. Por tanto, el nivel de logro general es insuficiente en todas las \u00e1reas geogr\u00e1ficas estudiadas.<\/p>\n<p>&nbsp;<\/p>\n<h3>Datos acad\u00e9micos de la tesis doctoral \u00ab<strong>Comprensi\u00f3n lectora y contexto social<\/strong>\u00ab<\/h3>\n<ul>\n<li><strong>T\u00edtulo de la tesis:<\/strong>\u00a0 Comprensi\u00f3n lectora y contexto social <\/li>\n<li><strong>Autor:<\/strong>\u00a0 Josefina Bravo Urrea <\/li>\n<li><strong>Universidad:<\/strong>\u00a0 Sevilla<\/li>\n<li><strong>Fecha de lectura de la tesis:<\/strong>\u00a0 16\/09\/2002<\/li>\n<\/ul>\n<p>&nbsp;<\/p>\n<h3>Direcci\u00f3n y tribunal<\/h3>\n<ul>\n<li><strong>Director de la tesis<\/strong>\n<ul>\n<li>Gloria Perez Serrano<\/li>\n<\/ul>\n<\/li>\n<li><strong>Tribunal<\/strong>\n<ul>\n<li>Presidente del tribunal:  G\u00f3mez Garc\u00eda Mar\u00eda  nieves <\/li>\n<li>belen mercedes Urosa sanz (vocal)<\/li>\n<li>consuelo Flecha Garc\u00eda (vocal)<\/li>\n<li> Monreal gimeno m. del carmen (vocal)<\/li>\n<\/ul>\n<\/li>\n<\/ul>\n<p>&nbsp;<\/p>\n","protected":false},"excerpt":{"rendered":"<p>Tesis doctoral de Josefina Bravo Urrea Este trabajo de investigaci\u00f3n se inicia con un enfoque paradigm\u00e1tico de la lectura y [&hellip;]<\/p>\n","protected":false},"author":1,"featured_media":0,"comment_status":"open","ping_status":"open","sticky":false,"template":"","format":"standard","meta":{"site-sidebar-layout":"default","site-content-layout":"","ast-site-content-layout":"","site-content-style":"default","site-sidebar-style":"default","ast-global-header-display":"","ast-banner-title-visibility":"","ast-main-header-display":"","ast-hfb-above-header-display":"","ast-hfb-below-header-display":"","ast-hfb-mobile-header-display":"","site-post-title":"","ast-breadcrumbs-content":"","ast-featured-img":"","footer-sml-layout":"","theme-transparent-header-meta":"","adv-header-id-meta":"","stick-header-meta":"","header-above-stick-meta":"","header-main-stick-meta":"","header-below-stick-meta":"","astra-migrate-meta-layouts":"default","ast-page-background-enabled":"default","ast-page-background-meta":{"desktop":{"background-color":"var(--ast-global-color-4)","background-image":"","background-repeat":"repeat","background-position":"center center","background-size":"auto","background-attachment":"scroll","background-type":"","background-media":"","overlay-type":"","overlay-color":"","overlay-gradient":""},"tablet":{"background-color":"","background-image":"","background-repeat":"repeat","background-position":"center center","background-size":"auto","background-attachment":"scroll","background-type":"","background-media":"","overlay-type":"","overlay-color":"","overlay-gradient":""},"mobile":{"background-color":"","background-image":"","background-repeat":"repeat","background-position":"center center","background-size":"auto","background-attachment":"scroll","background-type":"","background-media":"","overlay-type":"","overlay-color":"","overlay-gradient":""}},"ast-content-background-meta":{"desktop":{"background-color":"var(--ast-global-color-5)","background-image":"","background-repeat":"repeat","background-position":"center center","background-size":"auto","background-attachment":"scroll","background-type":"","background-media":"","overlay-type":"","overlay-color":"","overlay-gradient":""},"tablet":{"background-color":"var(--ast-global-color-5)","background-image":"","background-repeat":"repeat","background-position":"center center","background-size":"auto","background-attachment":"scroll","background-type":"","background-media":"","overlay-type":"","overlay-color":"","overlay-gradient":""},"mobile":{"background-color":"var(--ast-global-color-5)","background-image":"","background-repeat":"repeat","background-position":"center center","background-size":"auto","background-attachment":"scroll","background-type":"","background-media":"","overlay-type":"","overlay-color":"","overlay-gradient":""}},"footnotes":""},"categories":[6020,59,62,1141,10715,3676,1341],"tags":[32438,36381,2628,53372,58505,58506],"class_list":["post-18960","post","type-post","status-publish","format-standard","hentry","category-evaluacion-de-alumnos","category-linguistica","category-linguistica-sincronica","category-pedagogia","category-sevilla","category-sociolinguistica","category-teoria-y-metodos-educativos","tag-belen-mercedes-urosa-sanz","tag-consuelo-flecha-garcia","tag-gloria-perez-serrano","tag-gomez-garcia-maria-nieves","tag-josefina-bravo-urrea","tag-monreal-gimeno-m-del-carmen"],"_links":{"self":[{"href":"https:\/\/www.deberes.net\/tesis\/wp-json\/wp\/v2\/posts\/18960","targetHints":{"allow":["GET"]}}],"collection":[{"href":"https:\/\/www.deberes.net\/tesis\/wp-json\/wp\/v2\/posts"}],"about":[{"href":"https:\/\/www.deberes.net\/tesis\/wp-json\/wp\/v2\/types\/post"}],"author":[{"embeddable":true,"href":"https:\/\/www.deberes.net\/tesis\/wp-json\/wp\/v2\/users\/1"}],"replies":[{"embeddable":true,"href":"https:\/\/www.deberes.net\/tesis\/wp-json\/wp\/v2\/comments?post=18960"}],"version-history":[{"count":0,"href":"https:\/\/www.deberes.net\/tesis\/wp-json\/wp\/v2\/posts\/18960\/revisions"}],"wp:attachment":[{"href":"https:\/\/www.deberes.net\/tesis\/wp-json\/wp\/v2\/media?parent=18960"}],"wp:term":[{"taxonomy":"category","embeddable":true,"href":"https:\/\/www.deberes.net\/tesis\/wp-json\/wp\/v2\/categories?post=18960"},{"taxonomy":"post_tag","embeddable":true,"href":"https:\/\/www.deberes.net\/tesis\/wp-json\/wp\/v2\/tags?post=18960"}],"curies":[{"name":"wp","href":"https:\/\/api.w.org\/{rel}","templated":true}]}}